{"id":831,"date":"2014-05-06T16:35:38","date_gmt":"2014-05-06T19:35:38","guid":{"rendered":"http:\/\/webvasco.com\/artigos\/?p=831"},"modified":"2014-05-06T16:37:21","modified_gmt":"2014-05-06T19:37:21","slug":"que-respeito-esse","status":"publish","type":"post","link":"https:\/\/webvasco.com\/artigos\/colunistas\/que-respeito-esse\/","title":{"rendered":"Que respeito &eacute; esse?"},"content":{"rendered":"<div dir=\"ltr\">\n<p style=\"margin:0px 0px 10px;padding:0px;border:0px;outline:0px;font-size:15px;vertical-align:baseline;color:rgb(51,51,51);line-height:21px\">Em primeiro lugar, gostaria de agradecer-lhes pela paci\u00eancia na espera pelo lan\u00e7amento de meu texto semanal. Felizmente entre tantas tarefas cotidianas que agrego em minha vida pessoal e profissional, dificilmente deixo de conseguir um tempo para escrever sobre Vasco, embora tenha estado muito triste e indignado, n\u00e3o s\u00f3 pelo momento hist\u00f3rico no qual vivemos, como tamb\u00e9m pelas declara\u00e7\u00f5es que s\u00e3o dadas e por algumas atitudes que s\u00e3o tomadas pelos que deveriam ser mais respons\u00e1veis pela condu\u00e7\u00e3o de um clube da grandeza da hist\u00f3ria do nosso.<\/p>\n<p><\/p>\n<p style=\"margin:0px 0px 10px;padding:0px;border:0px;outline:0px;font-size:15px;vertical-align:baseline;color:rgb(51,51,51);line-height:21px\">Como tamb\u00e9m fico apreensivo pelo que h\u00e1 de vir dentro de poucos meses. Na verdade, caio cada vez mais na desesperan\u00e7a de que algum fato novo seja criado, e algu\u00e9m que cause uma ruptura nessa polariza\u00e7\u00e3o entre os nomes sempre citados de Roberto e Eurico possa aparecer e dar nova luz at\u00e9 aos vasca\u00ednos que j\u00e1 perderam a f\u00e9 por dias melhores.<\/p>\n<p><\/p>\n<p style=\"margin:0px 0px 10px;padding:0px;border:0px;outline:0px;font-size:15px;vertical-align:baseline;color:rgb(51,51,51);line-height:21px\">Mas o que me chamou aten\u00e7\u00e3o e por isso, tamb\u00e9m, que posterguei a publica\u00e7\u00e3o de meu escrito semanal foi uma declara\u00e7\u00e3o dada, ontem, por nosso atual mandat\u00e1rio. Em entrevista concedida ao site Globoesporte.com\u00a0<a href=\"http:\/\/%28fonte:%20http\/\/www.supervasco.com\/noticias\/dinamite-afirma-ter-resgatado-respeito-do-vasco-e-comenta-sobre-eleicao-203925.html\" style=\"margin:0px;padding:0px;border:0px;outline:0px;vertical-align:baseline;color:rgb(235,16,20);letter-spacing:0px\">(fonte: <\/a><a href=\"http:\/\/www.supervasco.com\/noticias\/dinamite-afirma-ter-resgatado-respeito-do-vasco-e-comenta-sobre-eleicao-203925.html\" >http:\/\/www.supervasco.com\/noticias\/dinamite-afirma-ter-resgatado-respeito-do-vasco-e-comenta-sobre-eleicao-203925.html<\/a>\u00a0), Roberto (Presidente do Vasco) afirmou, dentre outras coisas:<\/p>\n<p><\/p>\n<p style=\"margin:0px 0px 10px;padding:0px;border:0px;outline:0px;font-size:15px;vertical-align:baseline;color:rgb(51,51,51);line-height:21px\"><em style=\"margin:0px;padding:0px;border:none;outline:0px;vertical-align:baseline\"><strong style=\"margin:0px;padding:0px;border:0px;outline:0px;vertical-align:baseline;color:rgb(68,68,68);font-family:Arial,&#39;Times New Roman&#39;,serif\">\u201cTenho defeitos e errei. Mas n\u00e3o me arrependo de nada do que fiz como presidente. Uma das conquistas que tive foi recuperar o respeito da institui\u00e7\u00e3o Vasco da Gama. Hoje o clube vive uma democracia\u201d.<\/strong><\/em><\/p>\n<p><\/p>\n<p style=\"margin:0px 0px 10px;padding:0px;border:0px;outline:0px;font-size:15px;vertical-align:baseline;color:rgb(51,51,51);line-height:21px\">Sinceramente, na hora parei com o texto no qual estava escrevendo, mais focado na partida em que ganhamos, at\u00e9 com certa facilidade, do Atl\u00e9tico-GO no \u00faltimo s\u00e1bado. Que pode n\u00e3o ser ningu\u00e9m em representatividade no futebol brasileiro no todo de sua hist\u00f3ria, mas que \u00e9 o atual campe\u00e3o do estado de Goi\u00e1s, portanto, digno de respeito.\u00a0<\/p>\n<p><\/p>\n<p style=\"margin:0px 0px 10px;padding:0px;border:0px;outline:0px;font-size:15px;vertical-align:baseline;color:rgb(51,51,51);line-height:21px\">Assim como tem que haver aos outros clubes (que pelo Vasco, DEVEM TER MEDO em substitui\u00e7\u00e3o ao \u201csimples\u201d respeito), por mais fracos que sejam, nessa famigerada s\u00e9rie B. Se n\u00e3o houver respeito, entrega e atitude por nossa parte \u2013 dons triviais que n\u00e3o faltaram no (mais uma vez) injusti\u00e7ado esvaziado est\u00e1dio de S\u00e3o Janu\u00e1rio no \u00faltimo s\u00e1bado, trope\u00e7os poder\u00e3o vir, e uma competi\u00e7\u00e3o MUITO F\u00c1CIL do Vasco levar poder\u00e1 se complicar.<\/p>\n<p><\/p>\n<p style=\"margin:0px 0px 10px;padding:0px;border:0px;outline:0px;font-size:15px;vertical-align:baseline;color:rgb(51,51,51);line-height:21px\">Retornando, ent\u00e3o, \u00e0s palavras de nosso Presidente, um tanto arrogantes sob uma an\u00e1lise mais cr\u00edtica. \u00c9 bem verdade que Roberto possa n\u00e3o ter feito a reflex\u00e3o necess\u00e1ria para admitir seus (muitos) erros e do grupo que lhe apoiou durante anos, raz\u00e3o pela qual ele diz, de forma categ\u00f3rica e sem se colocar no sofrimento da imensa torcida vasca\u00edna, que \u201cn\u00e3o se arrepende de nada\u201d. Realizado, ent\u00e3o, uma compara\u00e7\u00e3o paralela, o Brasil vive numa chamada \u201cdemocracia\u201d, desde 1986, mas de que essa tal \u201cdemocracia\u201d vale se temos problemas ser\u00edssimos com seguran\u00e7a, sa\u00fade, educa\u00e7\u00e3o, moradia, corrup\u00e7\u00e3o entre outros males mais que atormenta a milh\u00f5es de brasileiros por esse pa\u00eds afora? Ser\u00e1 que s\u00f3 a recompensa da \u201cdemocracia\u201d era s\u00f3 o que esper\u00e1vamos pelo fim do regime opressor?<\/p>\n<p><\/p>\n<p style=\"margin:0px 0px 10px;padding:0px;border:0px;outline:0px;font-size:15px;vertical-align:baseline;color:rgb(51,51,51);line-height:21px\">Evidente que direitos inalien\u00e1veis como liberdade de express\u00e3o s\u00e3o importantes para qualquer entidade: seja ela um pa\u00eds, um estado, uma cidade, um bairro, em uma reuni\u00e3o dos cond\u00f4minos de onde moramos ou, nesse caso, um clube de futebol. No entanto, alguns recentes exemplos sob a gest\u00e3o do Presidente Roberto s\u00e3o capazes de contradizer, at\u00e9 mesmo, ao que ele chama de \u201cresgate da democracia\u201d.<\/p>\n<p><\/p>\n<p style=\"margin:0px 0px 10px;padding:0px;border:0px;outline:0px;font-size:15px;vertical-align:baseline;color:rgb(51,51,51);line-height:21px\">1\u00ba) Em seus \u00faltimos tr\u00eas anos de mandato, o clube esteve com seu Conselho Deliberativo sob a Presid\u00eancia de Ab\u00edlio Borges, uma pessoa que ficou durante meses e meses sem marcar reuni\u00f5es pontuais em seu presidido conselho, afora as reuni\u00f5es previstas em estatuto do clube. Como consequ\u00eancia, v\u00e1rios assuntos que era para ser debatidos foram sendo acumulados, ou simplesmente, \u201cengavetados\u201d. Como crer em um clube dito voltando a ser democr\u00e1tico com pr\u00e1ticas dessa natureza, em que seus pr\u00f3prios conselheiros eleitos e natos se v\u00eam impedidos de exercer a constru\u00e7\u00e3o de ideias atrav\u00e9s do debate como exerc\u00edcio democr\u00e1tico?<\/p>\n<p><\/p>\n<p style=\"margin:0px 0px 10px;padding:0px;border:0px;outline:0px;font-size:15px;vertical-align:baseline;color:rgb(51,51,51);line-height:21px\">Ali\u00e1s, e sendo muito sincero, o que d\u00f3i no vasca\u00edno, al\u00e9m dos erros cometidos, foram os acertos que deixaram de acontecer por puro e simples fato da falta de debates. S\u00f3 para citar como exemplo dentre outros: duas comiss\u00f5es de reforma do estatuto foram formadas; uma sucumbiu, e a outra apresenta um resultado que tende a ir pelo mesmo caminho. Quantas vezes suas propostas foram abertas para debate \u00e0 exaust\u00e3o em assembleias do referido Conselho, em especial, presidido por Ab\u00edlio Borges? Mesmo n\u00e3o sendo conselheiro, posso lhes dar uma resposta que se aproxima do muito pouco, pra n\u00e3o dizer quase ou simplesmente nenhuma.<\/p>\n<p><\/p>\n<p style=\"margin:0px 0px 10px;padding:0px;border:0px;outline:0px;font-size:15px;vertical-align:baseline;color:rgb(51,51,51);line-height:21px\">2\u00ba) Em 2011 pouco antes das elei\u00e7\u00f5es daquele per\u00edodo, um outdoor exposto por um grupo de vasca\u00ednos em frente ao est\u00e1dio de S\u00e3o Janu\u00e1rio fora retirado, segundo muitos, por ordem da diretoria dita pelo seu pr\u00f3prio Presidente como respons\u00e1vel pela volta da mesma \u201cdemocracia\u201d. Ainda na mat\u00e9ria, Frederico Lopes \u2013 ent\u00e3o, VP de Patrim\u00f4nio e que hoje apoia a candidatura do ex-vereador Roberto Monteiro intitulando-se oposi\u00e7\u00e3o (apesar de Roberto Monteiro ainda ser VP desse mesmo p\u00edfio Conselho Deliberativo), comentou a respeito de uma suposta cl\u00e1usula censurando qualquer manifesta\u00e7\u00e3o advinda de grupos pol\u00edticos aos arredores do clube, o que, segundo a mesma mat\u00e9ria, foi logo desmentido em contato feito com o representante da empresa contratada para exposi\u00e7\u00e3o do outdoor.<\/p>\n<p><\/p>\n<p style=\"margin:0px 0px 10px;padding:0px;border:0px;outline:0px;font-size:15px;vertical-align:baseline;color:rgb(51,51,51);line-height:21px\"><strong style=\"margin:0px;padding:0px;border:0px;outline:0px;vertical-align:baseline;color:rgb(68,68,68);font-family:Arial,&#39;Times New Roman&#39;,serif\">Candidato \u00e0 presid\u00eancia acusa diretoria de censura\u00a0 (fontes:<a href=\"http:\/\/www.espbr.com\/noticias\/candidato-presidencia-acusa-diretoria-censura-indique-para-amigo\" style=\"margin:0px;padding:0px;border:0px;outline:0px;vertical-align:baseline;color:rgb(235,16,20);letter-spacing:0px\"><\/a><a href=\"http:\/\/www.espbr.com\/noticias\/candidato-presidencia-acusa-diretoria-censura-indique-para-amigo\" >http:\/\/www.espbr.com\/noticias\/candidato-presidencia-acusa-diretoria-censura-indique-para-amigo<\/a>\u00a0e\u00a0<a href=\"http:\/\/www.lancenet.com.br\/minuto\/Candidato-presidencia-diretoria-Vasco-censura_0_467353275.html\" style=\"margin:0px;padding:0px;border:0px;outline:0px;vertical-align:baseline;color:rgb(235,16,20);letter-spacing:0px\"><\/a><a href=\"http:\/\/www.lancenet.com.br\/minuto\/Candidato-presidencia-diretoria-Vasco-censura_0_467353275.html\" >http:\/\/www.lancenet.com.br\/minuto\/Candidato-presidencia-diretoria-Vasco-censura_0_467353275.html<\/a>\u00a0)<\/strong><\/p>\n<p><\/p>\n<p style=\"margin:0px 0px 10px;padding:0px;border:0px;outline:0px;font-size:15px;vertical-align:baseline;color:rgb(51,51,51);line-height:21px\">Sob seu discurso do suposto \u201cresgate do respeito\u201d, refleti por alguns momentos. Pensei nos dois rebaixamentos para a segunda divis\u00e3o; na inexpressividade do Vasco junto aos \u00f3rg\u00e3os de Justi\u00e7a e nas federa\u00e7\u00f5es; na assinatura de um TAC muito mal formulado proibindo a S\u00e3o Janu\u00e1rio de realizar cl\u00e1ssicos regionais at\u00e9 2016; na relega\u00e7\u00e3o de nosso mesmo est\u00e1dio \u2013 terceiro maior da capital fluminense \u2013 quando no fechamento do Engenh\u00e3o em abril do ano passado e a humilha\u00e7\u00e3o de S\u00e3o Janu\u00e1rio ser preterido pelo est\u00e1dio da Cidadania, em Volta Redonda, para as finais do campeonato carioca; nos confrontos diretos contra nosso arquirrival que pelos frios n\u00fameros da Matem\u00e1tica apontam em dez derrotas contra somente tr\u00eas vit\u00f3rias em seis anos de Roberto \u00e0 frente do clube; do n\u00e3o cumprimento de pagamentos a jogadores e a credores (dentre eles, Rom\u00e1rio e a Receita Federal, que gerou ao clube bloqueio sobre seus receb\u00edveis de um ano aproximadamente) dentre outros exemplos que poderia citar aqui como de desrespeito ao clube, \u00e0 sua hist\u00f3ria e \u00e0 nossa torcida.<\/p>\n<p><\/p>\n<p style=\"margin:0px 0px 10px;padding:0px;border:0px;outline:0px;font-size:15px;vertical-align:baseline;color:rgb(51,51,51);line-height:21px\">No entanto, citarei quatro exemplos de como o Vasco, durante esse tempo, fora visto por entidades e at\u00e9 mesmo pelos advers\u00e1rios, historicamente, menos expressivos do que nossa marca.<\/p>\n<p><\/p>\n<p style=\"margin:0px 0px 10px;padding:0px;border:0px;outline:0px;font-size:15px;vertical-align:baseline;color:rgb(51,51,51);line-height:21px\"><strong style=\"margin:0px;padding:0px;border:0px;outline:0px;vertical-align:baseline;color:rgb(68,68,68);font-family:Arial,&#39;Times New Roman&#39;,serif\">1\u00ba) \u201cMP divulga fotos e ju\u00edza compara base do Vasco a escravid\u00e3o\u201d (fonte:<a href=\"http:\/\/forum.lolesporte.com\/viewtopic.php?f=6&amp;t=4423\" style=\"margin:0px;padding:0px;border:0px;outline:0px;vertical-align:baseline;color:rgb(235,16,20);letter-spacing:0px\"><\/a><a href=\"http:\/\/forum.lolesporte.com\/viewtopic.php?f=6&amp;t=4423\" >http:\/\/forum.lolesporte.com\/viewtopic.php?f=6&amp;t=4423<\/a>\u00a0).\u00a0<\/strong><\/p>\n<p><\/p>\n<p style=\"margin:0px 0px 10px;padding:0px;border:0px;outline:0px;font-size:15px;vertical-align:baseline;color:rgb(51,51,51);line-height:21px\">Tal reportagem gerada algumas semanas somente depois de um triste fato que mancha a hist\u00f3ria de um clube que sempre prezou pelo cora\u00e7\u00e3o infantil:<\/p>\n<p><\/p>\n<p style=\"margin:0px 0px 10px;padding:0px;border:0px;outline:0px;font-size:15px;vertical-align:baseline;color:rgb(51,51,51);line-height:21px\"><strong style=\"margin:0px;padding:0px;border:0px;outline:0px;vertical-align:baseline;color:rgb(68,68,68);font-family:Arial,&#39;Times New Roman&#39;,serif\">\u201cJogador sub-15 morre durante treino no CT do Vasco em Itagua\u00ed\u201d (fonte:<a href=\"http:\/\/globoesporte.globo.com\/futebol\/times\/vasco\/noticia\/2012\/02\/jogador-sub-15-do-vasco-morre-durante-treino.html\" style=\"margin:0px;padding:0px;border:0px;outline:0px;vertical-align:baseline;color:rgb(235,16,20);letter-spacing:0px\"><\/a><a href=\"http:\/\/globoesporte.globo.com\/futebol\/times\/vasco\/noticia\/2012\/02\/jogador-sub-15-do-vasco-morre-durante-treino.html\" >http:\/\/globoesporte.globo.com\/futebol\/times\/vasco\/noticia\/2012\/02\/jogador-sub-15-do-vasco-morre-durante-treino.html<\/a>).<\/strong><\/p>\n<p><\/p>\n<p style=\"margin:0px 0px 10px;padding:0px;border:0px;outline:0px;font-size:15px;vertical-align:baseline;color:rgb(51,51,51);line-height:21px\"><strong style=\"margin:0px;padding:0px;border:0px;outline:0px;vertical-align:baseline;color:rgb(68,68,68);font-family:Arial,&#39;Times New Roman&#39;,serif\">2\u00ba) \u201cCrici\u00fama, sobre o interesse em Lucca: &#39;Vasco n\u00e3o paga nem conta de luz\u201d (fonte:<\/p>\n<p><a href=\"http:\/\/www.lancenet.com.br\/vasco\/Diretor-Criciuma-interesse-Lucca-Vasco_0_793720763.html\" style=\"margin:0px;padding:0px;border:0px;outline:0px;vertical-align:baseline;color:rgb(235,16,20);letter-spacing:0px\"><\/a><a href=\"http:\/\/www.lancenet.com.br\/vasco\/Diretor-Criciuma-interesse-Lucca-Vasco_0_793720763.html\" >http:\/\/www.lancenet.com.br\/vasco\/Diretor-Criciuma-interesse-Lucca-Vasco_0_793720763.html<\/a>).<\/strong><\/p>\n<p><\/p>\n<p style=\"margin:0px 0px 10px;padding:0px;border:0px;outline:0px;font-size:15px;vertical-align:baseline;color:rgb(51,51,51);line-height:21px\">O fato que gerou essa cita\u00e7\u00e3o por parte do dirigente do clube catarinense foi noticiado na \u00e9poca e gerou discuss\u00e3o tipo \u201cjogo de empurra\u201d sobre de quem seria a responsabilidade por mais essa vergonha: o ent\u00e3o VP de Finan\u00e7as e hoje candidato \u00e0 Presid\u00eancia N\u00e9lson Rocha ou o ent\u00e3o VP Jur\u00eddico Ab\u00edlio Rouxinol.<\/p>\n<p><\/p>\n<p style=\"margin:0px 0px 10px;padding:0px;border:0px;outline:0px;font-size:15px;vertical-align:baseline;color:rgb(51,51,51);line-height:21px\"><strong style=\"margin:0px;padding:0px;border:0px;outline:0px;vertical-align:baseline;color:rgb(68,68,68);font-family:Arial,&#39;Times New Roman&#39;,serif\">\u201cCorte de \u00e1gua no Vasco gera discuss\u00e3o entre dirigentes\u201d (Fonte:<a href=\"http:\/\/www.lancenet.com.br\/vasco\/Corte-Vasco-gera-discussao-dirigentes_0_777522242.html\" style=\"margin:0px;padding:0px;border:0px;outline:0px;vertical-align:baseline;color:rgb(235,16,20);letter-spacing:0px\"><\/a><a href=\"http:\/\/www.lancenet.com.br\/vasco\/Corte-Vasco-gera-discussao-dirigentes_0_777522242.html\" >http:\/\/www.lancenet.com.br\/vasco\/Corte-Vasco-gera-discussao-dirigentes_0_777522242.html<\/a>).<\/strong><\/p>\n<p><\/p>\n<p style=\"margin:0px 0px 10px;padding:0px;border:0px;outline:0px;font-size:15px;vertical-align:baseline;color:rgb(51,51,51);line-height:21px\"><strong style=\"margin:0px;padding:0px;border:0px;outline:0px;vertical-align:baseline;color:rgb(68,68,68);font-family:Arial,&#39;Times New Roman&#39;,serif\">3\u00ba) Conselheiro do Botafogo alfineta o Vasco: &#39;Bom fregu\u00eas&#39; (<a href=\"http:\/\/www.futnet.com.br\/futebol\/noticias\/?276221-conselheiro-do-botafogo-alfineta-o-vasco-bom-fregues\" style=\"margin:0px;padding:0px;border:0px;outline:0px;vertical-align:baseline;color:rgb(235,16,20);letter-spacing:0px\"><\/a><a href=\"http:\/\/www.futnet.com.br\/futebol\/noticias\/?276221-conselheiro-do-botafogo-alfineta-o-vasco-bom-fregues\" >http:\/\/www.futnet.com.br\/futebol\/noticias\/?276221-conselheiro-do-botafogo-alfineta-o-vasco-bom-fregues<\/a>).<\/strong><\/p>\n<p><\/p>\n<p style=\"margin:0px 0px 10px;padding:0px;border:0px;outline:0px;font-size:15px;vertical-align:baseline;color:rgb(51,51,51);line-height:21px\"><strong style=\"margin:0px;padding:0px;border:0px;outline:0px;vertical-align:baseline;color:rgb(68,68,68);font-family:Arial,&#39;Times New Roman&#39;,serif\">4\u00ba) Presidente do Cear\u00e1 reclama do Vasco: &#39;Esse time quebrado acha que aqui tem idiota&#39; (<a href=\"http:\/\/odia.ig.com.br\/portal\/ataque\/vasco\/presidente-do-cear%C3%A1-reclama-do-vasco-esse-time-quebrado-acha-que-aqui-tem-idiota-1.578141\" style=\"margin:0px;padding:0px;border:0px;outline:0px;vertical-align:baseline;color:rgb(235,16,20);letter-spacing:0px\"><\/a><a href=\"http:\/\/odia.ig.com.br\/portal\/ataque\/vasco\/presidente-do-cear%C3%A1-reclama-do-vasco-esse-time-quebrado-acha-que-aqui-tem-idiota-1.578141\" >http:\/\/odia.ig.com.br\/portal\/ataque\/vasco\/presidente-do-cear%C3%A1-reclama-do-vasco-esse-time-quebrado-acha-que-aqui-tem-idiota-1.578141<\/a>).<\/strong><\/p>\n<p><\/p>\n<p style=\"margin:0px 0px 10px;padding:0px;border:0px;outline:0px;font-size:15px;vertical-align:baseline;color:rgb(51,51,51);line-height:21px\">Vou ignorar as declara\u00e7\u00f5es do Sr. Rubens Lopes, pois uma federa\u00e7\u00e3o que trata um de seus maiores filiados da forma como sabemos n\u00e3o merece o m\u00ednimo de credibilidade. Por\u00e9m desse \u00f3rg\u00e3o no qual o vasca\u00edno quer dist\u00e2ncia, relembremos os descalabros das arbitragens e dos males causados \u00e0 institui\u00e7\u00e3o, cuja compila\u00e7\u00e3o dos \u201cerros\u201d encontra-se em meus textos a seguir:<\/p>\n<p><\/p>\n<p style=\"margin:0px 0px 10px;padding:0px;border:0px;outline:0px;font-size:15px;vertical-align:baseline;color:rgb(51,51,51);line-height:21px\"><strong style=\"margin:0px;padding:0px;border:0px;outline:0px;vertical-align:baseline;color:rgb(68,68,68);font-family:Arial,&#39;Times New Roman&#39;,serif\">\u201cRespons\u00e1veis pela VERGONHA do futebol\u201d (fonte:<a href=\"http:\/\/www.supervasco.com\/colunas\/responsaveis-pela-vergonha-do-futebol-2866.html\" style=\"margin:0px;padding:0px;border:0px;outline:0px;vertical-align:baseline;color:rgb(235,16,20);letter-spacing:0px\"><\/a><a href=\"http:\/\/www.supervasco.com\/colunas\/responsaveis-pela-vergonha-do-futebol-2866.html\" >http:\/\/www.supervasco.com\/colunas\/responsaveis-pela-vergonha-do-futebol-2866.html<\/a>\u00a0).<\/strong><\/p>\n<p><\/p>\n<p style=\"margin:0px 0px 10px;padding:0px;border:0px;outline:0px;font-size:15px;vertical-align:baseline;color:rgb(51,51,51);line-height:21px\"><strong style=\"margin:0px;padding:0px;border:0px;outline:0px;vertical-align:baseline;color:rgb(68,68,68);font-family:Arial,&#39;Times New Roman&#39;,serif\">\u201cFaz parte do futebol?\u201d (<a href=\"http:\/\/fonte:%20http\/\/www.supervasco.com\/colunas\/faz-parte-do-futebol-2969.html\" style=\"margin:0px;padding:0px;border:0px;outline:0px;vertical-align:baseline;color:rgb(235,16,20);letter-spacing:0px\">fonte: <\/a><a href=\"http:\/\/www.supervasco.com\/colunas\/faz-parte-do-futebol-2969.html\" >http:\/\/www.supervasco.com\/colunas\/faz-parte-do-futebol-2969.html<\/a>).<\/strong><\/p>\n<p><\/p>\n<p style=\"margin:0px 0px 10px;padding:0px;border:0px;outline:0px;font-size:15px;vertical-align:baseline;color:rgb(51,51,51);line-height:21px\">Por fim e para n\u00e3o estender-me mais (poderia comentar mais, ainda, sobre o abandono dos cuidados b\u00e1sicos com nosso pr\u00f3prio patrim\u00f4nio, por exemplo), em recente mat\u00e9ria publicada na coluna \u201cOlhar cr\u00f4nico esportivo\u201d do portal Globoesporte.com, percebe-se a total discrep\u00e2ncia em rela\u00e7\u00e3o ao que o Vasco recebe de cotas de TV com rela\u00e7\u00e3o a seus rivais diretos, inclusive Atl\u00e9tico-MG, que mesmo tendo uma massa de torcedores apaixonada n\u00e3o se trata de uma torcida de penetra\u00e7\u00e3o nacional, tal como o Vasco \u00e9. Partilha de valores essa baseada em supostas pesquisas n\u00e3o questionadas pela diretoria do Vasco, que fora por sinal, em 2011, uma das que apoiaram a implos\u00e3o do Clube dos Treze e, dali em diante, a essa desigualdade toda que, com o tempo, poder\u00e1 levar o Vasco e outros \u00e0 condi\u00e7\u00e3o secund\u00e1ria, sen\u00e3o terci\u00e1ria em grandeza comparada com outros clubes.<\/p>\n<p><\/p>\n<p style=\"margin:0px 0px 10px;padding:0px;border:0px;outline:0px;font-size:15px;vertical-align:baseline;color:rgb(51,51,51);line-height:21px\"><strong style=\"margin:0px;padding:0px;border:0px;outline:0px;vertical-align:baseline;color:rgb(68,68,68);font-family:Arial,&#39;Times New Roman&#39;,serif\">\u201cDesequil\u00edbrio marca o futebol brasileiro em 2013\u201d (<a href=\"http:\/\/globoesporte.globo.com\/blogs\/especial-blog\/olhar-cronico-esportivo\/post\/desequilibrio-marca-o-futebol-brasileiro-em-2013.html\" style=\"margin:0px;padding:0px;border:0px;outline:0px;vertical-align:baseline;color:rgb(235,16,20);letter-spacing:0px\"><\/a><a href=\"http:\/\/globoesporte.globo.com\/blogs\/especial-blog\/olhar-cronico-esportivo\/post\/desequilibrio-marca-o-futebol-brasileiro-em-2013.html\" >http:\/\/globoesporte.globo.com\/blogs\/especial-blog\/olhar-cronico-esportivo\/post\/desequilibrio-marca-o-futebol-brasileiro-em-2013.html<\/a>).<\/strong><\/p>\n<p><\/p>\n<p style=\"margin:0px 0px 10px;padding:0px;border:0px;outline:0px;font-size:15px;vertical-align:baseline;color:rgb(51,51,51);line-height:21px\"><strong style=\"margin:0px;padding:0px;border:0px;outline:0px;vertical-align:baseline;color:rgb(68,68,68);font-family:Arial,&#39;Times New Roman&#39;,serif\">Fica, ent\u00e3o, a pergunta para nosso Ilmo. Presidente Carlos Roberto Dinamite de Oliveira:<\/strong><\/p>\n<p><\/p>\n<p style=\"margin:0px 0px 10px;padding:0px;border:0px;outline:0px;font-size:15px;vertical-align:baseline;color:rgb(51,51,51);line-height:21px\"><strong style=\"margin:0px;padding:0px;border:0px;outline:0px;vertical-align:baseline;color:rgb(68,68,68);font-family:Arial,&#39;Times New Roman&#39;,serif\">QUE RESPEITO \u00c9 ESSE QUE O SENHOR CONSEGUE ENXERGAR QUE DEVOLVEU AO NOSSO CLUBE, AP\u00d3S SEIS ANOS DE SUA GEST\u00c3O?!<\/strong><\/p>\n<p><\/p>\n<p style=\"margin:0px 0px 10px;padding:0px;border:0px;outline:0px;font-size:15px;vertical-align:baseline;color:rgb(51,51,51);line-height:21px\"><strong style=\"margin:0px;padding:0px;border:0px;outline:0px;vertical-align:baseline;color:rgb(68,68,68);font-family:Arial,&#39;Times New Roman&#39;,serif\">\u201cToques finais\u201d<\/strong><\/p>\n<p><\/p>\n<p style=\"margin:0px 0px 10px;padding:0px;border:0px;outline:0px;font-size:15px;vertical-align:baseline;color:rgb(51,51,51);line-height:21px\">1\u00ba) Sobre Vasco 3 vs 0 Atl\u00e9tico-GO: mesmo n\u00e3o tendo assistido ao jogo, dois acontecimentos s\u00e3o dignos de registro positivo: o primeiro \u00e9 a utiliza\u00e7\u00e3o da \u201cprata da casa\u201d vasca\u00edna, Yago e Marquinhos, em substitui\u00e7\u00e3o a Reginaldo e William Barbio, esses dois totalmente desnecess\u00e1rios no elenco. O segundo \u00e9 a paix\u00e3o de um grupo de torcedores que, mesmo n\u00e3o podendo entrar no est\u00e1dio, torceram em paz de frente ao port\u00e3o principal do clube. Ambos registros s\u00e3o retratos do Vasco que d\u00e1 certo e que poder\u00e1 nos devolver a real grandeza do clube, se bem trabalhados, com o tempo.<\/p>\n<p><\/p>\n<p style=\"margin:0px 0px 10px;padding:0px;border:0px;outline:0px;font-size:15px;vertical-align:baseline;color:rgb(51,51,51);line-height:21px\">2\u00ba) \u00c9 triste somente pensarmos que jogadores como Luan, Thalles, Yago e Marquinhos poder\u00e3o ser negociados para fechar a conta de um clube para pagar aos Nei, Renato Silva, Sandro Silva dentre outros respons\u00e1veis pela trag\u00e9dia de 2013, al\u00e9m dos mais de seiscentos funcion\u00e1rios do clube.<\/p>\n<p><\/p>\n<p style=\"margin:0px 0px 10px;padding:0px;border:0px;outline:0px;font-size:15px;vertical-align:baseline;color:rgb(51,51,51);line-height:21px\">3\u00ba) Vasco possui uma equipe de executivos bem remunerada, e nem assim \u00e9 capaz de publicar um balan\u00e7o em prazo estipulado pela lei. Quem vai pagar por isso?<\/p>\n<p><\/p>\n<p style=\"margin:0px 0px 10px;padding:0px;border:0px;outline:0px;font-size:15px;vertical-align:baseline;color:rgb(51,51,51);line-height:21px\">4\u00ba) \u00c9 bom que se deixe claro que, se todas essas cr\u00edticas e apontamentos s\u00e3o feitos em presente texto, bem como a \u201csombra\u201d da volta do ex-Presidente e as p\u00e1ginas policiais para onde a marca Vasco voltou a constar devido aos supostos \u201cmensaleiros\u201d, \u00e9 por culpa exclusiva da atual diretoria que um dia apoiamos como forma de resgatar o verdadeiro respeito ao clube que nosso Presidente n\u00e3o consegue enxergar em seu mundo de fantasias. Mostraram-se TODOS t\u00e3o incapazes ao ponto de estarmos preocupados com a \u201cheran\u00e7a maldita\u201d e com quem ser\u00e3o os pr\u00f3ximos \u201cherdeiros\u201d da mesma, nos pr\u00f3ximos tr\u00eas anos.<\/p>\n<p><\/p>\n<div><\/div>\n<div><b><font color=\"#000099\"><br \/><\/font><\/b><\/div>\n<p>\n<\/div>\n<p><\/p>\n","protected":false},"excerpt":{"rendered":"<p>Em primeiro lugar, gostaria de agradecer-lhes pela paci\u00eancia na espera pelo lan\u00e7amento de meu texto&#8230;<\/p>\n","protected":false},"author":12,"featured_media":341,"comment_status":"open","ping_status":"closed","sticky":false,"template":"","format":"standard","meta":{"footnotes":""},"categories":[3],"tags":[],"class_list":["post-831","post","type-post","status-publish","format-standard","has-post-thumbnail","hentry","category-colunistas"],"_links":{"self":[{"href":"https:\/\/webvasco.com\/artigos\/wp-json\/wp\/v2\/posts\/831","targetHints":{"allow":["GET"]}}],"collection":[{"href":"https:\/\/webvasco.com\/artigos\/wp-json\/wp\/v2\/posts"}],"about":[{"href":"https:\/\/webvasco.com\/artigos\/wp-json\/wp\/v2\/types\/post"}],"author":[{"embeddable":true,"href":"https:\/\/webvasco.com\/artigos\/wp-json\/wp\/v2\/users\/12"}],"replies":[{"embeddable":true,"href":"https:\/\/webvasco.com\/artigos\/wp-json\/wp\/v2\/comments?post=831"}],"version-history":[{"count":0,"href":"https:\/\/webvasco.com\/artigos\/wp-json\/wp\/v2\/posts\/831\/revisions"}],"wp:featuredmedia":[{"embeddable":true,"href":"https:\/\/webvasco.com\/artigos\/wp-json\/wp\/v2\/media\/341"}],"wp:attachment":[{"href":"https:\/\/webvasco.com\/artigos\/wp-json\/wp\/v2\/media?parent=831"}],"wp:term":[{"taxonomy":"category","embeddable":true,"href":"https:\/\/webvasco.com\/artigos\/wp-json\/wp\/v2\/categories?post=831"},{"taxonomy":"post_tag","embeddable":true,"href":"https:\/\/webvasco.com\/artigos\/wp-json\/wp\/v2\/tags?post=831"}],"curies":[{"name":"wp","href":"https:\/\/api.w.org\/{rel}","templated":true}]}}