{"id":8311,"date":"2017-10-13T08:06:33","date_gmt":"2017-10-13T11:06:33","guid":{"rendered":"http:\/\/webvasco.com\/artigos\/?p=8311"},"modified":"2017-10-13T08:06:54","modified_gmt":"2017-10-13T11:06:54","slug":"3-contra-1","status":"publish","type":"post","link":"https:\/\/webvasco.com\/artigos\/colunistas\/luizcarlosrocha\/3-contra-1\/","title":{"rendered":"3 CONTRA 1!"},"content":{"rendered":"<div id=\"m_-8506129111755812049yui_3_16_0_ym19_1_1507053222951_863881\"><span id=\"m_-8506129111755812049yui_3_16_0_ym19_1_1507053222951_863882\">O Vasco da Gama venceu ontem, na base da garra. Al\u00e9m do Ava\u00ed, advers\u00e1rio natural, tamb\u00e9m lutou em desfavor contra as insanidades da arbitragem, e tamb\u00e9m contra a torcida da Imprensa Marrom. Ou seja, era na pr\u00e1tica uma trinca de oponentes. Mesmo assim, voltou com os tr\u00eas pontos da Ressacada.<u><\/u><u><\/u><\/span><\/div>\n<div id=\"m_-8506129111755812049yui_3_16_0_ym19_1_1507053222951_863884\"><span id=\"m_-8506129111755812049yui_3_16_0_ym19_1_1507053222951_863885\">\u00a0\u00a0\u00a0 Os gols de Wagner (gola\u00e7o no \u00e2ngulo) e Andr\u00e9s Rios (que foi expulso na etapa complementar) garantiram ao Cruzmaltino a nona posi\u00e7\u00e3o na tabela de classifica\u00e7\u00e3o do Campeonato Brasileiro, da S\u00e9rie A, vers\u00e3o 2017, em partida v\u00e1lida pela 27\u00aa Rodada. Bet\u00e3o descontou. Agora com 36 pontos ganhos na competi\u00e7\u00e3o.<u><\/u><u><\/u><\/span><\/div>\n<div id=\"m_-8506129111755812049yui_3_16_0_ym19_1_1507053222951_863887\"><span id=\"m_-8506129111755812049yui_3_16_0_ym19_1_1507053222951_863888\">\u00a0\u00a0\u00a0 Foi mesmo uma demonstra\u00e7\u00e3o de for\u00e7a e vontade. Al\u00e9m de atuar com um homem a menos, o segundo tempo teve a dura\u00e7\u00e3o de 50 minutos, com muita \u201cajuda\u201d para a equipe catarinense. Teve tamb\u00e9m uma certa dupla da emissora\u00a0<i id=\"m_-8506129111755812049yui_3_16_0_ym19_1_1507053222951_863889\">non grata<\/i>\u00a0que torcia descaradamente para o time azul e branco.<u><\/u><u><\/u><\/span><\/div>\n<div id=\"m_-8506129111755812049yui_3_16_0_ym19_1_1507053222951_863891\"><span id=\"m_-8506129111755812049yui_3_16_0_ym19_1_1507053222951_863892\">\u00a0\u00a0\u00a0 Agora \u00e9 aguardar o s\u00e1bado chegar para enfrentar o Botafogo, \u00e0s 19h, no Maracan\u00e3, e ter de provar se o alvinegro \u00e9 tudo isso ou n\u00e3o nesta temporada. A prov\u00e1vel volta do Fabuloso agita as vendas. Tanto que a Imensa Torcida Bem Feliz promete lotar o palco maior do futebol. \u00a0\u00a0<u><\/u><u><\/u><\/span><\/div>\n<div id=\"m_-8506129111755812049yui_3_16_0_ym19_1_1507053222951_863894\"><span id=\"m_-8506129111755812049yui_3_16_0_ym19_1_1507053222951_863895\">\u00a0\u00a0\u00a0\u00a0 \u00a0\u00a0\u00a0\u00a0<u><\/u><u><\/u><\/span><\/div>\n<div id=\"m_-8506129111755812049yui_3_16_0_ym19_1_1507053222951_863897\"><span id=\"m_-8506129111755812049yui_3_16_0_ym19_1_1507053222951_863898\"><u><\/u>\u00a0<u><\/u><\/span><\/div>\n<div id=\"m_-8506129111755812049yui_3_16_0_ym19_1_1507053222951_863900\"><b id=\"m_-8506129111755812049yui_3_16_0_ym19_1_1507053222951_863901\"><u id=\"m_-8506129111755812049yui_3_16_0_ym19_1_1507053222951_863902\"><span id=\"m_-8506129111755812049yui_3_16_0_ym19_1_1507053222951_863903\">VERGONHA (MAIS DE 4 ANOS!):<u><\/u><u><\/u><\/span><\/u><\/b><\/div>\n<div id=\"m_-8506129111755812049yui_3_16_0_ym19_1_1507053222951_863905\"><span id=\"m_-8506129111755812049yui_3_16_0_ym19_1_1507053222951_863906\">DEPOIS DE AGUARDAR\u00a0<b id=\"m_-8506129111755812049yui_3_16_0_ym19_1_1507053222951_863907\">\u00a052 MESES, OU SEJA, 4 ANOS E 4 MESES!\u00a0 (CARRO DESDE 10 DE JUNHO DE 2013)<\/b>\u00a0COM O CARRO PRESO NA OFICINA DA ABOLI\u00c7\u00c3O VE\u00cdCULOS COM APENAS 729 KM RODADOS, EM UM PROCESSO COM 8 VOLUMES, NA 1\u00aa VARA CIVEL, DA COMARCA DE NITER\u00d3I\/RJ, REGIONAL OCE\u00c2NICA, A SENTEN\u00c7A FOI INDEFERIR TODOS OS MEUS PEDIDOS E AINDA CONDENAR EM 10% DE CUSTAS JUDICIAIS. OU SEJA, FIQUEI SEM CARRO ESSE TEMPO TODO (MESMO PAGANDO \u00c0 VISTA POR ELE), JUNTEI PROVAS COMO REGISTRO DE OCORR\u00caNCIA DA POL\u00cdCIA CIVIL\/RJ, BOLETIM DE OCORR\u00caNCIA DA POLICIA MILITAR\/RJ, ORDENS DE SERVI\u00c7O, MAIS DE 600 FOTOGRAFIAS, MAIS DE 40 \u00c1UDIOS, NOTAS FISCAIS, NOTAS DE T\u00c1XI, PRONTU\u00c1RIOS M\u00c9DICOS, POIS NESTE PER\u00cdODO TIVE PROBLEMAS DE SA\u00daDE, BEM COMO MEUS FAMILIARES, TENDO UMA FILHA QUE HOJE TEM APENAS 5 ANOS, NA \u00c9POCA POUCO MAIS DE 1 ANINHO. VALE LEMBRAR, QUE OS PRIMEIROS DEFEITOS SE DERAM QUANDO O CARRO TINHA MENOS DE 30 KM RODADOS. TUDO ISSO PARA NADA. QUEM GOSTOU DO RESULTADO DA DOUTA MAGRISTRADA FORAM AS EMPRESAS R\u00c9S \u2013 QUE ME LESARAM \u2013 ABOLI\u00c7\u00c3O VE\u00cdCULOS E VW DO BRASIL (PROCESSO: No 0016370-44.2013.8.19.0212).<u><\/u><u><\/u><\/span><\/div>\n<div id=\"m_-8506129111755812049yui_3_16_0_ym19_1_1507053222951_863909\"><b id=\"m_-8506129111755812049yui_3_16_0_ym19_1_1507053222951_863910\"><span id=\"m_-8506129111755812049yui_3_16_0_ym19_1_1507053222951_863911\">\u00a0<u><\/u><u><\/u><\/span><\/b><\/div>\n<div id=\"m_-8506129111755812049yui_3_16_0_ym19_1_1507053222951_863913\"><b id=\"m_-8506129111755812049yui_3_16_0_ym19_1_1507053222951_863914\"><span id=\"m_-8506129111755812049yui_3_16_0_ym19_1_1507053222951_863915\">\u00a0\u00a0\u00a0\u00a0\u00a0\u00a0\u00a0\u00a0\u00a0\u00a0\u00a0\u00a0\u00a0\u00a0<u><\/u><u><\/u><\/span><\/b><\/div>\n<div id=\"m_-8506129111755812049yui_3_16_0_ym19_1_1507053222951_863917\"><b id=\"m_-8506129111755812049yui_3_16_0_ym19_1_1507053222951_863918\"><span id=\"m_-8506129111755812049yui_3_16_0_ym19_1_1507053222951_863919\">\u00a0\u00a0\u00a0\u00a0\u00a0\u00a0\u00a0\u00a0\u00a0\u00a0\u00a0\u00a0\u00a0\u00a0\u00a0\u00a0\u00a0\u00a0\u00a0\u00a0\u00a0 \u00a0\u00a0\u00a0\u00a0\u00a0\u00a0\u00a0\u00a0\u00a0<u><\/u><u><\/u><\/span><\/b><\/div>\n<div id=\"m_-8506129111755812049yui_3_16_0_ym19_1_1507053222951_863691\"><\/div>\n<div id=\"m_-8506129111755812049yui_3_16_0_ym19_1_1507053222951_863921\" dir=\"ltr\"><b id=\"m_-8506129111755812049yui_3_16_0_ym19_1_1507053222951_863922\"><span id=\"m_-8506129111755812049yui_3_16_0_ym19_1_1507053222951_863923\">AP\u00d3S AS TODAS AS PARTIDAS DO VASC\u00c3O EM MEU PERFIL DO FACEBOOK (QUEM QUISER RECEBER AS CR\u00d4NICAS DE PRIMEIRA M\u00c3O \u00c9 S\u00d3 ME ADICIONAR), E NO SITE\u00a0<span class=\"il\">WEBVASCO<\/span>(<a href=\"http:\/\/www.webvasco.com\/\" target=\"_blank\" rel=\"noopener noreferrer\" data-saferedirecturl=\"https:\/\/www.google.com\/url?hl=pt-BR&amp;q=http:\/\/www.webvasco.com&amp;source=gmail&amp;ust=1507979011883000&amp;usg=AFQjCNH014U71MTywIaxDM0CZGB7yW3i_w\">www.<span class=\"il\">webvasco<\/span>.com<\/a>), TEM A OPINI\u00c3O DO JORNALISTA LUIZ CARLOS ROCHA. LEIAM! COMPARTILHEM E CURTAM! VASCA\u00cdNOS UNIDOS JAMAIS SER\u00c3O VENCIDOS.<\/span><\/b><\/div>\n","protected":false},"excerpt":{"rendered":"<p>O Vasco da Gama venceu ontem, na base da garra. Al\u00e9m do Ava\u00ed, advers\u00e1rio natural,&#8230;<\/p>\n","protected":false},"author":7,"featured_media":0,"comment_status":"open","ping_status":"closed","sticky":false,"template":"","format":"standard","meta":{"footnotes":""},"categories":[4],"tags":[],"class_list":["post-8311","post","type-post","status-publish","format-standard","hentry","category-luizcarlosrocha"],"_links":{"self":[{"href":"https:\/\/webvasco.com\/artigos\/wp-json\/wp\/v2\/posts\/8311","targetHints":{"allow":["GET"]}}],"collection":[{"href":"https:\/\/webvasco.com\/artigos\/wp-json\/wp\/v2\/posts"}],"about":[{"href":"https:\/\/webvasco.com\/artigos\/wp-json\/wp\/v2\/types\/post"}],"author":[{"embeddable":true,"href":"https:\/\/webvasco.com\/artigos\/wp-json\/wp\/v2\/users\/7"}],"replies":[{"embeddable":true,"href":"https:\/\/webvasco.com\/artigos\/wp-json\/wp\/v2\/comments?post=8311"}],"version-history":[{"count":1,"href":"https:\/\/webvasco.com\/artigos\/wp-json\/wp\/v2\/posts\/8311\/revisions"}],"predecessor-version":[{"id":8312,"href":"https:\/\/webvasco.com\/artigos\/wp-json\/wp\/v2\/posts\/8311\/revisions\/8312"}],"wp:attachment":[{"href":"https:\/\/webvasco.com\/artigos\/wp-json\/wp\/v2\/media?parent=8311"}],"wp:term":[{"taxonomy":"category","embeddable":true,"href":"https:\/\/webvasco.com\/artigos\/wp-json\/wp\/v2\/categories?post=8311"},{"taxonomy":"post_tag","embeddable":true,"href":"https:\/\/webvasco.com\/artigos\/wp-json\/wp\/v2\/tags?post=8311"}],"curies":[{"name":"wp","href":"https:\/\/api.w.org\/{rel}","templated":true}]}}