{"id":8313,"date":"2017-10-15T15:59:26","date_gmt":"2017-10-15T18:59:26","guid":{"rendered":"http:\/\/webvasco.com\/artigos\/?p=8313"},"modified":"2017-10-15T16:02:22","modified_gmt":"2017-10-15T19:02:22","slug":"gol-de-nene-futebol-de-gente-grande","status":"publish","type":"post","link":"https:\/\/webvasco.com\/artigos\/colunistas\/luizcarlosrocha\/gol-de-nene-futebol-de-gente-grande\/","title":{"rendered":"GOL DE NEN\u00ca, FUTEBOL DE GENTE GRANDE!"},"content":{"rendered":"<div id=\"m_5894500938101061451yui_3_16_0_ym19_1_1507053222951_958137\"><span id=\"m_5894500938101061451yui_3_16_0_ym19_1_1507053222951_958138\">O resultado j\u00e1 era esperado. Em franca ascens\u00e3o o Vasco da Gama fez hoje, no Maracan\u00e3, mais uma v\u00edtima. Desta vez foi o Botafogo. Com um gola\u00e7o de Nen\u00ea, uma bola na trave de Wellington fora o baile, o Cruzmaltino bateu o alvinegro, garantindo mais 3 pontos na tabela de classifica\u00e7\u00e3o do Campeonato Brasileiro.<u><\/u><u><\/u><\/span><\/div>\n<div id=\"m_5894500938101061451yui_3_16_0_ym19_1_1507053222951_958140\"><span id=\"m_5894500938101061451yui_3_16_0_ym19_1_1507053222951_958141\">\u00a0\u00a0\u00a0 E n\u00e3o foi s\u00f3 isso na 28\u00aa Rodada da mais importante competi\u00e7\u00e3o do pa\u00eds. Teve choror\u00f4, \u00f3tima apresenta\u00e7\u00e3o do Vasc\u00e3o e show da Imensa Torcida Bem Feliz. Agora o Gigante da Colina ocupa a 8\u00aa posi\u00e7\u00e3o com 39 pontos ganhos. Rumo a uma vaga na Libertadores!<u><\/u><u><\/u><\/span><\/div>\n<div id=\"m_5894500938101061451yui_3_16_0_ym19_1_1507053222951_958143\"><span id=\"m_5894500938101061451yui_3_16_0_ym19_1_1507053222951_958144\">\u00a0\u00a0\u00a0 Por citar a competi\u00e7\u00e3o Sul Americana, essa foi uma das diferen\u00e7as entre as equipes que pelejaram hoje. Enquanto o time de General Severiano sonha um dia conquistar a Liberta (como denominam os mais jovens), o Mach\u00e3o da Gama j\u00e1 possui duas conquistas, uma em 1948 (de forma invicta) e outra em 1998 (no ano de seu centen\u00e1rio).<u><\/u><u><\/u><\/span><\/div>\n<div id=\"m_5894500938101061451yui_3_16_0_ym19_1_1507053222951_958146\"><span id=\"m_5894500938101061451yui_3_16_0_ym19_1_1507053222951_958147\">\u00a0\u00a0\u00a0 Mas o peso das camisas tamb\u00e9m contou. O Botafogo entrou com uma estrela solit\u00e1ria no peito, j\u00e1 o Vasco com oito, que s\u00e3o elas: 4 Brasileiros, 1 Mercosul, 1 Terra e Mar, 1 Libertadores e 1 Sul Americano Invicto (j\u00e1 reconhecido e equiparado pela FIFA como Libertadores).<u><\/u><u><\/u><\/span><\/div>\n<div id=\"m_5894500938101061451yui_3_16_0_ym19_1_1507053222951_958149\"><span id=\"m_5894500938101061451yui_3_16_0_ym19_1_1507053222951_958150\">\u00a0\u00a0\u00a0 Na sequ\u00eancia do campeonato, o Vasco pegar\u00e1 o Atl\u00e9tico\/GO, l\u00e1 em Goi\u00e1s, quarta-feira, dia 18 de outubro. Teoricamente \u00e9 um advers\u00e1rio fraco, por\u00e9m, lutando para n\u00e3o ser rebaixado para S\u00e9rie B. Portanto, ser\u00e1 uma \u00e1rdua tarefa voltar ao Rio de Janeiro com mais tr\u00eas pontos na bagagem, mas certamente se atuar com seriedade e dedica\u00e7\u00e3o somar\u00e1 pontos extremamente relevantes.<u><\/u><u><\/u><\/span><\/div>\n<div id=\"m_5894500938101061451yui_3_16_0_ym19_1_1507053222951_958152\"><b id=\"m_5894500938101061451yui_3_16_0_ym19_1_1507053222951_958153\"><u id=\"m_5894500938101061451yui_3_16_0_ym19_1_1507053222951_958154\"><span id=\"m_5894500938101061451yui_3_16_0_ym19_1_1507053222951_958155\">CHACRINHA:<\/span><\/u><\/b><span id=\"m_5894500938101061451yui_3_16_0_ym19_1_1507053222951_958156\">\u00a0O time do Vasco entrou hoje para a disputa contra o Botafogo com a manga da camisa estampada homenageando o Velho Guerreiro. Abelardo Barbosa, foi um dos maiores comunicadores de todos os tempos. Quem viveu os anos 80, teve o privil\u00e9gio de aprender com o Chacrinha seus marcantes bord\u00f5es, tais como &#8220;Quem n\u00e3o se comunica se trumbica.&#8221; &#8220;Eu vim para confundir e n\u00e3o para explicar.&#8221; Dentre outros. O homem que distribu\u00eda bacalhau em seu programa faria 100 anos, fosse vivo. Por isso, o Vasco da Gama, seu time de cora\u00e7\u00e3o resolveu eternizar a imagem deste pernambucano arretado!<u><\/u><u><\/u><\/span><\/div>\n<div id=\"m_5894500938101061451yui_3_16_0_ym19_1_1507053222951_958158\"><span id=\"m_5894500938101061451yui_3_16_0_ym19_1_1507053222951_958159\">\u00a0<b id=\"m_5894500938101061451yui_3_16_0_ym19_1_1507053222951_958160\"><u id=\"m_5894500938101061451yui_3_16_0_ym19_1_1507053222951_958161\">CHOROR\u00d4:<\/u><\/b>\u00a0N\u00e3o seria a torcida do Botafogo se n\u00e3o tivesse reclama\u00e7\u00e3o e choror\u00f4. Contestou o gol leg\u00edtimo de Nen\u00ea, que ali\u00e1s foi um gola\u00e7o, mas n\u00e3o citou a bola na trave do volante Wellington que fez o arqueiro Gatito Fern\u00e1ndez tremer! Fora o baile!<u><\/u><u><\/u><\/span><\/div>\n<div id=\"m_5894500938101061451yui_3_16_0_ym19_1_1507053222951_958163\"><b id=\"m_5894500938101061451yui_3_16_0_ym19_1_1507053222951_958164\"><u id=\"m_5894500938101061451yui_3_16_0_ym19_1_1507053222951_958165\"><span id=\"m_5894500938101061451yui_3_16_0_ym19_1_1507053222951_958166\">ACR\u00c9SCIMOS:<\/span><\/u><\/b><span id=\"m_5894500938101061451yui_3_16_0_ym19_1_1507053222951_958167\">\u00a0O \u00e1rbitro Vinicius Gon\u00e7alves Dias Araujo &#8211; SP (CBF), deu um desconto que s\u00f3 ele conseguiu entender que era cab\u00edvel. Foram cinco minutos a mais na etapa complementar. N\u00e3o houve expuls\u00e3o, apenas as substitui\u00e7\u00f5es de costume. Portanto, o tempo de compensa\u00e7\u00e3o estipulado por este senhor n\u00e3o teve l\u00f3gica. Com o baixo prest\u00edgio e nenhum respeito Dom Charuto agora fica inerte a este tipo de atitude. No \u00faltimo jogo contra o Ava\u00ed, dia 11 de outubro, o \u00e1rbitro Wagner Reway &#8211; MT (FIFA) tamb\u00e9m deu cinco minutos de acr\u00e9scimo. Est\u00e1 virando moda? Contra o Atl\u00e9tico\/GO teremos 50 minutos na segunda etapa?<u><\/u><u><\/u><\/span><\/div>\n<div id=\"m_5894500938101061451yui_3_16_0_ym19_1_1507053222951_958169\"><span id=\"m_5894500938101061451yui_3_16_0_ym19_1_1507053222951_958170\"><u><\/u>\u00a0<u><\/u><\/span><\/div>\n<div id=\"m_5894500938101061451yui_3_16_0_ym19_1_1507053222951_958172\"><b id=\"m_5894500938101061451yui_3_16_0_ym19_1_1507053222951_958173\"><u id=\"m_5894500938101061451yui_3_16_0_ym19_1_1507053222951_958174\"><span id=\"m_5894500938101061451yui_3_16_0_ym19_1_1507053222951_958175\">VERGONHA (MAIS DE 4 ANOS!):<u><\/u><u><\/u><\/span><\/u><\/b><\/div>\n<div id=\"m_5894500938101061451yui_3_16_0_ym19_1_1507053222951_958177\"><span id=\"m_5894500938101061451yui_3_16_0_ym19_1_1507053222951_958178\">DEPOIS DE AGUARDAR\u00a0<b id=\"m_5894500938101061451yui_3_16_0_ym19_1_1507053222951_958179\">\u00a052 MESES, OU SEJA, 4 ANOS E 4 MESES!\u00a0 (CARRO DESDE 10 DE JUNHO DE 2013)<\/b>\u00a0COM O CARRO PRESO NA OFICINA DA ABOLI\u00c7\u00c3O VE\u00cdCULOS COM APENAS 729 KM RODADOS, EM UM PROCESSO COM 8 VOLUMES, NA 1\u00aa VARA CIVEL, DA COMARCA DE NITER\u00d3I\/RJ, REGIONAL OCE\u00c2NICA, A SENTEN\u00c7A FOI INDEFERIR TODOS OS MEUS PEDIDOS E AINDA CONDENAR EM 10% DE CUSTAS JUDICIAIS. OU SEJA, FIQUEI SEM CARRO ESSE TEMPO TODO (MESMO PAGANDO \u00c0 VISTA POR ELE), JUNTEI PROVAS COMO REGISTRO DE OCORR\u00caNCIA DA POL\u00cdCIA CIVIL\/RJ, BOLETIM DE OCORR\u00caNCIA DA POLICIA MILITAR\/RJ, ORDENS DE SERVI\u00c7O, MAIS DE 600 FOTOGRAFIAS, MAIS DE 40 \u00c1UDIOS, NOTAS FISCAIS, NOTAS DE T\u00c1XI, PRONTU\u00c1RIOS M\u00c9DICOS, POIS NESTE PER\u00cdODO TIVE PROBLEMAS DE SA\u00daDE, BEM COMO MEUS FAMILIARES, TENDO UMA FILHA QUE HOJE TEM APENAS 5 ANOS, NA \u00c9POCA POUCO MAIS DE 1 ANINHO. VALE LEMBRAR, QUE OS PRIMEIROS DEFEITOS SE DERAM QUANDO O CARRO TINHA MENOS DE 30 KM RODADOS. TUDO ISSO PARA NADA. QUEM GOSTOU DO RESULTADO DA DOUTA MAGRISTRADA FORAM AS EMPRESAS R\u00c9S \u2013 QUE ME LESARAM \u2013 ABOLI\u00c7\u00c3O VE\u00cdCULOS E VW DO BRASIL (PROCESSO: No 0016370-44.2013.8.19.0212).<u><\/u><u><\/u><\/span><\/div>\n<div id=\"m_5894500938101061451yui_3_16_0_ym19_1_1507053222951_958181\"><b id=\"m_5894500938101061451yui_3_16_0_ym19_1_1507053222951_958182\"><span id=\"m_5894500938101061451yui_3_16_0_ym19_1_1507053222951_958183\">\u00a0<u><\/u><u><\/u><\/span><\/b><\/div>\n<div id=\"m_5894500938101061451yui_3_16_0_ym19_1_1507053222951_958185\"><b id=\"m_5894500938101061451yui_3_16_0_ym19_1_1507053222951_958186\"><span id=\"m_5894500938101061451yui_3_16_0_ym19_1_1507053222951_958187\">\u00a0\u00a0\u00a0\u00a0\u00a0\u00a0\u00a0\u00a0\u00a0\u00a0\u00a0\u00a0\u00a0\u00a0<u><\/u><u><\/u><\/span><\/b><\/div>\n<div id=\"m_5894500938101061451yui_3_16_0_ym19_1_1507053222951_958189\"><b id=\"m_5894500938101061451yui_3_16_0_ym19_1_1507053222951_958190\"><span id=\"m_5894500938101061451yui_3_16_0_ym19_1_1507053222951_958191\">\u00a0\u00a0\u00a0\u00a0\u00a0\u00a0\u00a0\u00a0\u00a0\u00a0\u00a0\u00a0\u00a0\u00a0\u00a0\u00a0\u00a0\u00a0\u00a0\u00a0\u00a0 \u00a0\u00a0\u00a0\u00a0\u00a0\u00a0\u00a0\u00a0\u00a0<u><\/u><u><\/u><\/span><\/b><\/div>\n<div id=\"m_5894500938101061451yui_3_16_0_ym19_1_1507053222951_957883\"><\/div>\n<div id=\"m_5894500938101061451yui_3_16_0_ym19_1_1507053222951_958193\" dir=\"ltr\"><b id=\"m_5894500938101061451yui_3_16_0_ym19_1_1507053222951_958194\"><span id=\"m_5894500938101061451yui_3_16_0_ym19_1_1507053222951_958195\">AP\u00d3S AS TODAS AS PARTIDAS DO VASC\u00c3O EM MEU PERFIL DO FACEBOOK (QUEM QUISER RECEBER AS CR\u00d4NICAS DE PRIMEIRA M\u00c3O \u00c9 S\u00d3 ME ADICIONAR), E NO SITE WEBVASCO (<a href=\"http:\/\/www.webvasco.com\/\" target=\"_blank\" rel=\"noopener\" data-saferedirecturl=\"https:\/\/www.google.com\/url?hl=pt-BR&amp;q=http:\/\/www.webvasco.com&amp;source=gmail&amp;ust=1508180284947000&amp;usg=AFQjCNFXZrDn59G7Ho4bTXZMQfqEyr1rUQ\">www.webvasco.com<\/a>), TEM A OPINI\u00c3O DO JORNALISTA LUIZ CARLOS ROCHA. LEIAM! COMPARTILHEM E CURTAM! VASCA\u00cdNOS UNIDOS JAMAIS SER\u00c3O VENCIDOS.<\/span><\/b><\/div>\n","protected":false},"excerpt":{"rendered":"<p>O resultado j\u00e1 era esperado. Em franca ascens\u00e3o o Vasco da Gama fez hoje, no&#8230;<\/p>\n","protected":false},"author":7,"featured_media":0,"comment_status":"open","ping_status":"closed","sticky":false,"template":"","format":"standard","meta":{"footnotes":""},"categories":[4],"tags":[],"class_list":["post-8313","post","type-post","status-publish","format-standard","hentry","category-luizcarlosrocha"],"_links":{"self":[{"href":"https:\/\/webvasco.com\/artigos\/wp-json\/wp\/v2\/posts\/8313","targetHints":{"allow":["GET"]}}],"collection":[{"href":"https:\/\/webvasco.com\/artigos\/wp-json\/wp\/v2\/posts"}],"about":[{"href":"https:\/\/webvasco.com\/artigos\/wp-json\/wp\/v2\/types\/post"}],"author":[{"embeddable":true,"href":"https:\/\/webvasco.com\/artigos\/wp-json\/wp\/v2\/users\/7"}],"replies":[{"embeddable":true,"href":"https:\/\/webvasco.com\/artigos\/wp-json\/wp\/v2\/comments?post=8313"}],"version-history":[{"count":1,"href":"https:\/\/webvasco.com\/artigos\/wp-json\/wp\/v2\/posts\/8313\/revisions"}],"predecessor-version":[{"id":8314,"href":"https:\/\/webvasco.com\/artigos\/wp-json\/wp\/v2\/posts\/8313\/revisions\/8314"}],"wp:attachment":[{"href":"https:\/\/webvasco.com\/artigos\/wp-json\/wp\/v2\/media?parent=8313"}],"wp:term":[{"taxonomy":"category","embeddable":true,"href":"https:\/\/webvasco.com\/artigos\/wp-json\/wp\/v2\/categories?post=8313"},{"taxonomy":"post_tag","embeddable":true,"href":"https:\/\/webvasco.com\/artigos\/wp-json\/wp\/v2\/tags?post=8313"}],"curies":[{"name":"wp","href":"https:\/\/api.w.org\/{rel}","templated":true}]}}