{"id":8315,"date":"2017-10-15T16:03:12","date_gmt":"2017-10-15T19:03:12","guid":{"rendered":"http:\/\/webvasco.com\/artigos\/?p=8315"},"modified":"2017-10-15T16:03:31","modified_gmt":"2017-10-15T19:03:31","slug":"e-eu-escolhi-acreditar","status":"publish","type":"post","link":"https:\/\/webvasco.com\/artigos\/colunistas\/e-eu-escolhi-acreditar\/","title":{"rendered":"E eu escolhi ACREDITAR&#8230;"},"content":{"rendered":"<p>Ol\u00e1 a todos!<\/p>\n<p>Confesso-lhes que estive afastado durante estes \u00faltimos meses n\u00e3o somente por raz\u00f5es profissionais, como tamb\u00e9m pelo fato de que j\u00e1 n\u00e3o suportava mais ter de escrever em momentos ruins de nosso clube! Na medida em que os fatos v\u00e3o se &#8220;desenrolando&#8221; e que n\u00e3o h\u00e1 mais nada a dizer do que fazer a cr\u00edtica justa e necess\u00e1ria, parece para muitos que a pessoa se torna uma &#8220;pessimista contumaz&#8221;, &#8220;disseminadora do caos&#8221; ou at\u00e9 &#8220;politiqueira&#8221;, dependendo de seu posicionamento pol\u00edtico perante a institui\u00e7\u00e3o! Deste modo, o melhor a fazer \u00e9 calar, observar, analisar e depois, com calma, retornar aos poucos, sempre que poss\u00edvel for coincilar nossa rotina de &#8220;blogueiro&#8221; com a de Professor e tantos outros afazeres que temos, enfim&#8230;<\/p>\n<p>Mas vamos chegando a um momento decisivo, tanto em campo-e-bola no nosso esporte que \u00e9 o carro-chefe dos demais clubes brasileiros como, tamb\u00e9m, fora dele, nos bastidores do clube. Sobre este primeiro que \u00e9 no qual eu darei um foco de luz agora, venho dizer que, ap\u00f3s mais de nove meses de planejamento (se \u00e9 que teve) ruim no futebol e mudan\u00e7as (a maior parte delas) necess\u00e1rias, chegamos a um momento de amadurecimento neste atual campeonato brasileiro. Entre outras palavras, o Vasco entrou com dois focos neste atual certame, por mais que a diretoria atual discurse de forma diferente. A parte majorit\u00e1ria de nossa torcida sabia, em seu interior, que os objetivos prim\u00e1rios do Vasco seriam: o time se manter afastado da zona de rebaixamento e terminar, assim, de maneira honrosa a competi\u00e7\u00e3o, pegando uma vaga na Copa Sulamericana, se poss\u00edvel, a fim de voltarmos a disputar uma competi\u00e7\u00e3o internacional de grande valia ap\u00f3s seis anos.<\/p>\n<p>Com a troca oportuna de treinador (ADEUS, MM! SEJA FELIZ, MAS LONGE DO VASCO!) e a chegada de refor\u00e7os pontuais, o time do Vasco ganhou corpo e alma. Chegamos a um momento da competi\u00e7\u00e3o em que a equipe parece ter formado uma base, se n\u00e3o s\u00f3lida para disputa de t\u00edtulos, pelo menos para cumprir tranquilamente \u00e0s miss\u00f5es iniciais! E que, de fato, ao que parece ser\u00e3o cumpridas antes do previsto e at\u00e9 com relativa tranquilidade, em que pese este certame em espec\u00edfico possuir uma peculiaridade que h\u00e1 tempos n\u00e3o se via, que \u00e9 a do &#8220;bolo&#8221; formado entre os clubes que est\u00e3o pr\u00f3ximos ao &#8220;G7&#8221; e aos que est\u00e3o \u00e0 beira do &#8220;Z4&#8221;.<\/p>\n<p>Alguns fatos, no entanto, para deixar a n\u00f3s, vasca\u00ednos, um pouco mais otimistas e aliviados:\u00a0\u00a0o Vasco passou somente UMA rodada na &#8220;zona da degola&#8221; (a primeira, depois da &#8220;enfiada de quatro&#8221; que aquele time tomou perante o Palmeiras)\u00a0e n\u00e3o mais por l\u00e1 esteve! Al\u00e9m disso, o Vasco chegou a ficar no antigo &#8220;G6&#8221; (virou &#8220;G7&#8221; e pode, quem sabe, at\u00e9 virar &#8220;G8&#8221;) por tr\u00eas\u00a0rodadas, al\u00e9m de ter frequentado a lista dos &#8220;top ten&#8221; (primeira p\u00e1gina da tabela de classifica\u00e7\u00e3o) por mais de setenta por cento das rodadas. Levando em considera\u00e7\u00e3o os desajustes do time de nosso ex-treinador e o equil\u00edbrio dado, em especial, ao setor defensivo com o novo comandante ao leme, \u00e9 inimagin\u00e1vel uma queda t\u00e3o brusca de produ\u00e7\u00e3o ao ponto de frequentarmos, na \u00faltima rodada que importa, a &#8220;zona da morte&#8221;! Sinceramente, creio que por este est\u00e1gio, passamos e com certa tranquilidade&#8230;<\/p>\n<p>Mas agora, dadas as condi\u00e7\u00f5es deste campeonato e a n\u00e3o-exist\u00eancia de um grande time no papel e na pr\u00e1tica, por que n\u00e3o nos permitirmos avan\u00e7ar um pouco mais? Ainda que saibamos das limita\u00e7\u00f5es de nosso elenco (s\u00e3o MUITAS!), por que n\u00e3o sonhar com um feito parecido com o do pr\u00f3prio Botafogo ano passado?! E com um diferencial: camisa e torcida, n\u00f3s possu\u00edmos MUITO MAIS! Vide as torcidas no est\u00e1dio ontem e a constata\u00e7\u00e3o, mais uma vez, do que j\u00e1 sabemos faz tempo&#8230;<\/p>\n<p>Portanto, resta a n\u00f3s uma miss\u00e3o neste final de competi\u00e7\u00e3o: apoiarmos o time nas \u00faltimas dez rodadas decisivas, bem ao ritmo do mesmo &#8220;eu escolhi acreditar&#8221; de 2015! S\u00f3 que&#8230;desta vez, n\u00e3o na fuga do Z4, e sim, na ida ao G7!<\/p>\n<p><strong>A base para 2018<\/strong><\/p>\n<p>Evidente que, independentemente de como termine esta competi\u00e7\u00e3o, o Vasco de jeito algum pode quebrar esta base para composi\u00e7\u00e3o do time em 2018! Afinal, TODOS os times campe\u00f5es que vi nos \u00e1ureos anos em que o Vasco era, de fato, Vasco, foram montados frutos da continuidade de trabalhos do ano anterior!<\/p>\n<p>Mart\u00edn Silva e \u00c2nderson Martins s\u00e3o dois jogadores que cabem em, pelo menos, oitenta por cento dos clubes da s\u00e9rie A como titulares. Brenno parece que comp\u00f4s bem com \u00c2nderson, e Ram\u00f3n voltou muito bem ao clube, sendo um lateral esquerdo que pode n\u00e3o ser craque como Marcelo e tantos outros, mas que joga na maior parte dos clubes brasileiros da elite, tamb\u00e9m. M\u00e1dson voltou a jogar um futebol honesto, ali\u00e1s sobre este, \u00e9 um t\u00edpico caso em que uma reserva coube maravilhosamente bem para o pr\u00f3prio! Com a linha defensiva totalmente renovada e um treinador equilibrado e admirado por todos, o Vasco passou a n\u00e3o mais tomar a absurda m\u00e9dia de\u00a0\u00a0mais de dois gols por jogo, o que justifica a subida de produ\u00e7\u00e3o. E se h\u00e1 algo que sempre vi na forma\u00e7\u00e3o dos times do Vasco campe\u00f5es e outros tantos mais \u00e9 que todos se formaram a partir da composi\u00e7\u00e3o de uma defesa s\u00f3lida, portanto, n\u00e3o precisa ser &#8220;J\u00caNIO&#8221; (com J MESMO!) para compreender&#8230;<\/p>\n<p>\u00c9 not\u00f3rio que precisamos de uma dupla de volantes de mais qualidade, mas acima disso, de um fogo ofensivo bem maior do que este! Nen\u00ea chegar\u00e1 ao seu limite extremo em 2018 e n\u00e3o estar\u00e1 presente em todas as partidas: j\u00e1 estar\u00e1 no auge de seus 37 anos, tal como Lu\u00eds Fabiano, sendo este com o agravante de vir de uma contus\u00e3o ser\u00edssima para sua idade e, ainda n\u00e3o totalmente em condi\u00e7\u00f5es f\u00edsicas e t\u00e9cnicas. Matheus Vital n\u00e3o \u00e9 maduro, ainda, para assumir a titularidade absoluta: ainda requer mais rodagem e corre\u00e7\u00e3o de seus erros, tal como contra o Botafogo. S\u00e3o estas duas posi\u00e7\u00f5es, em especial, que precisam de refor\u00e7os URGENTE, se a inten\u00e7\u00e3o for a de construir um time campe\u00e3o em 2018&#8230;<\/p>\n<p>O restante do elenco d\u00e1 para compor com a prata-da-casa, em especial: Ricardo Gra\u00e7a, Henrique, Andrey, Bruno Consendey, Evander, Paulinho, Paulo V\u00edtor entre outros que puderem ir se revelando.<\/p>\n<p>Quanto \u00e0 Thalles, deixo por \u00faltimo um coment\u00e1rio especial sobre este, e para tanto, vou parafrasear meu camarada J\u00falio C\u00e9sar Teixeira, de Niter\u00f3i: tem TUDO que um jogador precisa que n\u00e3o exige esfor\u00e7o f\u00edsico &#8211; talento, qualidade e oportunidade! N\u00e3o tem, no entanto, a RESPONSABILIDADE necess\u00e1ria para que fique em forma f\u00edsica adequada para um atleta de futebol! E lamento MUITO por isso, pois dentro de seu limite f\u00edsico, fez um bom jogo diante do Botafogo: lutou, marcou sa\u00edda de bola dos zagueiros, disputou bolas, chutou bola na trave, enfim&#8230;pena MESMO que ainda n\u00e3o quis se cuidar como se espera de um profissional de sua \u00e1rea!<\/p>\n<p><strong>Reta final<\/strong><\/p>\n<p>A torcida do Vasco ADORA o Maracan\u00e3, e o Maracan\u00e3 \u00e9 feito para o Vasco!\u00a0\u00a0Com todo o respeito a S\u00e3o Janu\u00e1rio e sem ofender aos &#8220;portugueses da padaria&#8221; que, junto com os oper\u00e1rios do pov\u00e3o, ajudaram a erguer nossa casa: fica a cada dia mais evidente que clube GIGANTE precisa de palco GIGANTE para grandes confrontos com outros mais, e aqui no Rio de Janeiro, S\u00d3 o Maracan\u00e3 tem o tamanho e a &#8220;qu\u00edmica&#8221; para atender aos anseios do que a torcida quer e o clube necessita! Portanto, fica mais um alerta quanto a este tema, em espec\u00edfico: se ningu\u00e9m quer, QUE O VASCO POSSA QUERER! E MUITO&#8230;<\/p>\n<p>Vou deixar meus sinceros cumprimentos, em especial, a duas pessoas: uma que tive o prazer de reencontrar, depois de algum tempo, no jogo de s\u00e1bado contra o Botafogo: o conselheiro do clube Carlos Le\u00e3o! Tal como o pr\u00f3prio me disse em rede social, j\u00e1 estivemos em lados opostos, mas estamos juntos agora, mais uma vez, e SEMPRE UNIDOS pelo amor MAIOR que \u00e9 o Club de Regatas Vasco da Gama&#8230;<\/p>\n<p>Meu outro cumprimento vai para o Dr. Alexandre Campello, a quem tive o enorme prazer em poder dar-lhe um abra\u00e7o no setor Leste Inferior do est\u00e1dio ontem! Estamos juntos nessa, e ainda creio numa jun\u00e7\u00e3o de for\u00e7as bem maior! Por um Vasco ainda mais forte, em 2018 e no porvir!<\/p>\n<p><strong>@mscmariottI<\/strong><\/p>\n","protected":false},"excerpt":{"rendered":"<p>Ol\u00e1 a todos! Confesso-lhes que estive afastado durante estes \u00faltimos meses n\u00e3o somente por raz\u00f5es&#8230;<\/p>\n","protected":false},"author":12,"featured_media":0,"comment_status":"open","ping_status":"closed","sticky":false,"template":"","format":"standard","meta":{"footnotes":""},"categories":[3],"tags":[],"class_list":["post-8315","post","type-post","status-publish","format-standard","hentry","category-colunistas"],"_links":{"self":[{"href":"https:\/\/webvasco.com\/artigos\/wp-json\/wp\/v2\/posts\/8315","targetHints":{"allow":["GET"]}}],"collection":[{"href":"https:\/\/webvasco.com\/artigos\/wp-json\/wp\/v2\/posts"}],"about":[{"href":"https:\/\/webvasco.com\/artigos\/wp-json\/wp\/v2\/types\/post"}],"author":[{"embeddable":true,"href":"https:\/\/webvasco.com\/artigos\/wp-json\/wp\/v2\/users\/12"}],"replies":[{"embeddable":true,"href":"https:\/\/webvasco.com\/artigos\/wp-json\/wp\/v2\/comments?post=8315"}],"version-history":[{"count":1,"href":"https:\/\/webvasco.com\/artigos\/wp-json\/wp\/v2\/posts\/8315\/revisions"}],"predecessor-version":[{"id":8316,"href":"https:\/\/webvasco.com\/artigos\/wp-json\/wp\/v2\/posts\/8315\/revisions\/8316"}],"wp:attachment":[{"href":"https:\/\/webvasco.com\/artigos\/wp-json\/wp\/v2\/media?parent=8315"}],"wp:term":[{"taxonomy":"category","embeddable":true,"href":"https:\/\/webvasco.com\/artigos\/wp-json\/wp\/v2\/categories?post=8315"},{"taxonomy":"post_tag","embeddable":true,"href":"https:\/\/webvasco.com\/artigos\/wp-json\/wp\/v2\/tags?post=8315"}],"curies":[{"name":"wp","href":"https:\/\/api.w.org\/{rel}","templated":true}]}}