{"id":8322,"date":"2017-10-23T06:58:33","date_gmt":"2017-10-23T09:58:33","guid":{"rendered":"http:\/\/webvasco.com\/artigos\/?p=8322"},"modified":"2017-10-23T06:59:28","modified_gmt":"2017-10-23T09:59:28","slug":"feito-nas-coxas","status":"publish","type":"post","link":"https:\/\/webvasco.com\/artigos\/colunistas\/luizcarlosrocha\/feito-nas-coxas\/","title":{"rendered":"FEITO NAS COXAS!"},"content":{"rendered":"<div id=\"m_-2051361868550218948yui_3_16_0_ym19_1_1508283989600_533306\"><span id=\"m_-2051361868550218948yui_3_16_0_ym19_1_1508283989600_533307\">\u00a0 \u00a0 O futebol apresentado ontem, pelo Vasco da Gama, no Maracan\u00e3, diante do Coritiba foi mesmo feito nas coxas, como \u00e9 referido pelo ditado popular. N\u00e3o passar de um simples 1 a 1 (assim mesmo o gol vasca\u00edno foi marcado por Matheus Galdezan, desfavor\u00e1vel ao patrim\u00f4nio), em partida v\u00e1lida pela 30\u00aa Rodada do Campeonato Brasileiro contra o Coxa foi uma vergonha!<u><\/u><u><\/u><\/span><\/div>\n<div id=\"m_-2051361868550218948yui_3_16_0_ym19_1_1508283989600_533309\"><span id=\"m_-2051361868550218948yui_3_16_0_ym19_1_1508283989600_533310\">\u00a0\u00a0\u00a0 Vale ressaltar, que a equipe paranaense ocupa 18\u00aa posi\u00e7\u00e3o da tabela de classifica\u00e7\u00e3o, ou seja, \u00e9 o antepen\u00faltimo! Atuar praticamente em casa \u2013 no Rio de Janeiro \u2013 no combate de um time que luta contra o rebaixamento e n\u00e3o conseguir nem fazer o gol \u00e9 porque algo est\u00e1 errado.<u><\/u><u><\/u><\/span><\/div>\n<div id=\"m_-2051361868550218948yui_3_16_0_ym19_1_1508283989600_533312\"><span id=\"m_-2051361868550218948yui_3_16_0_ym19_1_1508283989600_533313\">\u00a0\u00a0 Com esse resultado o Cruzmaltino avan\u00e7ou apenas um ponto na tabela, agora com 43 ganhos (em 90 disputados), ficando na 8\u00aa casa da classifica\u00e7\u00e3o. Os n\u00fameros n\u00e3o favorecem. Matem\u00e1tica \u00e9 uma ci\u00eancia exata. Logo, se algo n\u00e3o for feito a pretens\u00e3o por uma vaga na Libertadores ir\u00e1 pelo ralo.<u><\/u><u><\/u><\/span><\/div>\n<div id=\"m_-2051361868550218948yui_3_16_0_ym19_1_1508283989600_533315\"><span id=\"m_-2051361868550218948yui_3_16_0_ym19_1_1508283989600_533316\">\u00a0\u00a0 A reden\u00e7\u00e3o poder\u00e1 vir no pr\u00f3ximo s\u00e1bado, dia 28 de outubro, diante dos Exclu\u00eddos, \u00e0s 19h, no mesmo Maracan\u00e3, uma vez que o Povinho do Gueto faz parte da freguesia vasca\u00edna. Se triunfar, passar\u00e1 para os 46 pontos e quem sabe subir casas na tabela de classifica\u00e7\u00e3o da competi\u00e7\u00e3o. Al\u00e9m do prazer supremo de afundar o rubro negro.<u><\/u><u><\/u><\/span><\/div>\n<div id=\"m_-2051361868550218948yui_3_16_0_ym19_1_1508283989600_533318\"><span id=\"m_-2051361868550218948yui_3_16_0_ym19_1_1508283989600_533319\"><u><\/u>\u00a0<u><\/u><\/span><\/div>\n<div id=\"m_-2051361868550218948yui_3_16_0_ym19_1_1508283989600_533321\"><b id=\"m_-2051361868550218948yui_3_16_0_ym19_1_1508283989600_533322\"><u id=\"m_-2051361868550218948yui_3_16_0_ym19_1_1508283989600_533323\"><span id=\"m_-2051361868550218948yui_3_16_0_ym19_1_1508283989600_533324\">VERGONHA (MAIS DE 4 ANOS!):<u><\/u><u><\/u><\/span><\/u><\/b><\/div>\n<div id=\"m_-2051361868550218948yui_3_16_0_ym19_1_1508283989600_533326\"><span id=\"m_-2051361868550218948yui_3_16_0_ym19_1_1508283989600_533327\">DEPOIS DE AGUARDAR\u00a0<b id=\"m_-2051361868550218948yui_3_16_0_ym19_1_1508283989600_533328\">\u00a052 MESES, OU SEJA, 4 ANOS E 4 MESES!\u00a0 (CARRO DESDE 10 DE JUNHO DE 2013)<\/b>\u00a0COM O CARRO PRESO NA OFICINA DA ABOLI\u00c7\u00c3O VE\u00cdCULOS COM APENAS 729 KM RODADOS, EM UM PROCESSO COM 8 VOLUMES, NA 1\u00aa VARA CIVEL, DA COMARCA DE NITER\u00d3I\/RJ, REGIONAL OCE\u00c2NICA, A SENTEN\u00c7A FOI INDEFERIR TODOS OS MEUS PEDIDOS E AINDA CONDENAR EM 10% DE CUSTAS JUDICIAIS. OU SEJA, FIQUEI SEM CARRO ESSE TEMPO TODO (MESMO PAGANDO \u00c0 VISTA POR ELE), JUNTEI PROVAS COMO REGISTRO DE OCORR\u00caNCIA DA POL\u00cdCIA CIVIL\/RJ, BOLETIM DE OCORR\u00caNCIA DA POLICIA MILITAR\/RJ, ORDENS DE SERVI\u00c7O, MAIS DE 600 FOTOGRAFIAS, MAIS DE 40 \u00c1UDIOS, NOTAS FISCAIS, NOTAS DE T\u00c1XI, PRONTU\u00c1RIOS M\u00c9DICOS, POIS NESTE PER\u00cdODO TIVE PROBLEMAS DE SA\u00daDE, BEM COMO MEUS FAMILIARES, TENDO UMA FILHA QUE HOJE TEM APENAS 5 ANOS, NA \u00c9POCA POUCO MAIS DE 1 ANINHO. VALE LEMBRAR, QUE OS PRIMEIROS DEFEITOS SE DERAM QUANDO O CARRO TINHA MENOS DE 30 KM RODADOS. TUDO ISSO PARA NADA. QUEM GOSTOU DO RESULTADO DA DOUTA MAGISTRADA FORAM AS EMPRESAS R\u00c9S \u2013 QUE ME LESARAM \u2013 ABOLI\u00c7\u00c3O VE\u00cdCULOS E VW DO BRASIL (PROCESSO: No 0016370-44.2013.8.19.0212).<u><\/u><u><\/u><\/span><\/div>\n<div id=\"m_-2051361868550218948yui_3_16_0_ym19_1_1508283989600_533338\"><b id=\"m_-2051361868550218948yui_3_16_0_ym19_1_1508283989600_533339\"><span id=\"m_-2051361868550218948yui_3_16_0_ym19_1_1508283989600_533340\">\u00a0\u00a0\u00a0\u00a0\u00a0\u00a0\u00a0\u00a0\u00a0\u00a0\u00a0\u00a0\u00a0\u00a0\u00a0\u00a0\u00a0\u00a0\u00a0\u00a0\u00a0 \u00a0\u00a0\u00a0\u00a0\u00a0\u00a0\u00a0\u00a0\u00a0<u><\/u><u><\/u><\/span><\/b><\/div>\n<div id=\"m_-2051361868550218948yui_3_16_0_ym19_1_1508283989600_533191\"><\/div>\n<div id=\"m_-2051361868550218948yui_3_16_0_ym19_1_1508283989600_533342\" dir=\"ltr\"><b id=\"m_-2051361868550218948yui_3_16_0_ym19_1_1508283989600_533343\"><span id=\"m_-2051361868550218948yui_3_16_0_ym19_1_1508283989600_533344\">AP\u00d3S AS TODAS AS PARTIDAS DO VASC\u00c3O EM MEU PERFIL DO FACEBOOK (QUEM QUISER RECEBER AS CR\u00d4NICAS DE PRIMEIRA M\u00c3O \u00c9 S\u00d3 ME ADICIONAR), E NO SITE WEBVASCO (<a href=\"http:\/\/www.webvasco.com\/\" target=\"_blank\" rel=\"noopener\" data-saferedirecturl=\"https:\/\/www.google.com\/url?hl=pt-BR&amp;q=http:\/\/www.webvasco.com&amp;source=gmail&amp;ust=1508799373665000&amp;usg=AFQjCNFEXXekqcsXGAEmNM7v3FE9GavQ6Q\">www.webvasco.com<\/a>), TEM A OPINI\u00c3O DO JORNALISTA LUIZ CARLOS ROCHA. LEIAM! COMPARTILHEM E CURTAM! VASCA\u00cdNOS UNIDOS JAMAIS SER\u00c3O VENCIDOS.<\/span><\/b><\/div>\n","protected":false},"excerpt":{"rendered":"<p>\u00a0 \u00a0 O futebol apresentado ontem, pelo Vasco da Gama, no Maracan\u00e3, diante do Coritiba&#8230;<\/p>\n","protected":false},"author":7,"featured_media":0,"comment_status":"open","ping_status":"closed","sticky":false,"template":"","format":"standard","meta":{"footnotes":""},"categories":[4],"tags":[],"class_list":["post-8322","post","type-post","status-publish","format-standard","hentry","category-luizcarlosrocha"],"_links":{"self":[{"href":"https:\/\/webvasco.com\/artigos\/wp-json\/wp\/v2\/posts\/8322","targetHints":{"allow":["GET"]}}],"collection":[{"href":"https:\/\/webvasco.com\/artigos\/wp-json\/wp\/v2\/posts"}],"about":[{"href":"https:\/\/webvasco.com\/artigos\/wp-json\/wp\/v2\/types\/post"}],"author":[{"embeddable":true,"href":"https:\/\/webvasco.com\/artigos\/wp-json\/wp\/v2\/users\/7"}],"replies":[{"embeddable":true,"href":"https:\/\/webvasco.com\/artigos\/wp-json\/wp\/v2\/comments?post=8322"}],"version-history":[{"count":1,"href":"https:\/\/webvasco.com\/artigos\/wp-json\/wp\/v2\/posts\/8322\/revisions"}],"predecessor-version":[{"id":8323,"href":"https:\/\/webvasco.com\/artigos\/wp-json\/wp\/v2\/posts\/8322\/revisions\/8323"}],"wp:attachment":[{"href":"https:\/\/webvasco.com\/artigos\/wp-json\/wp\/v2\/media?parent=8322"}],"wp:term":[{"taxonomy":"category","embeddable":true,"href":"https:\/\/webvasco.com\/artigos\/wp-json\/wp\/v2\/categories?post=8322"},{"taxonomy":"post_tag","embeddable":true,"href":"https:\/\/webvasco.com\/artigos\/wp-json\/wp\/v2\/tags?post=8322"}],"curies":[{"name":"wp","href":"https:\/\/api.w.org\/{rel}","templated":true}]}}