{"id":834,"date":"2014-05-16T14:41:09","date_gmt":"2014-05-16T17:41:09","guid":{"rendered":"http:\/\/webvasco.com\/artigos\/?p=834"},"modified":"2014-05-16T15:32:06","modified_gmt":"2014-05-16T18:32:06","slug":"estamos-de-luto-o-que-voc-j-fez-pelo-vasco-hoje","status":"publish","type":"post","link":"https:\/\/webvasco.com\/artigos\/colunistas\/marcelopaiva\/estamos-de-luto-o-que-voc-j-fez-pelo-vasco-hoje\/","title":{"rendered":"ESTAMOS DE LUTO! &quot;O QUE VOC&Ecirc; J&Aacute; FEZ PELO VASCO HOJE?&quot;"},"content":{"rendered":"<div dir=\"ltr\">\n<p><a href=\"http:\/\/recadoface.com.br\/imagens\/luto-imagens\" target=\"_blank\" rel=\"nofollow\"><img loading=\"lazy\" decoding=\"async\" class=\"alignright\" style=\"margin-left: 8px; margin-right: 8px;\" alt=\"\" src=\"http:\/\/recadoface.com.br\/imagens\/imagens-luto-imagens-5aaae6.jpg\" width=\"214\" height=\"173\" \/><\/a>Caros Amigos Vasca\u00ednos:\u00a0\u00a0\u00a0\u00a0 Venho por esta Coluna, depois de um bom tempo ausente em\u00a0minhas mat\u00e9rias e ocupado com compromissos profissionais e\u00a0pessoais, al\u00e9m \u00e9 claro de estar TRISTE E DECEPCIONADO com a\u00a0atual situa\u00e7\u00e3o do Vasco da Gama, escrever algumas palavras\u00a0sobre o amigo Alexandre Pessoal, que nos deixou esta semana.<\/p>\n<p>Estamos todos de luto!<\/p>\n<p>Alexandre Pessoal era uma pessoa querida por todos, que\u00a0sabia\u00a0conciliar raz\u00e3o com emo\u00e7\u00e3o. Prova disso, era que atrav\u00e9s de\u00a0suas convic\u00e7\u00f5es, e a\u00e7\u00f5es, sempre pregava as suas id\u00e9ias e\u00a0ideais, com muito entusiasmo, dentro de uma l\u00f3gica racional\u00a0movida pelo &#8220;combust\u00edvel&#8221; da emo\u00e7\u00e3o e da garra, que lhe rendeu\u00a0o respeito e a amizade de muitos Vasca\u00ednos, assim como tamb\u00e9m\u00a0de muitos n\u00e3o Vasca\u00ednos, j\u00e1 que este triste momento \u00e9\u00a0de uni\u00e3o de todas as torcidas, independente das nossas paix\u00f5es\u00a0club\u00edsticas.<\/p>\n<div id=\"yui_3_16_0_1_1400253960501_9873\">\n<p>O Alexandre Pessoal,que tamb\u00e9m era conhecido\u00a0como &#8220;Gugu&#8221;, tinha muitos amigos no meio musical,j\u00e1 estando h\u00e1 algum tempo na\u00a0&#8220;estrada&#8221;.<span style=\"color: #000099;\"> <span style=\"color: #000000;\">Como<\/span> <\/span>m\u00fasico, herdou o talento tanto\u00a0do seu Pai Erasmo Carlos quanto do seu Padrinho Roberto\u00a0Carlos, ambos \u00cdCONES da M\u00fasica Popular brasileira.<\/p>\n<\/div>\n<p>Participou, nos anos 90, da banda &#8220;Nada Pessoal&#8221;, <span style=\"color: #000099;\"><span style=\"color: #000000;\">e<\/span> <\/span>em\u00a02005 fez o seu CD solo &#8220;Primogenitu&#8221;.\u00a0Atualmente era vocalista da banda &#8220;Trilogia&#8221; e do\u00a0bloco &#8220;Fica Comigo&#8221;.<\/p>\n<p>Como refer\u00eancia do seu talento, segue <span style=\"color: #3333ff;\"><span style=\"color: #000000;\">no link<\/span> <\/span>abaixo, um v\u00eddeo do youtube\u00a0com a m\u00fasica &#8220;Nem pensava no depois&#8221;, do seu CD Solo\u00a0&#8220;Primogenitu&#8221;:<\/p>\n<div><\/div>\n<div>\n<div class=\"youtube\" style=\"width: 450; height: 400;\"><object width=\"450\" height=\"400\" classid=\"clsid:d27cdb6e-ae6d-11cf-96b8-444553540000\" codebase=\"http:\/\/download.macromedia.com\/pub\/shockwave\/cabs\/flash\/swflash.cab#version=6,0,40,0\"><param name=\"wmode\" value=\"transparent\" \/><param name=\"src\" value=\"http:\/\/www.youtube.com\/v\/lxXjNUTMApo&amp;rel=0\" \/><embed width=\"450\" height=\"400\" type=\"application\/x-shockwave-flash\" src=\"http:\/\/www.youtube.com\/v\/lxXjNUTMApo&amp;rel=0\" wmode=\"transparent\" \/><\/object><\/div>\n<\/div>\n<div>\n<p>A M\u00fasica era uma das suas paix\u00f5es, assim como o Clube\u00a0de Regatas Vasco da Gama (CRVG), onde foi um brilhante apresentador\u00a0da VASCO TV, juntamente com o Amigo L\u00e9o Cruz e outros, que durante alguns anos apresentaram not\u00edcias e\u00a0muitas coisas importantes, relativas ao Clube que nos unia em\u00a0comum.<\/p>\n<\/div>\n<p>Da\u00ed fortalecemos uma amizade cativante, a qual com mais\u00a0Membros Volunt\u00e1rios em prol do bem do nosso Amado Clube,\u00a0CONSTRU\u00cdMOS VOLUNTARIAMENTE v\u00e1rias Linhas de A\u00e7\u00f5es que\u00a0ajudaram, e QUE AINDA IR\u00c3O AJUDAR em muito, o Vasco da Gama!<\/p>\n<p>Como uma delas, foi o seu IMENSO APOIO INCONDICIONAL,\u00a0na QUEST\u00c3O DA REVITALIZA\u00c7\u00c3O DO ENTORNO DE S\u00c3O JANU\u00c1RIO,\u00a0premissa esta que ir\u00e1 PROPORCIONAR POSTERIORMENTE, a AMPLIA\u00c7\u00c3O\u00a0ou a ADEQUA\u00c7\u00c3O DE UMA NOVA ARENA MULTI USO, do nosso Est\u00e1dio\u00a0de S\u00e3o Janu\u00e1rio. Fato este citado, por ele, no Programa Vasco\u00a0TV em suas edi\u00e7\u00f5es de 28\/09, 12\/10 e 27\/10 de 2011.<\/p>\n<figure style=\"width: 366px\" class=\"wp-caption alignnone\"><a href=\"http:\/\/www.netvasco.com.br\/news\/noticias16\/arquivos\/20140514-1502-1-.jpg\" target=\"_blank\" rel=\"nofollow\"><img loading=\"lazy\" decoding=\"async\" style=\"margin-right: 0px;\" alt=\"\" src=\"http:\/\/www.netvasco.com.br\/news\/noticias16\/arquivos\/20140514-1502-1-_mini.jpg\" width=\"366\" height=\"185\" \/><\/a><figcaption class=\"wp-caption-text\">Alexandre Pessoal como Apresentador da VASCO TV<br \/>Fonte da Imagem: Site oficial do Vasco<\/figcaption><\/figure>\n<p>Caro Amigo Vasca\u00edno, Alexandre Pessoal, IN MEMORIAN: O\u00a0seu apoio a esta Causa da Revitaliza\u00e7\u00e3o do entorno de S\u00e3o\u00a0Janu\u00e1rio, nunca ser\u00e1 esquecido por n\u00f3s Vasca\u00ednos e\u00a0tenha a certeza que o seu Slogan &#8220;<b>O que voc\u00ea j\u00e1 fez pelo\u00a0Vasco hoje?<\/b>&#8221; ser\u00e1 sempre eternizado. Se Deus quiser <span style=\"color: #3366ff;\"><span style=\"color: #000000;\">e<\/span> <\/span>a Revitaliza\u00e7\u00e3o &#8220;sair do papel&#8221;,\u00a0voc\u00ea ser\u00e1 lembrado tamb\u00e9m, como um volunt\u00e1rio que ajudou o\u00a0nosso Vasco da Gama nesta importante conquista que AGIGANTAR\u00c1, ainda\u00a0mais, o Clube que nos proporcionou esta amizade,\u00a0conjuntamente com outros amigos volunt\u00e1rios, nas nobres causas\u00a0PR\u00d3 VASCO!<\/p>\n<p>Os nossos sinceros sentimentos aos familiares e\u00a0amigos, em nome da equipe <a id=\"yui_3_16_0_1_1400253960501_9879\" href=\"http:\/\/webvasco.com\" target=\"_blank\" rel=\"nofollow\">webvasco.com<\/a>, assim como dos Colegas e Parceiros de M\u00eddia, tais como: <a href=\"http:\/\/supervasco.com\">supervasco.com<\/a> , <a href=\"http:\/\/netvasco.com.br\">netvasco.com.br<\/a> , blog incondicionalmente Vasco, Programa de R\u00e1dio Caldeir\u00e3o Vasca\u00edno e demais M\u00eddias Co-Irm\u00e3s, e de todos\u00a0aqueles que direta ou indiretamente tiveram a imensa\u00a0satisfa\u00e7\u00e3o de conviver com o Alexandre, atrav\u00e9s de contatos\u00a0pessoais, por telefone, e-mails, Redes Sociais, etc &#8230;.<\/p>\n<p>Amigo Vasca\u00edno: DESCANSE EM PAZ E QUE DEUS TE ABEN\u00c7OE!\u00a0Obrigado pela sua luz, enquanto estivemos juntos em vida. A\u00a0Constela\u00e7\u00e3o de Pessoas do Bem acaba de receber\u00a0mais uma Estrela Iluminada.\u00a0Esta \u00e9 uma Nobre e justa homenagem para voc\u00ea!<\/p>\n<div>Finalmente destacamos o ato de GRANDEZA e AMOR AO PR\u00d3XIMO, pela doa\u00e7\u00e3o dos seus \u00f3rg\u00e3os!<\/div>\n<div><\/div>\n<div>Que cada um aqui, independentemente de sua denomina\u00e7\u00e3o\u00a0religiosa, <span style=\"color: #3366ff;\"><span style=\"color: #000000;\">possa<\/span> <\/span>fazer uma prece por ele, assim\u00a0como tamb\u00e9m outra para o consolo dos seus familiares e amigos!<\/div>\n<p>&nbsp;<\/p>\n<div>Carlos Alexandre Say\u00e3o Lobato Esteves <span style=\"color: #3366ff;\">(<i>Alexandre Pessoal<\/i>)<\/span><\/div>\n<p><img decoding=\"async\" alt=\"\" src=\"data:image\/png;base64,iVBORw0KGgoAAAANSUhEUgAAABoAAAAYCAIAAABr4HqSAAABgElEQVQ4jcXSvYrCQBQF4BPIA0gKWwVBUMRCsbBOk1J8BwtxImlESGQfwNbGKpLWQp9ATSV22ijYSBobsQkoRoTZLbIrbkjiLAnsKWfmfnPnB5+xBv\/DTafTw+EQG5fP54fDYTzcdrsFUKvV4uFUVQWQTCYvl0tUjlJaKBQAcBxnmmZUbrPZcBwHAECr1YrKEULwk3Q6zcRZlqWqaqfT+fgdTdMEQcBLGo2GZ02v12u327quU0q\/udvtZhiGp5I9kiTtdjvvYW3bJoTwPM8O5XK58Xgcdner1apSqbBYiqJ4vo7\/UzweD03TEolEEFQqlWazWeBT+KZerwdx8\/nctySQOx6PId3Jsvw3bjAYhNxaKpW63++sHKW0Wq0+i7PZ7Gg0ajabr+JisWDl1uu1W8PzvCzLtm2746ZpFotFd4oQwsopigJAFMXlcumZul6v3W4XgCAIjuO8587ncyaT6ff7vjs92yyXy5PJ5D13Op0sywqx3DiOs9\/v33NREjP3BRQYkwsPu\/AhAAAAAElFTkSuQmCC\" \/>\u00a0\u00a0\u00a0 1974<\/p>\n<p><img decoding=\"async\" alt=\"\" src=\"data:image\/png;base64,iVBORw0KGgoAAAANSUhEUgAAABQAAAAbCAIAAADzvTiPAAAAqklEQVQ4je2VMQoDIRBFf2kjNjN24xk8lI25gseyT+eBxAOYQghJ1oWsbBHI\/nJ4D+QPjOiztNa8984555z3vrU2xTCd1lqNMQAAGGNqrcdkIhoyEf2F3Htn5iEz8x6DUsp9k5zza9s55y1TSsHzeUdDRBCRNVlEoLVek7XWSCnFGG\/vCSEopQaklAohfAAxxpTSbtvW2iFba3fbPn\/Pl3zJvy2v3+0vf4wH\/+9cJd5bhBQAAAAASUVORK5CYII=\" \/>\u00a0\u00a0\u00a0\u00a0 2014<\/p>\n<p>&nbsp;<\/p>\n<\/div>\n","protected":false},"excerpt":{"rendered":"<p>Caros Amigos Vasca\u00ednos:\u00a0\u00a0\u00a0\u00a0 Venho por esta Coluna, depois de um bom tempo ausente em\u00a0minhas mat\u00e9rias&#8230;<\/p>\n","protected":false},"author":3,"featured_media":835,"comment_status":"open","ping_status":"closed","sticky":false,"template":"","format":"standard","meta":{"footnotes":""},"categories":[16],"tags":[],"class_list":["post-834","post","type-post","status-publish","format-standard","has-post-thumbnail","hentry","category-marcelopaiva"],"_links":{"self":[{"href":"https:\/\/webvasco.com\/artigos\/wp-json\/wp\/v2\/posts\/834","targetHints":{"allow":["GET"]}}],"collection":[{"href":"https:\/\/webvasco.com\/artigos\/wp-json\/wp\/v2\/posts"}],"about":[{"href":"https:\/\/webvasco.com\/artigos\/wp-json\/wp\/v2\/types\/post"}],"author":[{"embeddable":true,"href":"https:\/\/webvasco.com\/artigos\/wp-json\/wp\/v2\/users\/3"}],"replies":[{"embeddable":true,"href":"https:\/\/webvasco.com\/artigos\/wp-json\/wp\/v2\/comments?post=834"}],"version-history":[{"count":4,"href":"https:\/\/webvasco.com\/artigos\/wp-json\/wp\/v2\/posts\/834\/revisions"}],"predecessor-version":[{"id":837,"href":"https:\/\/webvasco.com\/artigos\/wp-json\/wp\/v2\/posts\/834\/revisions\/837"}],"wp:featuredmedia":[{"embeddable":true,"href":"https:\/\/webvasco.com\/artigos\/wp-json\/wp\/v2\/media\/835"}],"wp:attachment":[{"href":"https:\/\/webvasco.com\/artigos\/wp-json\/wp\/v2\/media?parent=834"}],"wp:term":[{"taxonomy":"category","embeddable":true,"href":"https:\/\/webvasco.com\/artigos\/wp-json\/wp\/v2\/categories?post=834"},{"taxonomy":"post_tag","embeddable":true,"href":"https:\/\/webvasco.com\/artigos\/wp-json\/wp\/v2\/tags?post=834"}],"curies":[{"name":"wp","href":"https:\/\/api.w.org\/{rel}","templated":true}]}}