{"id":8354,"date":"2017-10-29T17:22:14","date_gmt":"2017-10-29T20:22:14","guid":{"rendered":"http:\/\/webvasco.com\/artigos\/?p=8354"},"modified":"2017-10-29T17:22:54","modified_gmt":"2017-10-29T20:22:54","slug":"causas-impossiveis","status":"publish","type":"post","link":"https:\/\/webvasco.com\/artigos\/colunistas\/luizcarlosrocha\/causas-impossiveis\/","title":{"rendered":"CAUSAS IMPOSS\u00cdVEIS!"},"content":{"rendered":"<div id=\"m_1797079618751532693yui_3_16_0_ym19_1_1509288751294_17234\"><span id=\"m_1797079618751532693yui_3_16_0_ym19_1_1509288751294_17235\">Em pleno dia 28 de outubro (dia do Padroeiro dos Molambos), nem o santo fez milagre. Isto, porque, mesmo com o mando de campo e um atleta a mais por cerca de 10 minutos (Ramon se lesionou e j\u00e1 tinha sido feita a terceira substitui\u00e7\u00e3o), o Exclu\u00eddo n\u00e3o saiu do 0 a 0 contra o Gigante da Colina, marcando sua inefic\u00e1cia futebol\u00edstica na 31\u00aa Rodada, do Campeonato Brasileiro, Vers\u00e3o 2017, em pleno Maracan\u00e3.<u><\/u><u><\/u><\/span><\/div>\n<div id=\"m_1797079618751532693yui_3_16_0_ym19_1_1509288751294_17237\"><span id=\"m_1797079618751532693yui_3_16_0_ym19_1_1509288751294_17238\">\u00a0\u00a0\u00a0 H\u00e1 quem diga, que S\u00e3o Judas Tadeu deveria entrar em campo para que assim o fregu\u00eas Flamengo pudesse derrotar o Vasco da Gama. Talvez o santo das causas imposs\u00edveis atuando como atacante o resultado poderia ser diferente.<u><\/u><u><\/u><\/span><\/div>\n<div id=\"m_1797079618751532693yui_3_16_0_ym19_1_1509288751294_17240\"><span id=\"m_1797079618751532693yui_3_16_0_ym19_1_1509288751294_17241\">\u00a0\u00a0\u00a0 Mas enquanto o esporte mais tradicional do Brasil for para os simples mortais, o Povo do Gueto precisa encarar a realidade. Desacreditado no in\u00edcio da competi\u00e7\u00e3o o Mach\u00e3o da Gama mostrou que n\u00e3o se acovarda diante do \u201cbilion\u00e1rio\u201d plantel rubro-negro. Futebol n\u00e3o se ganha com as palavras antes da partida come\u00e7ar, ou com a an\u00e1lise de quem n\u00e3o conhece o desporto.<u><\/u><u><\/u><\/span><\/div>\n<div id=\"m_1797079618751532693yui_3_16_0_ym19_1_1509288751294_17243\"><span id=\"m_1797079618751532693yui_3_16_0_ym19_1_1509288751294_17244\">\u00a0\u00a0\u00a0 Futebol \u00e9 conhecimento, estudo e preparo. Saber t\u00e1tica, t\u00e9cnica e an\u00e1lise de jogo n\u00e3o \u00e9 para quem quer, e sim para quem pode, ou melhor, para quem estuda futebol. Agora \u00e9 pensar no Vit\u00f3ria, domingo, em S\u00e3o Janu\u00e1rio, \u00e0s 19h.<u><\/u><u><\/u><\/span><\/div>\n<div id=\"m_1797079618751532693yui_3_16_0_ym19_1_1509288751294_17246\"><b id=\"m_1797079618751532693yui_3_16_0_ym19_1_1509288751294_17247\"><u id=\"m_1797079618751532693yui_3_16_0_ym19_1_1509288751294_17248\"><span id=\"m_1797079618751532693yui_3_16_0_ym19_1_1509288751294_17249\">PARAB\u00c9NS:<\/span><\/u><\/b><span id=\"m_1797079618751532693yui_3_16_0_ym19_1_1509288751294_17250\">\u00a0No \u00faltimo dia 10 de outubro a vasca\u00edna\u00a0<b id=\"m_1797079618751532693yui_3_16_0_ym19_1_1509288751294_17251\">\u00daRSULLA ROCHA<\/b>\u00a0completou seis aninhos de idade. A princesa \u00e9 a entrevistada da Coluna Elas &amp; o Professor, de outubro, no Web Vasco.<u><\/u><u><\/u><\/span><\/div>\n<div id=\"m_1797079618751532693yui_3_16_0_ym19_1_1509288751294_17253\"><b id=\"m_1797079618751532693yui_3_16_0_ym19_1_1509288751294_17254\"><u id=\"m_1797079618751532693yui_3_16_0_ym19_1_1509288751294_17255\"><span id=\"m_1797079618751532693yui_3_16_0_ym19_1_1509288751294_17256\">ELEI\u00c7\u00d5ES:<\/span><\/u><\/b><span id=\"m_1797079618751532693yui_3_16_0_ym19_1_1509288751294_17257\">\u00a0Os candidatos Alexandre Campello e J\u00falio Brant, das chapas Frente Vasco Livre e Sempre Vasco, respectivamente resolveram unir suas for\u00e7as contra o \u201cmal\u201d. Formar\u00e3o uma chapa em conjunto de modo a tentar derrotar o atual presidente e candidato a reelei\u00e7\u00e3o no Vasco, Dom Charuto Miranda. O an\u00fancio oficial dever\u00e1 acontecer nesta segunda-feira, dia 30 de outubro.<u><\/u><u><\/u><\/span><\/div>\n<div id=\"m_1797079618751532693yui_3_16_0_ym19_1_1509288751294_17259\"><b id=\"m_1797079618751532693yui_3_16_0_ym19_1_1509288751294_17260\"><u id=\"m_1797079618751532693yui_3_16_0_ym19_1_1509288751294_17261\"><span id=\"m_1797079618751532693yui_3_16_0_ym19_1_1509288751294_17262\">LES\u00c3O:<\/span><\/u><\/b><span id=\"m_1797079618751532693yui_3_16_0_ym19_1_1509288751294_17263\">\u00a0O lateral esquerdo Ramon ou Ramonstro como parte da torcida o chama n\u00e3o atuar\u00e1 mais em 2017. Isto, porque ap\u00f3s se machucar sozinho, ontem, no cl\u00e1ssico diante do Exclu\u00eddo o jogador ficar\u00e1 de fora por cerca de seis meses. Vale ressaltar, que o contrato dele ir\u00e1 at\u00e9 dezembro deste ano, podendo ser renovado automaticamente por mais duas temporadas. Em tempo: \u00e9pocas atr\u00e1s Ramon ao sair do Gigante da Colina, chegando no Flamengo disse que estava bem \u00e0 vontade e criticou seu ex-clube de forma dolosa, atitude similar a Judas Iscariotes, s\u00f3 faltando o beijo no Dom Charuto.<u><\/u><u><\/u><\/span><\/div>\n<div id=\"m_1797079618751532693yui_3_16_0_ym19_1_1509288751294_17265\"><b id=\"m_1797079618751532693yui_3_16_0_ym19_1_1509288751294_17266\"><u id=\"m_1797079618751532693yui_3_16_0_ym19_1_1509288751294_17267\"><span id=\"m_1797079618751532693yui_3_16_0_ym19_1_1509288751294_17268\">SUB-13:<\/span><\/u><\/b><span id=\"m_1797079618751532693yui_3_16_0_ym19_1_1509288751294_17269\">\u00a0O Vasco \u00e9 mesmo o time da virada. Na manh\u00e3 de ontem, na pen\u00faltima Rodada de classifica\u00e7\u00e3o, da Ta\u00e7a Rio, de virada venceu o Molambo (2 a 1). Os respons\u00e1veis pela fa\u00e7anha foram os meninos Andrey e Cau\u00e3 Galv\u00e3o.<u><\/u><u><\/u><\/span><\/div>\n<div id=\"m_1797079618751532693yui_3_16_0_ym19_1_1509288751294_17271\"><span id=\"m_1797079618751532693yui_3_16_0_ym19_1_1509288751294_17272\"><u><\/u>\u00a0<u><\/u><\/span><\/div>\n<div id=\"m_1797079618751532693yui_3_16_0_ym19_1_1509288751294_17274\"><b id=\"m_1797079618751532693yui_3_16_0_ym19_1_1509288751294_17275\"><u id=\"m_1797079618751532693yui_3_16_0_ym19_1_1509288751294_17276\"><span id=\"m_1797079618751532693yui_3_16_0_ym19_1_1509288751294_17277\">VERGONHA (MAIS DE 4 ANOS!):<u><\/u><u><\/u><\/span><\/u><\/b><\/div>\n<div id=\"m_1797079618751532693yui_3_16_0_ym19_1_1509288751294_17279\"><span id=\"m_1797079618751532693yui_3_16_0_ym19_1_1509288751294_17280\">DEPOIS DE AGUARDAR\u00a0<b id=\"m_1797079618751532693yui_3_16_0_ym19_1_1509288751294_17281\">\u00a052 MESES, OU SEJA, 4 ANOS E 4 MESES!\u00a0 (CARRO DESDE 10 DE JUNHO DE 2013)<\/b>\u00a0COM O CARRO PRESO NA OFICINA DA ABOLI\u00c7\u00c3O VE\u00cdCULOS COM APENAS 729 KM RODADOS, EM UM PROCESSO COM 8 VOLUMES, NA 1\u00aa VARA CIVEL, DA COMARCA DE NITER\u00d3I\/RJ, REGIONAL OCE\u00c2NICA, A SENTEN\u00c7A FOI INDEFERIR TODOS OS MEUS PEDIDOS E AINDA CONDENAR EM 10% DE CUSTAS JUDICIAIS. OU SEJA, FIQUEI SEM CARRO ESSE TEMPO TODO (MESMO PAGANDO \u00c0 VISTA POR ELE), JUNTEI PROVAS COMO REGISTRO DE OCORR\u00caNCIA DA POL\u00cdCIA CIVIL\/RJ, BOLETIM DE OCORR\u00caNCIA DA POLICIA MILITAR\/RJ, ORDENS DE SERVI\u00c7O, MAIS DE 600 FOTOGRAFIAS, MAIS DE 40 \u00c1UDIOS, NOTAS FISCAIS, NOTAS DE T\u00c1XI, PRONTU\u00c1RIOS M\u00c9DICOS, POIS NESTE PER\u00cdODO TIVE PROBLEMAS DE SA\u00daDE, BEM COMO MEUS FAMILIARES, TENDO UMA FILHA QUE HOJE TEM APENAS 5 ANOS, NA \u00c9POCA POUCO MAIS DE 1 ANINHO. VALE LEMBRAR, QUE OS PRIMEIROS DEFEITOS SE DERAM QUANDO O CARRO TINHA MENOS DE 30 KM RODADOS. TUDO ISSO PARA NADA. QUEM GOSTOU DO RESULTADO DA DOUTA MAGRISTRADA FORAM AS EMPRESAS R\u00c9S \u2013 QUE ME LESARAM \u2013 ABOLI\u00c7\u00c3O VE\u00cdCULOS E VW DO BRASIL (PROCESSO: No 0016370-44.2013.8.19.0212).<u><\/u><u><\/u><\/span><\/div>\n<div id=\"m_1797079618751532693yui_3_16_0_ym19_1_1509288751294_17283\"><b id=\"m_1797079618751532693yui_3_16_0_ym19_1_1509288751294_17284\"><span id=\"m_1797079618751532693yui_3_16_0_ym19_1_1509288751294_17285\">\u00a0<u><\/u><u><\/u><\/span><\/b><\/div>\n<div id=\"m_1797079618751532693yui_3_16_0_ym19_1_1509288751294_17287\"><b id=\"m_1797079618751532693yui_3_16_0_ym19_1_1509288751294_17288\"><span id=\"m_1797079618751532693yui_3_16_0_ym19_1_1509288751294_17289\">\u00a0\u00a0\u00a0\u00a0\u00a0\u00a0\u00a0\u00a0\u00a0\u00a0\u00a0\u00a0\u00a0\u00a0<u><\/u><u><\/u><\/span><\/b><\/div>\n<div id=\"m_1797079618751532693yui_3_16_0_ym19_1_1509288751294_17291\"><b id=\"m_1797079618751532693yui_3_16_0_ym19_1_1509288751294_17292\"><span id=\"m_1797079618751532693yui_3_16_0_ym19_1_1509288751294_17293\">\u00a0\u00a0\u00a0\u00a0\u00a0\u00a0\u00a0\u00a0\u00a0\u00a0\u00a0\u00a0\u00a0\u00a0\u00a0\u00a0\u00a0\u00a0\u00a0\u00a0\u00a0\u00a0\u00a0\u00a0\u00a0\u00a0\u00a0\u00a0\u00a0\u00a0<u><\/u><u><\/u><\/span><\/b><\/div>\n<div id=\"m_1797079618751532693yui_3_16_0_ym19_1_1509288751294_17063\"><\/div>\n<div id=\"m_1797079618751532693yui_3_16_0_ym19_1_1509288751294_17295\" dir=\"ltr\"><b id=\"m_1797079618751532693yui_3_16_0_ym19_1_1509288751294_17296\"><span id=\"m_1797079618751532693yui_3_16_0_ym19_1_1509288751294_17297\">AP\u00d3S AS TODAS AS PARTIDAS DO VASC\u00c3O EM MEU PERFIL DO FACEBOOK (QUEM QUISER RECEBER AS CR\u00d4NICAS DE PRIMEIRA M\u00c3O \u00c9 S\u00d3 ME ADICIONAR), E NO SITE WEBVASCO (<a href=\"http:\/\/www.webvasco.com\/\" target=\"_blank\" rel=\"noopener\" data-saferedirecturl=\"https:\/\/www.google.com\/url?hl=pt-BR&amp;q=http:\/\/www.webvasco.com&amp;source=gmail&amp;ust=1509394745922000&amp;usg=AFQjCNETViGUkXoLnC90hzPcDuY_mJu2lA\">www.webvasco.com<\/a>), TEM A OPINI\u00c3O DO JORNALISTA LUIZ CARLOS ROCHA. LEIAM! COMPARTILHEM E CURTAM! VASCA\u00cdNOS UNIDOS JAMAIS SER\u00c3O VENCIDOS.<\/span><\/b><\/div>\n","protected":false},"excerpt":{"rendered":"<p>Em pleno dia 28 de outubro (dia do Padroeiro dos Molambos), nem o santo fez&#8230;<\/p>\n","protected":false},"author":7,"featured_media":0,"comment_status":"open","ping_status":"closed","sticky":false,"template":"","format":"standard","meta":{"footnotes":""},"categories":[4],"tags":[],"class_list":["post-8354","post","type-post","status-publish","format-standard","hentry","category-luizcarlosrocha"],"_links":{"self":[{"href":"https:\/\/webvasco.com\/artigos\/wp-json\/wp\/v2\/posts\/8354","targetHints":{"allow":["GET"]}}],"collection":[{"href":"https:\/\/webvasco.com\/artigos\/wp-json\/wp\/v2\/posts"}],"about":[{"href":"https:\/\/webvasco.com\/artigos\/wp-json\/wp\/v2\/types\/post"}],"author":[{"embeddable":true,"href":"https:\/\/webvasco.com\/artigos\/wp-json\/wp\/v2\/users\/7"}],"replies":[{"embeddable":true,"href":"https:\/\/webvasco.com\/artigos\/wp-json\/wp\/v2\/comments?post=8354"}],"version-history":[{"count":1,"href":"https:\/\/webvasco.com\/artigos\/wp-json\/wp\/v2\/posts\/8354\/revisions"}],"predecessor-version":[{"id":8355,"href":"https:\/\/webvasco.com\/artigos\/wp-json\/wp\/v2\/posts\/8354\/revisions\/8355"}],"wp:attachment":[{"href":"https:\/\/webvasco.com\/artigos\/wp-json\/wp\/v2\/media?parent=8354"}],"wp:term":[{"taxonomy":"category","embeddable":true,"href":"https:\/\/webvasco.com\/artigos\/wp-json\/wp\/v2\/categories?post=8354"},{"taxonomy":"post_tag","embeddable":true,"href":"https:\/\/webvasco.com\/artigos\/wp-json\/wp\/v2\/tags?post=8354"}],"curies":[{"name":"wp","href":"https:\/\/api.w.org\/{rel}","templated":true}]}}