{"id":8357,"date":"2017-11-06T07:19:51","date_gmt":"2017-11-06T10:19:51","guid":{"rendered":"http:\/\/webvasco.com\/artigos\/?p=8357"},"modified":"2017-11-06T14:38:00","modified_gmt":"2017-11-06T17:38:00","slug":"que-vergonha-ponto","status":"publish","type":"post","link":"https:\/\/webvasco.com\/artigos\/colunistas\/luizcarlosrocha\/que-vergonha-ponto\/","title":{"rendered":"QUE VERGONHA, PONTO!"},"content":{"rendered":"<div id=\"m_1489601175705362139yui_3_16_0_ym19_1_1509288751294_562289\"><span id=\"m_1489601175705362139yui_3_16_0_ym19_1_1509288751294_562290\">\u00a0 \u00a0 O Vasco da Gama atuou hoje, no Maracan\u00e3, diante do Vit\u00f3ria\/BA, em ritmo baiano, e por isso n\u00e3o passou do empate por 1 a 1, na 32\u00aa Rodada, do Campeonato Brasileiro, vers\u00e3o 2017. A igualdade no placar prejudicou e muito o Cruzmaltino que continuou na 8\u00aa coloca\u00e7\u00e3o na tabela de classifica\u00e7\u00e3o, agora com 45 pontos. Os gols foram marcados por Breno para o time da casa e Andr\u00e9 Lima para os visitantes.<u><\/u><u><\/u><\/span><\/div>\n<div id=\"m_1489601175705362139yui_3_16_0_ym19_1_1509288751294_562292\"><span id=\"m_1489601175705362139yui_3_16_0_ym19_1_1509288751294_562293\">\u00a0\u00a0\u00a0 Tudo conspirava a favor. O Exclu\u00eddo perdeu de virada para o Gr\u00eamio. Logo, uma vit\u00f3ria colocaria o Gigante (ser\u00e1 mesmo?) da Colina na s\u00e9tima coloca\u00e7\u00e3o e de malas prontas para a disputa da Copa Libertadores, em 2018. Mas atuando em casa, contra um time extremamente fraco que luta contra o rebaixamento (era o antepen\u00faltimo da competi\u00e7\u00e3o), mesmo assim o treinador mediano que todos dizem que \u00e9 bom recuou a equipe e deu nisso.<u><\/u><u><\/u><\/span><\/div>\n<div id=\"m_1489601175705362139yui_3_16_0_ym19_1_1509288751294_562295\"><span id=\"m_1489601175705362139yui_3_16_0_ym19_1_1509288751294_562296\">\u00a0\u00a0\u00a0 Jogar no contra-ataque? Ganhando de somente um gol de diferen\u00e7a, e em casa com uma equipe do patamar do Vit\u00f3ria? \u00c9 no m\u00ednimo se acovardar. No Vasco de outrora n\u00e3o havia espa\u00e7o para covardes. Cad\u00ea o respeito Dom Charuto? O que conforta a Imensa Torcida Bem Sofrida, digo Feliz \u00e9 saber que a Dinastia Miranda ir\u00e1 acabar, pois o eleitor vasca\u00edno saber\u00e1 desta vez votar e provavelmente agora o Minist\u00e9rio P\u00fablico acompanhar\u00e1 todo o processo das elei\u00e7\u00f5es vasca\u00ednas. Sendo assim, em 2018 teremos outro presidente.<u><\/u><u><\/u><\/span><\/div>\n<div id=\"m_1489601175705362139yui_3_16_0_ym19_1_1509288751294_562298\"><span id=\"m_1489601175705362139yui_3_16_0_ym19_1_1509288751294_562299\">\u00a0\u00a0\u00a0 Na quarta-feira, dia 08 de novembro, \u00e0s 21h45m (ser\u00e1 a partida da TV), na Vila Belmiro, o Vasco enfrentar\u00e1 o Santos, atual vice-l\u00edder do Brasileir\u00e3o. Um empate ser\u00e1 considerado bom. Mas se retornar para o Rio de Janeiro com os tr\u00eas pontos voltar\u00e1 em paz com a torcida, uma vez que praticamente deu o empate de m\u00e3o beijada hoje, diante do fraco Vit\u00f3ria, no palco maior do futebol.\u00a0\u00a0<u><\/u><u><\/u><\/span><\/div>\n<div id=\"m_1489601175705362139yui_3_16_0_ym19_1_1509288751294_562301\"><span id=\"m_1489601175705362139yui_3_16_0_ym19_1_1509288751294_562302\">\u00a0\u00a0\u00a0 Atuando em casa: Chapecoense (SJ) 1 a 1, em 30 de setembro. Depois foi o Coritiba (Maracan\u00e3) em 21 de outubro, outro 1 a 1.Sem contar o Sport, que embora tenha sido na Ilha do Retiro em 25 de setembro, tamb\u00e9m foi 1 a 1. Ou seja, contando com a partida de hoje, dos 12 pontos disputados, na qual o Vasco teria\u00a0<b id=\"m_1489601175705362139yui_3_16_0_ym19_1_1509288751294_562303\"><u id=\"m_1489601175705362139yui_3_16_0_ym19_1_1509288751294_562304\">OBRIGA\u00c7\u00c3O<\/u><\/b>\u00a0de conquistar todos, foram apenas 4 empates, em jogos que seriam quatro vit\u00f3rias. Certamente 8 pontos far\u00e3o diferen\u00e7a ao final do Campeonato Brasileiro. N\u00e3o fossem esses pontos perdidos o Cruzmaltino seria o quarto colocado na tabela! Fora Eurico!<u><\/u><u><\/u><\/span><\/div>\n<div id=\"m_1489601175705362139yui_3_16_0_ym19_1_1509288751294_562306\"><span id=\"m_1489601175705362139yui_3_16_0_ym19_1_1509288751294_562307\"><u><\/u>\u00a0<u><\/u><\/span><\/div>\n<div id=\"m_1489601175705362139yui_3_16_0_ym19_1_1509288751294_562309\"><span id=\"m_1489601175705362139yui_3_16_0_ym19_1_1509288751294_562310\"><u><\/u>\u00a0<u><\/u><\/span><\/div>\n<div id=\"m_1489601175705362139yui_3_16_0_ym19_1_1509288751294_562312\"><span id=\"m_1489601175705362139yui_3_16_0_ym19_1_1509288751294_562313\"><u><\/u>\u00a0<u><\/u><\/span><\/div>\n<div id=\"m_1489601175705362139yui_3_16_0_ym19_1_1509288751294_562315\"><b id=\"m_1489601175705362139yui_3_16_0_ym19_1_1509288751294_562316\"><u id=\"m_1489601175705362139yui_3_16_0_ym19_1_1509288751294_562317\"><span id=\"m_1489601175705362139yui_3_16_0_ym19_1_1509288751294_562318\">VERGONHA (MAIS DE 4 ANOS!):<u><\/u><u><\/u><\/span><\/u><\/b><\/div>\n<div id=\"m_1489601175705362139yui_3_16_0_ym19_1_1509288751294_562320\"><span id=\"m_1489601175705362139yui_3_16_0_ym19_1_1509288751294_562321\">DEPOIS DE AGUARDAR\u00a0<b id=\"m_1489601175705362139yui_3_16_0_ym19_1_1509288751294_562322\">\u00a052 MESES, OU SEJA, 4 ANOS E 4 MESES!\u00a0 (CARRO DESDE 10 DE JUNHO DE 2013)<\/b>\u00a0COM O CARRO PRESO NA OFICINA DA ABOLI\u00c7\u00c3O VE\u00cdCULOS COM APENAS 729 KM RODADOS, EM UM PROCESSO COM 8 VOLUMES, NA 1\u00aa VARA CIVEL, DA COMARCA DE NITER\u00d3I\/RJ, REGIONAL OCE\u00c2NICA, A SENTEN\u00c7A FOI INDEFERIR TODOS OS MEUS PEDIDOS E AINDA CONDENAR EM 10% DE CUSTAS JUDICIAIS. OU SEJA, FIQUEI SEM CARRO ESSE TEMPO TODO (MESMO PAGANDO \u00c0 VISTA POR ELE), JUNTEI PROVAS COMO REGISTRO DE OCORR\u00caNCIA DA POL\u00cdCIA CIVIL\/RJ, BOLETIM DE OCORR\u00caNCIA DA POLICIA MILITAR\/RJ, ORDENS DE SERVI\u00c7O, MAIS DE 600 FOTOGRAFIAS, MAIS DE 40 \u00c1UDIOS, NOTAS FISCAIS, NOTAS DE T\u00c1XI, PRONTU\u00c1RIOS M\u00c9DICOS, POIS NESTE PER\u00cdODO TIVE PROBLEMAS DE SA\u00daDE, BEM COMO MEUS FAMILIARES, TENDO UMA FILHA QUE HOJE TEM APENAS 5 ANOS, NA \u00c9POCA POUCO MAIS DE 1 ANINHO. VALE LEMBRAR, QUE OS PRIMEIROS DEFEITOS SE DERAM QUANDO O CARRO TINHA MENOS DE 30 KM RODADOS. TUDO ISSO PARA NADA. QUEM GOSTOU DO RESULTADO DA DOUTA MAGRISTRADA FORAM AS EMPRESAS R\u00c9S \u2013 QUE ME LESARAM \u2013 ABOLI\u00c7\u00c3O VE\u00cdCULOS E VW DO BRASIL (PROCESSO: No 0016370-44.2013.8.19.0212).<u><\/u><u><\/u><\/span><\/div>\n<div id=\"m_1489601175705362139yui_3_16_0_ym19_1_1509288751294_562324\"><b id=\"m_1489601175705362139yui_3_16_0_ym19_1_1509288751294_562325\"><span id=\"m_1489601175705362139yui_3_16_0_ym19_1_1509288751294_562326\">\u00a0<u><\/u><u><\/u><\/span><\/b><\/div>\n<div id=\"m_1489601175705362139yui_3_16_0_ym19_1_1509288751294_562328\"><b id=\"m_1489601175705362139yui_3_16_0_ym19_1_1509288751294_562329\"><span id=\"m_1489601175705362139yui_3_16_0_ym19_1_1509288751294_562330\">\u00a0\u00a0\u00a0\u00a0\u00a0\u00a0\u00a0\u00a0\u00a0\u00a0\u00a0\u00a0\u00a0\u00a0<u><\/u><u><\/u><\/span><\/b><\/div>\n<div id=\"m_1489601175705362139yui_3_16_0_ym19_1_1509288751294_562332\"><b id=\"m_1489601175705362139yui_3_16_0_ym19_1_1509288751294_562333\"><span id=\"m_1489601175705362139yui_3_16_0_ym19_1_1509288751294_562334\">\u00a0\u00a0\u00a0\u00a0\u00a0\u00a0\u00a0\u00a0\u00a0\u00a0\u00a0\u00a0\u00a0\u00a0\u00a0\u00a0\u00a0\u00a0\u00a0\u00a0\u00a0\u00a0\u00a0\u00a0\u00a0\u00a0\u00a0\u00a0\u00a0\u00a0<u><\/u><u><\/u><\/span><\/b><\/div>\n<div id=\"m_1489601175705362139yui_3_16_0_ym19_1_1509288751294_562048\"><\/div>\n<div id=\"m_1489601175705362139yui_3_16_0_ym19_1_1509288751294_562336\" dir=\"ltr\"><b id=\"m_1489601175705362139yui_3_16_0_ym19_1_1509288751294_562337\"><span id=\"m_1489601175705362139yui_3_16_0_ym19_1_1509288751294_562338\">AP\u00d3S AS TODAS AS PARTIDAS DO VASC\u00c3O EM MEU PERFIL DO FACEBOOK (QUEM QUISER RECEBER AS CR\u00d4NICAS DE PRIMEIRA M\u00c3O \u00c9 S\u00d3 ME ADICIONAR), E NO SITE WEBVASCO (<a href=\"http:\/\/www.webvasco.com\/\" target=\"_blank\" rel=\"noopener\" data-saferedirecturl=\"https:\/\/www.google.com\/url?hl=pt-BR&amp;q=http:\/\/www.webvasco.com&amp;source=gmail&amp;ust=1510049846704000&amp;usg=AFQjCNEK9P_U6G6FSzYkTLkt3TUhj-2I1w\">www.webvasco.com<\/a>), TEM A OPINI\u00c3O DO JORNALISTA LUIZ CARLOS ROCHA. LEIAM! COMPARTILHEM E CURTAM! VASCA\u00cdNOS UNIDOS JAMAIS SER\u00c3O VENCIDOS.<\/span><\/b><\/div>\n","protected":false},"excerpt":{"rendered":"<p>\u00a0 \u00a0 O Vasco da Gama atuou hoje, no Maracan\u00e3, diante do Vit\u00f3ria\/BA, em ritmo&#8230;<\/p>\n","protected":false},"author":7,"featured_media":0,"comment_status":"open","ping_status":"closed","sticky":false,"template":"","format":"standard","meta":{"footnotes":""},"categories":[4],"tags":[],"class_list":["post-8357","post","type-post","status-publish","format-standard","hentry","category-luizcarlosrocha"],"_links":{"self":[{"href":"https:\/\/webvasco.com\/artigos\/wp-json\/wp\/v2\/posts\/8357","targetHints":{"allow":["GET"]}}],"collection":[{"href":"https:\/\/webvasco.com\/artigos\/wp-json\/wp\/v2\/posts"}],"about":[{"href":"https:\/\/webvasco.com\/artigos\/wp-json\/wp\/v2\/types\/post"}],"author":[{"embeddable":true,"href":"https:\/\/webvasco.com\/artigos\/wp-json\/wp\/v2\/users\/7"}],"replies":[{"embeddable":true,"href":"https:\/\/webvasco.com\/artigos\/wp-json\/wp\/v2\/comments?post=8357"}],"version-history":[{"count":1,"href":"https:\/\/webvasco.com\/artigos\/wp-json\/wp\/v2\/posts\/8357\/revisions"}],"predecessor-version":[{"id":8358,"href":"https:\/\/webvasco.com\/artigos\/wp-json\/wp\/v2\/posts\/8357\/revisions\/8358"}],"wp:attachment":[{"href":"https:\/\/webvasco.com\/artigos\/wp-json\/wp\/v2\/media?parent=8357"}],"wp:term":[{"taxonomy":"category","embeddable":true,"href":"https:\/\/webvasco.com\/artigos\/wp-json\/wp\/v2\/categories?post=8357"},{"taxonomy":"post_tag","embeddable":true,"href":"https:\/\/webvasco.com\/artigos\/wp-json\/wp\/v2\/tags?post=8357"}],"curies":[{"name":"wp","href":"https:\/\/api.w.org\/{rel}","templated":true}]}}