{"id":8359,"date":"2017-11-09T17:23:21","date_gmt":"2017-11-09T20:23:21","guid":{"rendered":"http:\/\/webvasco.com\/artigos\/?p=8359"},"modified":"2017-11-09T17:48:18","modified_gmt":"2017-11-09T20:48:18","slug":"vasco-jogou-como-vasco","status":"publish","type":"post","link":"https:\/\/webvasco.com\/artigos\/colunistas\/luizcarlosrocha\/vasco-jogou-como-vasco\/","title":{"rendered":"VASCO JOGOU COMO VASCO!"},"content":{"rendered":"<div id=\"m_-8835488158370280275yui_3_16_0_ym19_1_1509288751294_892718\"><span id=\"m_-8835488158370280275yui_3_16_0_ym19_1_1509288751294_892719\">\u00a0 \u00a0 A Rodada de n\u00famero 33 foi mesmo emocionante! Em plena Vila Belmiro, o Santos inaugurou o marcador com Ricardo Oliveira. Por\u00e9m, o Vasco da Gama que \u00e9 conhecido como time da virada e do amor, igualou o marcador com um gola\u00e7o do jovem Evander, e definiu a partida com a experi\u00eancia de Nen\u00ea ao cobrar de forma \u00edmpar uma falta da meia lua e anotar mais uma pintura em sua brilhante carreira. Com o resultado a equipe carioca seguiu no sonho de frequentar a Libertadores, em 2018.<u><\/u><u><\/u><\/span><\/div>\n<div id=\"m_-8835488158370280275yui_3_16_0_ym19_1_1509288751294_892721\"><span id=\"m_-8835488158370280275yui_3_16_0_ym19_1_1509288751294_892722\">\u00a0\u00a0\u00a0 Vale lembrar, que antes do jogo iniciar o Peixe era o vice-l\u00edder da competi\u00e7\u00e3o e atuava em casa. Agora os n\u00fameros do Gigante da Colina no Brasileir\u00e3o, S\u00e9rie A, 2017 s\u00e3o 48 pontos ganhos, na oitava posi\u00e7\u00e3o. O pr\u00f3ximo desafio cruzmaltino ser\u00e1 domingo, dia 12, \u00e0s 17h, em S\u00e3o Janu\u00e1rio, contra o S\u00e3o Paulo. S\u00f3 o triunfo interessa.<u><\/u><u><\/u><\/span><\/div>\n<div id=\"m_-8835488158370280275yui_3_16_0_ym19_1_1509288751294_892724\"><span id=\"m_-8835488158370280275yui_3_16_0_ym19_1_1509288751294_892725\">\u00a0\u00a0\u00a0 Quem estreou muito bem foi o goleiro Gabriel F\u00e9lix. O garoto que vem da base mostrou muita personalidade e seguran\u00e7a em sua \u00e1rea de atua\u00e7\u00e3o. J\u00e1 o arqueiro Jordi foi inseguro \u2013 como sempre &#8211;\u00a0 e n\u00e3o acrescentou em nada. Pelo contr\u00e1rio, o gol sofrido foi culpa exclusivamente sua. Quem tamb\u00e9m n\u00e3o jogou rigorosamente nada foi o atacante (de nervos) Andr\u00e9s Rios. Para completar os que destoaram a noite tivemos tamb\u00e9m o Chico Bento, ou melhor, \u00c9der Lu\u00eds. Ele morreu faz tempo!<u><\/u><u><\/u><\/span><\/div>\n<div id=\"m_-8835488158370280275yui_3_16_0_ym19_1_1509288751294_892727\"><span id=\"m_-8835488158370280275yui_3_16_0_ym19_1_1509288751294_892728\">\u00a0\u00a0\u00a0 O que valeu (e muito) foi o conjunto da obra. O elenco n\u00e3o mostrava um futebol digno das tradi\u00e7\u00f5es vasca\u00ednas h\u00e1 muito tempo. Enfim, o Vasco atuou verdadeiramente como Vasco da Gama. Um clube desta magnitude n\u00e3o pode se entregar nem um s\u00f3 instante, durante os 90 minutos de peleja. Parab\u00e9ns Z\u00e9 e seus pupilos.<u><\/u><u><\/u><\/span><\/div>\n<div><\/div>\n<div id=\"m_-8835488158370280275yui_3_16_0_ym19_1_1509288751294_892730\"><b id=\"m_-8835488158370280275yui_3_16_0_ym19_1_1509288751294_892731\"><u id=\"m_-8835488158370280275yui_3_16_0_ym19_1_1509288751294_892732\"><span id=\"m_-8835488158370280275yui_3_16_0_ym19_1_1509288751294_892733\"> <a href=\"https:\/\/webvasco.com\/artigos\/wp-content\/uploads\/2017\/11\/IMG_20171107_210015836-1.jpg\"><img loading=\"lazy\" decoding=\"async\" class=\"alignright size-medium wp-image-8365\" src=\"https:\/\/webvasco.com\/artigos\/wp-content\/uploads\/2017\/11\/IMG_20171107_210015836-1-300x169.jpg\" alt=\"\" width=\"300\" height=\"169\" srcset=\"https:\/\/webvasco.com\/artigos\/wp-content\/uploads\/2017\/11\/IMG_20171107_210015836-1-300x169.jpg 300w, https:\/\/webvasco.com\/artigos\/wp-content\/uploads\/2017\/11\/IMG_20171107_210015836-1-150x84.jpg 150w, https:\/\/webvasco.com\/artigos\/wp-content\/uploads\/2017\/11\/IMG_20171107_210015836-1-768x432.jpg 768w, https:\/\/webvasco.com\/artigos\/wp-content\/uploads\/2017\/11\/IMG_20171107_210015836-1-1024x576.jpg 1024w, https:\/\/webvasco.com\/artigos\/wp-content\/uploads\/2017\/11\/IMG_20171107_210015836-1-777x437.jpg 777w, https:\/\/webvasco.com\/artigos\/wp-content\/uploads\/2017\/11\/IMG_20171107_210015836-1-260x146.jpg 260w, https:\/\/webvasco.com\/artigos\/wp-content\/uploads\/2017\/11\/IMG_20171107_210015836-1-120x67.jpg 120w, https:\/\/webvasco.com\/artigos\/wp-content\/uploads\/2017\/11\/IMG_20171107_210015836-1.jpg 1632w\" sizes=\"auto, (max-width: 300px) 100vw, 300px\" \/><\/a><a href=\"https:\/\/webvasco.com\/artigos\/wp-content\/uploads\/2017\/11\/IMG_20171107_204947900.jpg\"><img loading=\"lazy\" decoding=\"async\" class=\"size-medium wp-image-8361 alignright\" src=\"https:\/\/webvasco.com\/artigos\/wp-content\/uploads\/2017\/11\/IMG_20171107_204947900-169x300.jpg\" alt=\"\" width=\"169\" height=\"300\" srcset=\"https:\/\/webvasco.com\/artigos\/wp-content\/uploads\/2017\/11\/IMG_20171107_204947900-169x300.jpg 169w, https:\/\/webvasco.com\/artigos\/wp-content\/uploads\/2017\/11\/IMG_20171107_204947900-84x150.jpg 84w, https:\/\/webvasco.com\/artigos\/wp-content\/uploads\/2017\/11\/IMG_20171107_204947900-768x1365.jpg 768w, https:\/\/webvasco.com\/artigos\/wp-content\/uploads\/2017\/11\/IMG_20171107_204947900-576x1024.jpg 576w, https:\/\/webvasco.com\/artigos\/wp-content\/uploads\/2017\/11\/IMG_20171107_204947900.jpg 1080w\" sizes=\"auto, (max-width: 169px) 100vw, 169px\" \/><\/a>ELEI\u00c7\u00d5ES:<\/span><\/u><\/b><span id=\"m_-8835488158370280275yui_3_16_0_ym19_1_1509288751294_892734\">\u00a0 Na \u00faltima ter\u00e7a-feira dia 07 de novembro, aconteceu a elei\u00e7\u00e3o para presidente do Club de regatas Vasco da Gama. Naquele dia o candidato Fernando Horta retirou a sua pretens\u00e3o deixando o caminho para Eurico Miranda versus a Coliga\u00e7\u00e3o J\u00falio Brant e Alexandre Campello. Ocorre, que ao final da contagem o atual mandat\u00e1rio obteve 1.683 votos contra 1.935 da oposi\u00e7\u00e3o. Horta mesmo fora da concorr\u00eancia somou 421 votos. Ainda foram encontrados 2 anulados e 3 em branco. At\u00e9 a\u00ed tudo bem. Por\u00e9m, a Urna de n\u00famero 7 (que na m\u00e1xima popular \u00e9 contagem de mentiroso), \u00e9 chamada pela imprensa de Urna da Disc\u00f3rdia, Isto, porque, na referida caixa tinham 426 votos para a situa\u00e7\u00e3o, 42 para Brant\/Campello, 4 para Horta e 1 nulo. H\u00e1 quem diga que tais escolhas foram feitas por s\u00f3cios irregulares (alguns mortos outros inadimplentes). A verdade \u00e9 que embora o Cruzmaltino tenha a terceira maior torcida do Brasil, apenas 10.494 s\u00e3o s\u00f3cios eleitores, e destes apenas 7.109 eleg\u00edveis. Na noite de ter\u00e7a-feira (dia 07\/11\/2017) apareceram somente 4.517. Ainda sob judice a Urna do Capeta mant\u00e9m a esperan\u00e7a de \u201cL\u00facifer\u201d continuar no comando e o Gigante se apequenando cada dia mais. Pois se forem computados os numer\u00e1rios daquela, Dom Charuto est\u00e1 reeleito, mas se for justamente anulada, em 2018 teremos a renova\u00e7\u00e3o com J\u00falio Brant e Alexandre Campello. Para concluir: o resultado era o esperado, pois a Imensa Torcida Bem Feliz n\u00e3o aguenta mais a Dinastia Miranda no clube. Mas por outro lado, Eurico e seus mais de 40 euriquetes anunciaram o que fariam, pois zero \u00e0 esquerda n\u00e3o \u00e9 nada, e a data das elei\u00e7\u00f5es foi 07 (zero \u00e0 esquerda) do 11, de 2017. Ou seja o n\u00famero 7 mais duas vezes o n\u00famero 1, o que forma 171\/2017. Est\u00e1 explicado!<\/span><\/div>\n<div><\/div>\n<div><span id=\"m_-8835488158370280275yui_3_16_0_ym19_1_1509288751294_892734\"><a href=\"https:\/\/webvasco.com\/artigos\/wp-content\/uploads\/2017\/11\/IMG_20171107_211624217.jpg\"><img loading=\"lazy\" decoding=\"async\" class=\"size-medium wp-image-8362 alignright\" src=\"https:\/\/webvasco.com\/artigos\/wp-content\/uploads\/2017\/11\/IMG_20171107_211624217-169x300.jpg\" alt=\"\" width=\"169\" height=\"300\" srcset=\"https:\/\/webvasco.com\/artigos\/wp-content\/uploads\/2017\/11\/IMG_20171107_211624217-169x300.jpg 169w, https:\/\/webvasco.com\/artigos\/wp-content\/uploads\/2017\/11\/IMG_20171107_211624217-84x150.jpg 84w, https:\/\/webvasco.com\/artigos\/wp-content\/uploads\/2017\/11\/IMG_20171107_211624217-768x1365.jpg 768w, https:\/\/webvasco.com\/artigos\/wp-content\/uploads\/2017\/11\/IMG_20171107_211624217-576x1024.jpg 576w, https:\/\/webvasco.com\/artigos\/wp-content\/uploads\/2017\/11\/IMG_20171107_211624217.jpg 1080w\" sizes=\"auto, (max-width: 169px) 100vw, 169px\" \/><\/a><u><\/u><u><\/u><\/span><\/div>\n<div id=\"m_-8835488158370280275yui_3_16_0_ym19_1_1509288751294_892736\"><b id=\"m_-8835488158370280275yui_3_16_0_ym19_1_1509288751294_892737\"><u id=\"m_-8835488158370280275yui_3_16_0_ym19_1_1509288751294_892738\"><span id=\"m_-8835488158370280275yui_3_16_0_ym19_1_1509288751294_892739\"><a href=\"https:\/\/webvasco.com\/artigos\/wp-content\/uploads\/2017\/11\/IMG_20171107_201247205.jpg\"><img loading=\"lazy\" decoding=\"async\" class=\"alignright size-medium wp-image-8363\" src=\"https:\/\/webvasco.com\/artigos\/wp-content\/uploads\/2017\/11\/IMG_20171107_201247205-300x169.jpg\" alt=\"\" width=\"300\" height=\"169\" srcset=\"https:\/\/webvasco.com\/artigos\/wp-content\/uploads\/2017\/11\/IMG_20171107_201247205-300x169.jpg 300w, https:\/\/webvasco.com\/artigos\/wp-content\/uploads\/2017\/11\/IMG_20171107_201247205-150x84.jpg 150w, https:\/\/webvasco.com\/artigos\/wp-content\/uploads\/2017\/11\/IMG_20171107_201247205-768x432.jpg 768w, https:\/\/webvasco.com\/artigos\/wp-content\/uploads\/2017\/11\/IMG_20171107_201247205-1024x576.jpg 1024w, https:\/\/webvasco.com\/artigos\/wp-content\/uploads\/2017\/11\/IMG_20171107_201247205-777x437.jpg 777w, https:\/\/webvasco.com\/artigos\/wp-content\/uploads\/2017\/11\/IMG_20171107_201247205-260x146.jpg 260w, https:\/\/webvasco.com\/artigos\/wp-content\/uploads\/2017\/11\/IMG_20171107_201247205-120x67.jpg 120w, https:\/\/webvasco.com\/artigos\/wp-content\/uploads\/2017\/11\/IMG_20171107_201247205.jpg 1632w\" sizes=\"auto, (max-width: 300px) 100vw, 300px\" \/><\/a>ELEI\u00c7\u00d5ES II:<\/span><\/u><\/b><span id=\"m_-8835488158370280275yui_3_16_0_ym19_1_1509288751294_892740\">\u00a0Mais do que nunca o clima de ditadura foi expl\u00edcito no C.R.V.G. um ambiente pesado e hostil, dentro e fora de S\u00e3o Janu\u00e1rio. A assessoria de imprensa distribuiu credenciais para os profissionais da \u00e1rea, mas n\u00e3o foi amplamente divulgado, tampouco tinha suficiente para todos os profissionais. Sendo assim, os \u201cmilicianos\u201d do \u201cDout\u00f4\u201d Eurico barravam os que n\u00e3o possu\u00edam tal documento. Os que conheciam a legisla\u00e7\u00e3o p\u00e1tria peitavam baseados na Lei, e acabaram entrando. Mas a m\u00eddia teve lugar espec\u00edfico, um curralzinho no gin\u00e1sio. N\u00e3o teve essa de livre acesso como nas elei\u00e7\u00f5es de 2014 (gest\u00e3o Roberto Dinamite). Os truculentos e mal mandados do \u201cMafeioso\u201d ainda arrumaram confus\u00e3o com um radialista de Niter\u00f3i. Uma l\u00e1stima.<b id=\"m_-8835488158370280275yui_3_16_0_ym19_1_1509288751294_892741\"><u id=\"m_-8835488158370280275yui_3_16_0_ym19_1_1509288751294_892742\"><\/u><u><\/u><u><\/u><\/b><\/span><\/div>\n<div><\/div>\n<div id=\"m_-8835488158370280275yui_3_16_0_ym19_1_1509288751294_892744\"><span id=\"m_-8835488158370280275yui_3_16_0_ym19_1_1509288751294_892745\"><u><\/u>\u00a0<u><\/u><\/span><\/div>\n<div id=\"m_-8835488158370280275yui_3_16_0_ym19_1_1509288751294_892747\"><b id=\"m_-8835488158370280275yui_3_16_0_ym19_1_1509288751294_892748\"><u id=\"m_-8835488158370280275yui_3_16_0_ym19_1_1509288751294_892749\"><span id=\"m_-8835488158370280275yui_3_16_0_ym19_1_1509288751294_892750\">VERGONHA (MAIS DE 4 ANOS!):<u><\/u><u><\/u><\/span><\/u><\/b><\/div>\n<div id=\"m_-8835488158370280275yui_3_16_0_ym19_1_1509288751294_892752\"><span id=\"m_-8835488158370280275yui_3_16_0_ym19_1_1509288751294_892753\">DEPOIS DE AGUARDAR\u00a0<b id=\"m_-8835488158370280275yui_3_16_0_ym19_1_1509288751294_892754\">\u00a052 MESES, OU SEJA, 4 ANOS E 4 MESES!\u00a0 (CARRO DESDE 10 DE JUNHO DE 2013)<\/b>\u00a0COM O CARRO PRESO NA OFICINA DA ABOLI\u00c7\u00c3O VE\u00cdCULOS COM APENAS 729 KM RODADOS, EM UM PROCESSO COM 8 VOLUMES, NA 1\u00aa VARA CIVEL, DA COMARCA DE NITER\u00d3I\/RJ, REGIONAL OCE\u00c2NICA, A SENTEN\u00c7A FOI INDEFERIR TODOS OS MEUS PEDIDOS E AINDA CONDENAR EM 10% DE CUSTAS JUDICIAIS. OU SEJA, FIQUEI SEM CARRO ESSE TEMPO TODO (MESMO PAGANDO \u00c0 VISTA POR ELE), JUNTEI PROVAS COMO REGISTRO DE OCORR\u00caNCIA DA POL\u00cdCIA CIVIL\/RJ, BOLETIM DE OCORR\u00caNCIA DA POLICIA MILITAR\/RJ, ORDENS DE SERVI\u00c7O, MAIS DE 600 FOTOGRAFIAS, MAIS DE 40 \u00c1UDIOS, NOTAS FISCAIS, NOTAS DE T\u00c1XI, PRONTU\u00c1RIOS M\u00c9DICOS, POIS NESTE PER\u00cdODO TIVE PROBLEMAS DE SA\u00daDE, BEM COMO MEUS FAMILIARES, TENDO UMA FILHA QUE HOJE TEM APENAS 5 ANOS, NA \u00c9POCA POUCO MAIS DE 1 ANINHO. VALE LEMBRAR, QUE OS PRIMEIROS DEFEITOS SE DERAM QUANDO O CARRO TINHA MENOS DE 30 KM RODADOS. TUDO ISSO PARA NADA. QUEM GOSTOU DO RESULTADO DA DOUTA MAGRISTRADA FORAM AS EMPRESAS R\u00c9S \u2013 QUE ME LESARAM \u2013 ABOLI\u00c7\u00c3O VE\u00cdCULOS E VW DO BRASIL (PROCESSO: No 0016370-44.2013.8.19.0212).<u><\/u><u><\/u><\/span><\/div>\n<div id=\"m_-8835488158370280275yui_3_16_0_ym19_1_1509288751294_892756\"><b id=\"m_-8835488158370280275yui_3_16_0_ym19_1_1509288751294_892757\"><span id=\"m_-8835488158370280275yui_3_16_0_ym19_1_1509288751294_892758\">\u00a0<u><\/u><u><\/u><\/span><\/b><\/div>\n<div id=\"m_-8835488158370280275yui_3_16_0_ym19_1_1509288751294_892760\"><b id=\"m_-8835488158370280275yui_3_16_0_ym19_1_1509288751294_892761\"><span id=\"m_-8835488158370280275yui_3_16_0_ym19_1_1509288751294_892762\">\u00a0\u00a0\u00a0\u00a0\u00a0\u00a0\u00a0\u00a0\u00a0\u00a0\u00a0\u00a0\u00a0\u00a0<u><\/u><u><\/u><\/span><\/b><\/div>\n<div id=\"m_-8835488158370280275yui_3_16_0_ym19_1_1509288751294_892764\"><b id=\"m_-8835488158370280275yui_3_16_0_ym19_1_1509288751294_892765\"><span id=\"m_-8835488158370280275yui_3_16_0_ym19_1_1509288751294_892766\">\u00a0\u00a0\u00a0\u00a0\u00a0\u00a0\u00a0\u00a0\u00a0\u00a0\u00a0\u00a0\u00a0\u00a0\u00a0\u00a0\u00a0\u00a0\u00a0\u00a0\u00a0\u00a0\u00a0\u00a0\u00a0\u00a0\u00a0\u00a0\u00a0\u00a0<u><\/u><u><\/u><\/span><\/b><\/div>\n<div id=\"m_-8835488158370280275yui_3_16_0_ym19_1_1509288751294_892505\"><\/div>\n<div id=\"m_-8835488158370280275yui_3_16_0_ym19_1_1509288751294_892768\" dir=\"ltr\"><b id=\"m_-8835488158370280275yui_3_16_0_ym19_1_1509288751294_892769\"><span id=\"m_-8835488158370280275yui_3_16_0_ym19_1_1509288751294_892770\">AP\u00d3S AS TODAS AS PARTIDAS DO VASC\u00c3O EM MEU PERFIL DO FACEBOOK (QUEM QUISER RECEBER AS CR\u00d4NICAS DE PRIMEIRA M\u00c3O \u00c9 S\u00d3 ME ADICIONAR), E NO SITE WEBVASCO (<a href=\"http:\/\/www.webvasco.com\/\" target=\"_blank\" rel=\"noopener\" data-saferedirecturl=\"https:\/\/www.google.com\/url?hl=pt-BR&amp;q=http:\/\/www.webvasco.com&amp;source=gmail&amp;ust=1510345162548000&amp;usg=AFQjCNHB30FQ-MZXyK5tefxGrFsCtRdBWQ\">www.webvasco.com<\/a>), TEM A OPINI\u00c3O DO JORNALISTA LUIZ CARLOS ROCHA. LEIAM! COMPARTILHEM E CURTAM! VASCA\u00cdNOS UNIDOS JAMAIS SER\u00c3O VENCIDOS.<\/span><\/b><\/div>\n","protected":false},"excerpt":{"rendered":"<p>\u00a0 \u00a0 A Rodada de n\u00famero 33 foi mesmo emocionante! Em plena Vila Belmiro, o&#8230;<\/p>\n","protected":false},"author":7,"featured_media":8365,"comment_status":"open","ping_status":"closed","sticky":false,"template":"","format":"standard","meta":{"footnotes":""},"categories":[4],"tags":[],"class_list":["post-8359","post","type-post","status-publish","format-standard","has-post-thumbnail","hentry","category-luizcarlosrocha"],"_links":{"self":[{"href":"https:\/\/webvasco.com\/artigos\/wp-json\/wp\/v2\/posts\/8359","targetHints":{"allow":["GET"]}}],"collection":[{"href":"https:\/\/webvasco.com\/artigos\/wp-json\/wp\/v2\/posts"}],"about":[{"href":"https:\/\/webvasco.com\/artigos\/wp-json\/wp\/v2\/types\/post"}],"author":[{"embeddable":true,"href":"https:\/\/webvasco.com\/artigos\/wp-json\/wp\/v2\/users\/7"}],"replies":[{"embeddable":true,"href":"https:\/\/webvasco.com\/artigos\/wp-json\/wp\/v2\/comments?post=8359"}],"version-history":[{"count":3,"href":"https:\/\/webvasco.com\/artigos\/wp-json\/wp\/v2\/posts\/8359\/revisions"}],"predecessor-version":[{"id":8367,"href":"https:\/\/webvasco.com\/artigos\/wp-json\/wp\/v2\/posts\/8359\/revisions\/8367"}],"wp:featuredmedia":[{"embeddable":true,"href":"https:\/\/webvasco.com\/artigos\/wp-json\/wp\/v2\/media\/8365"}],"wp:attachment":[{"href":"https:\/\/webvasco.com\/artigos\/wp-json\/wp\/v2\/media?parent=8359"}],"wp:term":[{"taxonomy":"category","embeddable":true,"href":"https:\/\/webvasco.com\/artigos\/wp-json\/wp\/v2\/categories?post=8359"},{"taxonomy":"post_tag","embeddable":true,"href":"https:\/\/webvasco.com\/artigos\/wp-json\/wp\/v2\/tags?post=8359"}],"curies":[{"name":"wp","href":"https:\/\/api.w.org\/{rel}","templated":true}]}}