{"id":8369,"date":"2017-11-13T20:01:32","date_gmt":"2017-11-13T23:01:32","guid":{"rendered":"http:\/\/webvasco.com\/artigos\/?p=8369"},"modified":"2017-11-13T20:50:41","modified_gmt":"2017-11-13T23:50:41","slug":"jogou-para-empatar","status":"publish","type":"post","link":"https:\/\/webvasco.com\/artigos\/colunistas\/luizcarlosrocha\/jogou-para-empatar\/","title":{"rendered":"JOGOU PARA EMPATAR!"},"content":{"rendered":"<div id=\"m_1976561640073197529yui_3_16_0_ym19_1_1510455292303_72789\"><span id=\"m_1976561640073197529yui_3_16_0_ym19_1_1510455292303_72790\">\u00a0 \u00a0 Vasco da Gama e S\u00e3o Paulo fizeram uma partida p\u00edfia, hoje, em S\u00e3o Janu\u00e1rio. Marcos Guilherme inaugurou o placar e Caio Monteiro igualou o marcador, em embate v\u00e1lido pela 34\u00aa Rodada, do Campeonato Brasileiro, da S\u00e9rie A, vers\u00e3o 2017. Agora o Cruzmaltino possui 49 pontos ganhos \u2013 em 102 disputados &#8211;\u00a0 continuando na 8\u00aa posi\u00e7\u00e3o na tabela de classifica\u00e7\u00e3o da referida competi\u00e7\u00e3o.<u><\/u><u><\/u><\/span><\/div>\n<div id=\"m_1976561640073197529yui_3_16_0_ym19_1_1510455292303_72792\"><span id=\"m_1976561640073197529yui_3_16_0_ym19_1_1510455292303_72793\">\u00a0\u00a0\u00a0 Vale ressaltar, que o treinador Z\u00e9 Ricardo procurou esse reles resultado, uma vez, que usou pe\u00e7as no elenco que n\u00e3o tem a m\u00ednima condi\u00e7\u00e3o de ser suplente, que dir\u00e1 atuar (ainda por cima no Caldeir\u00e3o), diante de uma equipe que j\u00e1 foi press\u00e3o, que \u00e9 o caso do Tricolor Paulista, mas atualmente n\u00e3o oferece perigo. Os zagueiros Paul\u00e3o e Rafael Marques, direito e esquerdo, respectivamente, s\u00e3o exemplos disso. Ali\u00e1s a defesa toda, porque Madson e Henrique pelas laterais s\u00e3o inoperantes. Apenas o arqueiro Gabriel F\u00e9lix merece vestir o manto vasca\u00edno.<u><\/u><u><\/u><\/span><\/div>\n<div id=\"m_1976561640073197529yui_3_16_0_ym19_1_1510455292303_72795\"><span id=\"m_1976561640073197529yui_3_16_0_ym19_1_1510455292303_72796\">\u00a0\u00a0\u00a0 E n\u00e3o \u00e9 s\u00f3. Evander entrar no lugar do Gilberto? \u00c9 brincadeira! O menino Evander \u00e9 muito melhor. Ele deveria ter iniciado a peleja. Wagner quando quer jogar tem lugar nesse time do Vasco. Mas o pior \u00e9 o tal do Andr\u00e9s Rios, que s\u00f3 consegue atacar a paci\u00eancia do torcedor vasca\u00edno! Mais nada. Jamais pensei que sentiria saudades do Riascos.<u><\/u><u><\/u><\/span><\/div>\n<div id=\"m_1976561640073197529yui_3_16_0_ym19_1_1510455292303_72798\"><span id=\"m_1976561640073197529yui_3_16_0_ym19_1_1510455292303_72799\">\u00a0\u00a0\u00a0 O problema \u00e9 que s\u00f3 restam quatro rodadas para o fim do Brasileir\u00e3o. S\u00e3o elas as partidas do Gigante: contra o Atl\u00e9tico\/MG, em S\u00e3o Janu\u00e1rio, \u00e0s 21h45m, dia 15 de novembro. Depois o outro Atl\u00e9tico, s\u00f3 que Paranaense, \u00e0s 19h, dia 19 de novembro, na Arena da Baixada (em Curitiba). Dia 26 de novembro, o Cruzeiro fora e para encerrar a Ponte Preta, na Colina, dia 03 de dezembro. Se tivesse ganho hoje, teria ido aos 51 pontos, e estaria \u00e0 frente da Cachorrada pelo n\u00famero de vit\u00f3rias e com um lugar garantido na Libertadores de 2018! Mas Z\u00e9 foi Z\u00e9 e jogou pelo empate atuando com o apoio da torcida!<u><\/u><u><\/u><\/span><\/div>\n<div id=\"m_1976561640073197529yui_3_16_0_ym19_1_1510455292303_72801\"><span id=\"m_1976561640073197529yui_3_16_0_ym19_1_1510455292303_72802\"><u><\/u>\u00a0<u><\/u><\/span><\/div>\n<div id=\"m_1976561640073197529yui_3_16_0_ym19_1_1510455292303_72804\"><span id=\"m_1976561640073197529yui_3_16_0_ym19_1_1510455292303_72805\"><u><\/u>\u00a0<u><\/u><\/span><\/div>\n<div id=\"m_1976561640073197529yui_3_16_0_ym19_1_1510455292303_72807\"><b id=\"m_1976561640073197529yui_3_16_0_ym19_1_1510455292303_72808\"><u id=\"m_1976561640073197529yui_3_16_0_ym19_1_1510455292303_72809\"><span id=\"m_1976561640073197529yui_3_16_0_ym19_1_1510455292303_72810\">VERGONHA (MAIS DE 4 ANOS!):<u><\/u><u><\/u><\/span><\/u><\/b><\/div>\n<div id=\"m_1976561640073197529yui_3_16_0_ym19_1_1510455292303_72812\"><span id=\"m_1976561640073197529yui_3_16_0_ym19_1_1510455292303_72813\">DEPOIS DE AGUARDAR\u00a0<b id=\"m_1976561640073197529yui_3_16_0_ym19_1_1510455292303_72814\">\u00a053 MESES, OU SEJA, 4 ANOS E 5 MESES!\u00a0 (CARRO DESDE 10 DE JUNHO DE 2013)<\/b>\u00a0COM O CARRO PRESO NA OFICINA DA ABOLI\u00c7\u00c3O VE\u00cdCULOS COM APENAS 729 KM RODADOS, EM UM PROCESSO COM 8 VOLUMES, NA 1\u00aa VARA CIVEL, DA COMARCA DE NITER\u00d3I\/RJ, REGIONAL OCE\u00c2NICA, A SENTEN\u00c7A FOI INDEFERIR TODOS OS MEUS PEDIDOS E AINDA CONDENAR EM 10% DE CUSTAS JUDICIAIS. OU SEJA, FIQUEI SEM CARRO ESSE TEMPO TODO (MESMO PAGANDO \u00c0 VISTA POR ELE), JUNTEI PROVAS COMO REGISTRO DE OCORR\u00caNCIA DA POL\u00cdCIA CIVIL\/RJ, BOLETIM DE OCORR\u00caNCIA DA POLICIA MILITAR\/RJ, ORDENS DE SERVI\u00c7O, MAIS DE 600 FOTOGRAFIAS, MAIS DE 40 \u00c1UDIOS, NOTAS FISCAIS, NOTAS DE T\u00c1XI, PRONTU\u00c1RIOS M\u00c9DICOS, POIS NESTE PER\u00cdODO TIVE PROBLEMAS DE SA\u00daDE, BEM COMO MEUS FAMILIARES, TENDO UMA FILHA QUE HOJE TEM APENAS 5 ANOS, NA \u00c9POCA POUCO MAIS DE 1 ANINHO. VALE LEMBRAR, QUE OS PRIMEIROS DEFEITOS SE DERAM QUANDO O CARRO TINHA MENOS DE 30 KM RODADOS. TUDO ISSO PARA NADA. QUEM GOSTOU DO RESULTADO DA DOUTA MAGRISTRADA FORAM AS EMPRESAS R\u00c9S \u2013 QUE ME LESARAM \u2013 ABOLI\u00c7\u00c3O VE\u00cdCULOS E VW DO BRASIL\u00a0<\/span><b id=\"m_1976561640073197529yui_3_16_0_ym19_1_1510455292303_72815\"><span id=\"m_1976561640073197529yui_3_16_0_ym19_1_1510455292303_72816\">(PROCESSO: No 0016370-44.2013.8.19.0212).<\/span><\/b><span id=\"m_1976561640073197529yui_3_16_0_ym19_1_1510455292303_72817\"><u><\/u><u><\/u><\/span><\/div>\n<div id=\"m_1976561640073197529yui_3_16_0_ym19_1_1510455292303_72819\"><b id=\"m_1976561640073197529yui_3_16_0_ym19_1_1510455292303_72820\"><span id=\"m_1976561640073197529yui_3_16_0_ym19_1_1510455292303_72821\">\u00a0<u><\/u><u><\/u><\/span><\/b><\/div>\n<div id=\"m_1976561640073197529yui_3_16_0_ym19_1_1510455292303_72823\"><b id=\"m_1976561640073197529yui_3_16_0_ym19_1_1510455292303_72824\"><span id=\"m_1976561640073197529yui_3_16_0_ym19_1_1510455292303_72825\">\u00a0\u00a0\u00a0\u00a0\u00a0\u00a0\u00a0\u00a0\u00a0\u00a0\u00a0\u00a0\u00a0\u00a0<u><\/u><u><\/u><\/span><\/b><\/div>\n<div id=\"m_1976561640073197529yui_3_16_0_ym19_1_1510455292303_72827\"><b id=\"m_1976561640073197529yui_3_16_0_ym19_1_1510455292303_72828\"><span id=\"m_1976561640073197529yui_3_16_0_ym19_1_1510455292303_72829\">\u00a0\u00a0\u00a0\u00a0\u00a0\u00a0\u00a0\u00a0\u00a0\u00a0\u00a0\u00a0\u00a0\u00a0\u00a0\u00a0\u00a0\u00a0\u00a0\u00a0\u00a0\u00a0\u00a0\u00a0\u00a0\u00a0\u00a0\u00a0\u00a0\u00a0<u><\/u><u><\/u><\/span><\/b><\/div>\n<div id=\"m_1976561640073197529yui_3_16_0_ym19_1_1510455292303_72831\"><b id=\"m_1976561640073197529yui_3_16_0_ym19_1_1510455292303_72832\"><span id=\"m_1976561640073197529yui_3_16_0_ym19_1_1510455292303_72833\">AP\u00d3S AS TODAS AS PARTIDAS DO VASC\u00c3O EM MEU PERFIL DO FACEBOOK (QUEM QUISER RECEBER AS CR\u00d4NICAS DE PRIMEIRA M\u00c3O \u00c9 S\u00d3 ME ADICIONAR), E NO SITE WEBVASCO (<a href=\"http:\/\/www.webvasco.com\/\" target=\"_blank\" rel=\"noopener\" data-saferedirecturl=\"https:\/\/www.google.com\/url?hl=pt-BR&amp;q=http:\/\/www.webvasco.com&amp;source=gmail&amp;ust=1510700415461000&amp;usg=AFQjCNHa-xhczNPb_rmfoeRvS5ewXuayqQ\">www.webvasco.com<\/a>), TEM A OPINI\u00c3O DO JORNALISTA LUIZ CARLOS ROCHA. LEIAM! COMPARTILHEM E CURTAM! VASCA\u00cdNOS UNIDOS JAMAIS SER\u00c3O VENCIDOS.<\/span><\/b><\/div>\n","protected":false},"excerpt":{"rendered":"<p>\u00a0 \u00a0 Vasco da Gama e S\u00e3o Paulo fizeram uma partida p\u00edfia, hoje, em S\u00e3o&#8230;<\/p>\n","protected":false},"author":7,"featured_media":0,"comment_status":"open","ping_status":"closed","sticky":false,"template":"","format":"standard","meta":{"footnotes":""},"categories":[4],"tags":[],"class_list":["post-8369","post","type-post","status-publish","format-standard","hentry","category-luizcarlosrocha"],"_links":{"self":[{"href":"https:\/\/webvasco.com\/artigos\/wp-json\/wp\/v2\/posts\/8369","targetHints":{"allow":["GET"]}}],"collection":[{"href":"https:\/\/webvasco.com\/artigos\/wp-json\/wp\/v2\/posts"}],"about":[{"href":"https:\/\/webvasco.com\/artigos\/wp-json\/wp\/v2\/types\/post"}],"author":[{"embeddable":true,"href":"https:\/\/webvasco.com\/artigos\/wp-json\/wp\/v2\/users\/7"}],"replies":[{"embeddable":true,"href":"https:\/\/webvasco.com\/artigos\/wp-json\/wp\/v2\/comments?post=8369"}],"version-history":[{"count":1,"href":"https:\/\/webvasco.com\/artigos\/wp-json\/wp\/v2\/posts\/8369\/revisions"}],"predecessor-version":[{"id":8370,"href":"https:\/\/webvasco.com\/artigos\/wp-json\/wp\/v2\/posts\/8369\/revisions\/8370"}],"wp:attachment":[{"href":"https:\/\/webvasco.com\/artigos\/wp-json\/wp\/v2\/media?parent=8369"}],"wp:term":[{"taxonomy":"category","embeddable":true,"href":"https:\/\/webvasco.com\/artigos\/wp-json\/wp\/v2\/categories?post=8369"},{"taxonomy":"post_tag","embeddable":true,"href":"https:\/\/webvasco.com\/artigos\/wp-json\/wp\/v2\/tags?post=8369"}],"curies":[{"name":"wp","href":"https:\/\/api.w.org\/{rel}","templated":true}]}}