{"id":8371,"date":"2017-11-16T07:48:17","date_gmt":"2017-11-16T10:48:17","guid":{"rendered":"http:\/\/webvasco.com\/artigos\/?p=8371"},"modified":"2017-11-16T07:48:43","modified_gmt":"2017-11-16T10:48:43","slug":"opcao-em-ficar-fora-da-libertadores","status":"publish","type":"post","link":"https:\/\/webvasco.com\/artigos\/colunistas\/luizcarlosrocha\/opcao-em-ficar-fora-da-libertadores\/","title":{"rendered":"OP\u00c7\u00c3O EM FICAR FORA DA LIBERTADORES!"},"content":{"rendered":"<div id=\"m_-3201878332085634191yui_3_16_0_ym19_1_1510455292303_300158\"><span id=\"m_-3201878332085634191yui_3_16_0_ym19_1_1510455292303_300159\">\u00a0 \u00a0 A vida \u00e9 feita de escolhas. Est\u00e1 n\u00edtido a op\u00e7\u00e3o do Vasco da Gama em n\u00e3o participar da Copa Libertadores, vers\u00e3o 2018! Empatar com S\u00e3o Paulo e Atl\u00e9tico Mineiro, domingo e hoje, respectivamente, em S\u00e3o Janu\u00e1rio \u00e9 abdicar de atuar na competi\u00e7\u00e3o mais importante das Am\u00e9ricas. N\u00e3o importa se houveram cinco bolas na trave, ou se o arqueiro Victor jogou como um gato salvando todas. O que vale s\u00e3o os quatro pontos perdidos (dois para os Tricolores de Sampa e dois para o Galo). Com 50 pontos ganhos, e na oitava posi\u00e7\u00e3o na tabela de classifica\u00e7\u00e3o do Campeonato Brasileiro, dificilmente alcan\u00e7ar\u00e1 o objetivo (ser\u00e1 mesmo a meta?).<u><\/u><u><\/u><\/span><\/div>\n<div id=\"m_-3201878332085634191yui_3_16_0_ym19_1_1510455292303_300161\"><span id=\"m_-3201878332085634191yui_3_16_0_ym19_1_1510455292303_300162\">\u00a0\u00a0\u00a0 Eram 12.069 presentes. Tinha tudo para dar certo. A Imensa Torcida Bem Feliz \u2013 mais uma vez \u2013 fez o seu papel, brilhou! Mas a equipe de Z\u00e9 Ricardo falhou. Muito se fala na invencibilidade. Mas vejamos os n\u00fameros: 11 partidas, sendo apenas 4 vit\u00f3rias e 7 empates (com alguns dentro de casa. Ou seja, se analisarmos os empates deixamos de conquistar 14 pontos, e em alguns deles em S\u00e3o Janu\u00e1rio! Nosso treinador n\u00e3o \u00e9 bom. Pelo contr\u00e1rio, \u00e9 ruim!<u><\/u><u><\/u><\/span><\/div>\n<div id=\"m_-3201878332085634191yui_3_16_0_ym19_1_1510455292303_300164\"><span id=\"m_-3201878332085634191yui_3_16_0_ym19_1_1510455292303_300165\">\u00a0\u00a0\u00a0 Por\u00e9m, como diz a velha m\u00e1xima: em terra de cego, quem t\u00eam um olho \u00e9 rei. Exatamente. Diante dos t\u00e9cnicos fracassados e arrogantes contratados por Dom Charuto, pelo menos o Z\u00e9 tem o grupo nas m\u00e3os. Mas se fosse bom os algarismos seriam mais suaves no que tange a cobran\u00e7a por resultados positivos. Essa 35\u00aa Rodada, serviu de alerta para saber que teremos somente mais 9 pontos a serem conquistados, pois s\u00e3o 38 rodadas na competi\u00e7\u00e3o em quest\u00e3o. Logo, com 59 quem sabe n\u00e3o estaremos na Elite das Am\u00e9ricas? Mas \u00e9 preciso ganhar as tr\u00eas partidas que restam.<u><\/u><u><\/u><\/span><\/div>\n<div id=\"m_-3201878332085634191yui_3_16_0_ym19_1_1510455292303_300167\"><span id=\"m_-3201878332085634191yui_3_16_0_ym19_1_1510455292303_300168\">\u00a0\u00a0\u00a0 O pr\u00f3ximo desafio ser\u00e1 domingo, dia 19, contra o Atl\u00e9tico Paranaense, \u00e0s 19h, na Arena da Baixada, em Curitiba\/PR. Vale lembrar, que ap\u00f3s o resultado das urnas nas elei\u00e7\u00f5es na Colina, o Cruzmaltino vem caindo bastante de produ\u00e7\u00e3o. Prefiro acreditar que \u00e9 incompet\u00eancia do Z\u00e9, a perceber que teria \u201cdedo\u201d de algu\u00e9m para que o Gigante n\u00e3o dispute a Libertadores ano que vem com um novo cartola (porque se este for p\u00e9 quente, vindo a conquistar o t\u00edtulo, acabaria de vez com a reputa\u00e7\u00e3o daquele que n\u00e3o merece ser nomeado e j\u00e1 deveria ter ido embora).<u><\/u><u><\/u><\/span><\/div>\n<div id=\"m_-3201878332085634191yui_3_16_0_ym19_1_1510455292303_300170\"><b id=\"m_-3201878332085634191yui_3_16_0_ym19_1_1510455292303_300171\"><u id=\"m_-3201878332085634191yui_3_16_0_ym19_1_1510455292303_300172\"><span id=\"m_-3201878332085634191yui_3_16_0_ym19_1_1510455292303_300173\">REPROVA\u00c7\u00c3O:<\/span><\/u><\/b><span id=\"m_-3201878332085634191yui_3_16_0_ym19_1_1510455292303_300174\">\u00a0\u00a0\u00a0\u00c9 um absurdo o atleta quando a equipe perde \u2013 principalmente na Colina Hist\u00f3rica \u2013 n\u00e3o querer falar com a imprensa, e ainda olhar de cara feia. Jogadores precisam entender que a imagem \u00e9 tudo. Que o profissional do jornalismo \u00e9 caminho para o sucesso. Mas a culpa \u00e9 da pr\u00f3pria m\u00eddia que \u00e9 vendida ao sistema e tem seus prepostos levianos. Claro que n\u00e3o s\u00e3o todos, mas garanto que \u00e9 a grande maioria. \u00c9 obriga\u00e7\u00e3o de todo competidor tratar a imprensa com respeito, e, sobretudo, responder seus questionamentos, independente do resultado obtido em campo. N\u00e3o querem ser cobrados? Se dediquem mais! O jornalismo tem de virar as costas para esses analfabetos ricos quando o resultado for positivo. Pois s\u00f3 pagando na mesma moeda eles entender\u00e3o.<b id=\"m_-3201878332085634191yui_3_16_0_ym19_1_1510455292303_300175\"><u id=\"m_-3201878332085634191yui_3_16_0_ym19_1_1510455292303_300176\"><\/u><u><\/u><u><\/u><\/b><\/span><\/div>\n<div id=\"m_-3201878332085634191yui_3_16_0_ym19_1_1510455292303_300178\"><span id=\"m_-3201878332085634191yui_3_16_0_ym19_1_1510455292303_300179\"><u><\/u>\u00a0<u><\/u><\/span><\/div>\n<div id=\"m_-3201878332085634191yui_3_16_0_ym19_1_1510455292303_300181\"><span id=\"m_-3201878332085634191yui_3_16_0_ym19_1_1510455292303_300182\"><u><\/u>\u00a0<u><\/u><\/span><\/div>\n<div id=\"m_-3201878332085634191yui_3_16_0_ym19_1_1510455292303_300184\"><b id=\"m_-3201878332085634191yui_3_16_0_ym19_1_1510455292303_300185\"><u id=\"m_-3201878332085634191yui_3_16_0_ym19_1_1510455292303_300186\"><span id=\"m_-3201878332085634191yui_3_16_0_ym19_1_1510455292303_300187\">VERGONHA (MAIS DE 4 ANOS!):<u><\/u><u><\/u><\/span><\/u><\/b><\/div>\n<div id=\"m_-3201878332085634191yui_3_16_0_ym19_1_1510455292303_300189\"><span id=\"m_-3201878332085634191yui_3_16_0_ym19_1_1510455292303_300190\">DEPOIS DE AGUARDAR\u00a0<b id=\"m_-3201878332085634191yui_3_16_0_ym19_1_1510455292303_300191\">\u00a053 MESES, OU SEJA, 4 ANOS E 5 MESES!\u00a0 (CARRO DESDE 10 DE JUNHO DE 2013)<\/b>\u00a0COM O CARRO PRESO NA OFICINA DA ABOLI\u00c7\u00c3O VE\u00cdCULOS COM APENAS 729 KM RODADOS, EM UM PROCESSO COM 8 VOLUMES, NA 1\u00aa VARA CIVEL, DA COMARCA DE NITER\u00d3I\/RJ, REGIONAL OCE\u00c2NICA, A SENTEN\u00c7A FOI INDEFERIR TODOS OS MEUS PEDIDOS E AINDA CONDENAR EM 10% DE CUSTAS JUDICIAIS. OU SEJA, FIQUEI SEM CARRO ESSE TEMPO TODO (MESMO PAGANDO \u00c0 VISTA POR ELE), JUNTEI PROVAS COMO REGISTRO DE OCORR\u00caNCIA DA POL\u00cdCIA CIVIL\/RJ, BOLETIM DE OCORR\u00caNCIA DA POLICIA MILITAR\/RJ, ORDENS DE SERVI\u00c7O, MAIS DE 600 FOTOGRAFIAS, MAIS DE 40 \u00c1UDIOS, NOTAS FISCAIS, NOTAS DE T\u00c1XI, PRONTU\u00c1RIOS M\u00c9DICOS, POIS NESTE PER\u00cdODO TIVE PROBLEMAS DE SA\u00daDE, BEM COMO MEUS FAMILIARES, TENDO UMA FILHA QUE HOJE TEM APENAS 5 ANOS, NA \u00c9POCA POUCO MAIS DE 1 ANINHO. VALE LEMBRAR, QUE OS PRIMEIROS DEFEITOS SE DERAM QUANDO O CARRO TINHA MENOS DE 30 KM RODADOS. TUDO ISSO PARA NADA. QUEM GOSTOU DO RESULTADO DA DOUTA MAGRISTRADA FORAM AS EMPRESAS R\u00c9S \u2013 QUE ME LESARAM \u2013 ABOLI\u00c7\u00c3O VE\u00cdCULOS E VW DO BRASIL\u00a0<\/span><b id=\"m_-3201878332085634191yui_3_16_0_ym19_1_1510455292303_300192\"><span id=\"m_-3201878332085634191yui_3_16_0_ym19_1_1510455292303_300193\">(PROCESSO: No 0016370-44.2013.8.19.0212).<\/span><\/b><span id=\"m_-3201878332085634191yui_3_16_0_ym19_1_1510455292303_300194\"><u><\/u><u><\/u><\/span><\/div>\n<div id=\"m_-3201878332085634191yui_3_16_0_ym19_1_1510455292303_300196\"><b id=\"m_-3201878332085634191yui_3_16_0_ym19_1_1510455292303_300197\"><span id=\"m_-3201878332085634191yui_3_16_0_ym19_1_1510455292303_300198\">\u00a0<u><\/u><u><\/u><\/span><\/b><\/div>\n<div id=\"m_-3201878332085634191yui_3_16_0_ym19_1_1510455292303_300200\"><b id=\"m_-3201878332085634191yui_3_16_0_ym19_1_1510455292303_300201\"><span id=\"m_-3201878332085634191yui_3_16_0_ym19_1_1510455292303_300202\">\u00a0\u00a0\u00a0\u00a0\u00a0\u00a0\u00a0\u00a0\u00a0\u00a0\u00a0\u00a0\u00a0\u00a0<u><\/u><u><\/u><\/span><\/b><\/div>\n<div id=\"m_-3201878332085634191yui_3_16_0_ym19_1_1510455292303_300204\"><b id=\"m_-3201878332085634191yui_3_16_0_ym19_1_1510455292303_300205\"><span id=\"m_-3201878332085634191yui_3_16_0_ym19_1_1510455292303_300206\">\u00a0\u00a0\u00a0\u00a0\u00a0\u00a0\u00a0\u00a0\u00a0\u00a0\u00a0\u00a0\u00a0\u00a0\u00a0\u00a0\u00a0\u00a0\u00a0\u00a0\u00a0\u00a0\u00a0\u00a0\u00a0\u00a0\u00a0\u00a0\u00a0\u00a0<u><\/u><u><\/u><\/span><\/b><\/div>\n<div id=\"m_-3201878332085634191yui_3_16_0_ym19_1_1510455292303_300003\"><\/div>\n<div id=\"m_-3201878332085634191yui_3_16_0_ym19_1_1510455292303_300208\" dir=\"ltr\"><b id=\"m_-3201878332085634191yui_3_16_0_ym19_1_1510455292303_300209\"><span id=\"m_-3201878332085634191yui_3_16_0_ym19_1_1510455292303_300210\">AP\u00d3S AS TODAS AS PARTIDAS DO VASC\u00c3O EM MEU PERFIL DO FACEBOOK (QUEM QUISER RECEBER AS CR\u00d4NICAS DE PRIMEIRA M\u00c3O \u00c9 S\u00d3 ME ADICIONAR), E NO SITE WEBVASCO (<a href=\"http:\/\/www.webvasco.com\/\" target=\"_blank\" rel=\"noopener\" data-saferedirecturl=\"https:\/\/www.google.com\/url?hl=pt-BR&amp;q=http:\/\/www.webvasco.com&amp;source=gmail&amp;ust=1510914446676000&amp;usg=AFQjCNF1tOWxeIdljK10bvogjYaszJoMhw\">www.webvasco.com<\/a>), TEM A OPINI\u00c3O DO JORNALISTA LUIZ CARLOS ROCHA. LEIAM! COMPARTILHEM E CURTAM! VASCA\u00cdNOS UNIDOS JAMAIS SER\u00c3O VENCIDOS.<\/span><\/b><\/div>\n","protected":false},"excerpt":{"rendered":"<p>\u00a0 \u00a0 A vida \u00e9 feita de escolhas. Est\u00e1 n\u00edtido a op\u00e7\u00e3o do Vasco da&#8230;<\/p>\n","protected":false},"author":7,"featured_media":0,"comment_status":"open","ping_status":"closed","sticky":false,"template":"","format":"standard","meta":{"footnotes":""},"categories":[4],"tags":[],"class_list":["post-8371","post","type-post","status-publish","format-standard","hentry","category-luizcarlosrocha"],"_links":{"self":[{"href":"https:\/\/webvasco.com\/artigos\/wp-json\/wp\/v2\/posts\/8371","targetHints":{"allow":["GET"]}}],"collection":[{"href":"https:\/\/webvasco.com\/artigos\/wp-json\/wp\/v2\/posts"}],"about":[{"href":"https:\/\/webvasco.com\/artigos\/wp-json\/wp\/v2\/types\/post"}],"author":[{"embeddable":true,"href":"https:\/\/webvasco.com\/artigos\/wp-json\/wp\/v2\/users\/7"}],"replies":[{"embeddable":true,"href":"https:\/\/webvasco.com\/artigos\/wp-json\/wp\/v2\/comments?post=8371"}],"version-history":[{"count":1,"href":"https:\/\/webvasco.com\/artigos\/wp-json\/wp\/v2\/posts\/8371\/revisions"}],"predecessor-version":[{"id":8372,"href":"https:\/\/webvasco.com\/artigos\/wp-json\/wp\/v2\/posts\/8371\/revisions\/8372"}],"wp:attachment":[{"href":"https:\/\/webvasco.com\/artigos\/wp-json\/wp\/v2\/media?parent=8371"}],"wp:term":[{"taxonomy":"category","embeddable":true,"href":"https:\/\/webvasco.com\/artigos\/wp-json\/wp\/v2\/categories?post=8371"},{"taxonomy":"post_tag","embeddable":true,"href":"https:\/\/webvasco.com\/artigos\/wp-json\/wp\/v2\/tags?post=8371"}],"curies":[{"name":"wp","href":"https:\/\/api.w.org\/{rel}","templated":true}]}}