{"id":8373,"date":"2017-11-20T08:03:59","date_gmt":"2017-11-20T11:03:59","guid":{"rendered":"http:\/\/webvasco.com\/artigos\/?p=8373"},"modified":"2017-11-20T08:10:33","modified_gmt":"2017-11-20T11:10:33","slug":"bastou-soprar-um-ventinho-mais-forte","status":"publish","type":"post","link":"https:\/\/webvasco.com\/artigos\/colunistas\/luizcarlosrocha\/bastou-soprar-um-ventinho-mais-forte\/","title":{"rendered":"BASTOU SOPRAR UM VENTINHO MAIS FORTE!"},"content":{"rendered":"<div id=\"m_3992907071589471516yui_3_16_0_ym19_1_1511058880001_46505\"><span id=\"m_3992907071589471516yui_3_16_0_ym19_1_1511058880001_46506\">\u00a0 \u00a0 \u00d4 Vasco da Gama! Vinha de uma s\u00e9rie de 11 jogos de invencibilidade. Por\u00e9m, este m\u00e9rito era meio fajuto. Isto, porque, das seis \u00faltimas partidas, foram cinco empates. Ou seja, tinham mais empates do que vit\u00f3rias nesta empreitada. Era uma ilus\u00e3o \u2013 assim como a Urna 7 \u2013 para parte da Imensa Torcida Bem Feliz. Com a pancada sofrida hoje, na Arena da Baixada, para o Atl\u00e9tico\/PR, por 3 a 1, na qual marcaram para o Furac\u00e3o Thiago Heleno, Douglas Coutinho e Fabr\u00edcio. Para o Cruzmaltino marcou Wanderson, contra, porque nem isso o visitante foi capaz.<u><\/u><u><\/u><\/span><\/div>\n<div id=\"m_3992907071589471516yui_3_16_0_ym19_1_1511058880001_46508\"><span id=\"m_3992907071589471516yui_3_16_0_ym19_1_1511058880001_46509\">\u00a0\u00a0\u00a0 Com o resultado da partida que marcou a 36\u00aa Rodada, do Campeonato Brasileiro, o Gigante (ser\u00e1?) da Colina caiu para a nona posi\u00e7\u00e3o na tabela de classifica\u00e7\u00e3o da competi\u00e7\u00e3o supracitada, com os mesmos 50 pontos ganhos, em 108 disputados. Um aproveitamento de menos de 50%, pouqu\u00edssimo para quem deseja disputar a Copa Libertadores da Am\u00e9rica, em 2018.<u><\/u><u><\/u><\/span><\/div>\n<div id=\"m_3992907071589471516yui_3_16_0_ym19_1_1511058880001_46511\"><span id=\"m_3992907071589471516yui_3_16_0_ym19_1_1511058880001_46512\">\u00a0\u00a0\u00a0 O curioso \u00e9 observar pessoas que n\u00e3o entendem rigorosamente nada de futebol apontar que perder para o Furac\u00e3o \u00e9 normal ou empatar com times pequenos em casa n\u00e3o \u00e9 um resultado t\u00e3o ruim. O planejamento de Dom Charuto para a temporada 2017 foi bem ao n\u00edvel de sua gest\u00e3o. N\u00e3o conseguiu conquistar o Campeonato Carioca, como tinha pretens\u00e3o de querer algo em uma peleja de n\u00edvel mais elevado como o Brasileir\u00e3o? \u00c9 para rir!<u><\/u><u><\/u><\/span><\/div>\n<div id=\"m_3992907071589471516yui_3_16_0_ym19_1_1511058880001_46514\"><span id=\"m_3992907071589471516yui_3_16_0_ym19_1_1511058880001_46515\">\u00a0\u00a0\u00a0 Contratar profissionais s\u00e9rios e criar pol\u00edticas de investimento, bem como planejamento, precisam ser prioridades para o novo cartola. J\u00falio \u00a0\u00a0Brant prometeu muito (como todo pol\u00edtico). Mas se conseguir executar 50% j\u00e1 ser\u00e1 um grande avan\u00e7o. O Vasco necessita de gl\u00f3rias como no passado. Faltam apenas dois embates, domingo, dia 26 de novembro, \u00e0s 17h, contra o Cruzeiro, no Mineir\u00e3o, e concluindo a participa\u00e7\u00e3o na competi\u00e7\u00e3o nacional contra a Ponte Preta, \u00e0s 17h, em S\u00e3o Janu\u00e1rio, dia 03 de dezembro, tamb\u00e9m domingo. Que em 2018 seja melhor, para que a campanha n\u00e3o seja definida nas primeiras letras (de baixo para cima) destes quatro par\u00e1grafos!<u><\/u><u><\/u><\/span><\/div>\n<div id=\"m_3992907071589471516yui_3_16_0_ym19_1_1511058880001_46517\"><span id=\"m_3992907071589471516yui_3_16_0_ym19_1_1511058880001_46518\"><u><\/u>\u00a0<u><\/u><\/span><\/div>\n<div id=\"m_3992907071589471516yui_3_16_0_ym19_1_1511058880001_46520\"><b id=\"m_3992907071589471516yui_3_16_0_ym19_1_1511058880001_46521\"><u id=\"m_3992907071589471516yui_3_16_0_ym19_1_1511058880001_46522\"><span id=\"m_3992907071589471516yui_3_16_0_ym19_1_1511058880001_46523\">VERGONHA (MAIS DE 4 ANOS!):<u><\/u><u><\/u><\/span><\/u><\/b><\/div>\n<div id=\"m_3992907071589471516yui_3_16_0_ym19_1_1511058880001_46525\"><span id=\"m_3992907071589471516yui_3_16_0_ym19_1_1511058880001_46526\">DEPOIS DE AGUARDAR\u00a0<b id=\"m_3992907071589471516yui_3_16_0_ym19_1_1511058880001_46527\">\u00a053 MESES, OU SEJA, 4 ANOS E 5 MESES!\u00a0 (CARRO DESDE 10 DE JUNHO DE 2013)<\/b>\u00a0COM O CARRO PRESO NA OFICINA DA ABOLI\u00c7\u00c3O VE\u00cdCULOS COM APENAS 729 KM RODADOS, EM UM PROCESSO COM 8 VOLUMES, NA 1\u00aa VARA CIVEL, DA COMARCA DE NITER\u00d3I\/RJ, REGIONAL OCE\u00c2NICA, A SENTEN\u00c7A FOI INDEFERIR TODOS OS MEUS PEDIDOS E AINDA CONDENAR EM 10% DE CUSTAS JUDICIAIS. OU SEJA, FIQUEI SEM CARRO ESSE TEMPO TODO (MESMO PAGANDO \u00c0 VISTA POR ELE), JUNTEI PROVAS COMO REGISTRO DE OCORR\u00caNCIA DA POL\u00cdCIA CIVIL\/RJ, BOLETIM DE OCORR\u00caNCIA DA POLICIA MILITAR\/RJ, ORDENS DE SERVI\u00c7O, MAIS DE 600 FOTOGRAFIAS, MAIS DE 40 \u00c1UDIOS, NOTAS FISCAIS, NOTAS DE T\u00c1XI, PRONTU\u00c1RIOS M\u00c9DICOS, POIS NESTE PER\u00cdODO TIVE PROBLEMAS DE SA\u00daDE, BEM COMO MEUS FAMILIARES, TENDO UMA FILHA QUE HOJE TEM APENAS 5 ANOS, NA \u00c9POCA POUCO MAIS DE 1 ANINHO. VALE LEMBRAR, QUE OS PRIMEIROS DEFEITOS SE DERAM QUANDO O CARRO TINHA MENOS DE 30 KM RODADOS. TUDO ISSO PARA NADA. QUEM GOSTOU DO RESULTADO DA DOUTA MAGRISTRADA FORAM AS EMPRESAS R\u00c9S \u2013 QUE ME LESARAM \u2013 ABOLI\u00c7\u00c3O VE\u00cdCULOS E VW DO BRASIL\u00a0<\/span><b id=\"m_3992907071589471516yui_3_16_0_ym19_1_1511058880001_46528\"><span id=\"m_3992907071589471516yui_3_16_0_ym19_1_1511058880001_46529\">(PROCESSO: No 0016370-44.2013.8.19.0212).<\/span><\/b><span id=\"m_3992907071589471516yui_3_16_0_ym19_1_1511058880001_46530\"><u><\/u><u><\/u><\/span><\/div>\n<div id=\"m_3992907071589471516yui_3_16_0_ym19_1_1511058880001_46532\"><b id=\"m_3992907071589471516yui_3_16_0_ym19_1_1511058880001_46533\"><span id=\"m_3992907071589471516yui_3_16_0_ym19_1_1511058880001_46534\">\u00a0<u><\/u><u><\/u><\/span><\/b><\/div>\n<div id=\"m_3992907071589471516yui_3_16_0_ym19_1_1511058880001_46536\"><b id=\"m_3992907071589471516yui_3_16_0_ym19_1_1511058880001_46537\"><span id=\"m_3992907071589471516yui_3_16_0_ym19_1_1511058880001_46538\">\u00a0\u00a0\u00a0\u00a0\u00a0\u00a0\u00a0\u00a0\u00a0\u00a0\u00a0\u00a0\u00a0\u00a0<u><\/u><u><\/u><\/span><\/b><\/div>\n<div id=\"m_3992907071589471516yui_3_16_0_ym19_1_1511058880001_46540\"><b id=\"m_3992907071589471516yui_3_16_0_ym19_1_1511058880001_46541\"><span id=\"m_3992907071589471516yui_3_16_0_ym19_1_1511058880001_46542\">\u00a0\u00a0\u00a0\u00a0\u00a0\u00a0\u00a0\u00a0\u00a0\u00a0\u00a0\u00a0\u00a0\u00a0\u00a0\u00a0\u00a0\u00a0\u00a0\u00a0\u00a0\u00a0\u00a0\u00a0\u00a0\u00a0\u00a0\u00a0\u00a0\u00a0<u><\/u><u><\/u><\/span><\/b><\/div>\n<div id=\"m_3992907071589471516yui_3_16_0_ym19_1_1511058880001_44616\"><\/div>\n<div id=\"m_3992907071589471516yui_3_16_0_ym19_1_1511058880001_46544\" dir=\"ltr\"><b id=\"m_3992907071589471516yui_3_16_0_ym19_1_1511058880001_46545\"><span id=\"m_3992907071589471516yui_3_16_0_ym19_1_1511058880001_46546\">AP\u00d3S AS TODAS AS PARTIDAS DO VASC\u00c3O EM MEU PERFIL DO FACEBOOK (QUEM QUISER RECEBER AS CR\u00d4NICAS DE PRIMEIRA M\u00c3O \u00c9 S\u00d3 ME ADICIONAR), E NO SITE WEBVASCO (<a href=\"http:\/\/www.webvasco.com\/\" target=\"_blank\" rel=\"noopener\" data-saferedirecturl=\"https:\/\/www.google.com\/url?hl=pt-BR&amp;q=http:\/\/www.webvasco.com&amp;source=gmail&amp;ust=1511262107320000&amp;usg=AFQjCNHqQAfQCVysagcs15eQpMvxQnRPUQ\">www.webvasco.com<\/a>), TEM A OPINI\u00c3O DO JORNALISTA LUIZ CARLOS ROCHA. LEIAM! COMPARTILHEM E CURTAM! VASCA\u00cdNOS UNIDOS JAMAIS SER\u00c3O VENCIDOS.<\/span><\/b><\/div>\n","protected":false},"excerpt":{"rendered":"<p>\u00a0 \u00a0 \u00d4 Vasco da Gama! Vinha de uma s\u00e9rie de 11 jogos de invencibilidade&#8230;.<\/p>\n","protected":false},"author":7,"featured_media":0,"comment_status":"open","ping_status":"closed","sticky":false,"template":"","format":"standard","meta":{"footnotes":""},"categories":[4],"tags":[],"class_list":["post-8373","post","type-post","status-publish","format-standard","hentry","category-luizcarlosrocha"],"_links":{"self":[{"href":"https:\/\/webvasco.com\/artigos\/wp-json\/wp\/v2\/posts\/8373","targetHints":{"allow":["GET"]}}],"collection":[{"href":"https:\/\/webvasco.com\/artigos\/wp-json\/wp\/v2\/posts"}],"about":[{"href":"https:\/\/webvasco.com\/artigos\/wp-json\/wp\/v2\/types\/post"}],"author":[{"embeddable":true,"href":"https:\/\/webvasco.com\/artigos\/wp-json\/wp\/v2\/users\/7"}],"replies":[{"embeddable":true,"href":"https:\/\/webvasco.com\/artigos\/wp-json\/wp\/v2\/comments?post=8373"}],"version-history":[{"count":1,"href":"https:\/\/webvasco.com\/artigos\/wp-json\/wp\/v2\/posts\/8373\/revisions"}],"predecessor-version":[{"id":8374,"href":"https:\/\/webvasco.com\/artigos\/wp-json\/wp\/v2\/posts\/8373\/revisions\/8374"}],"wp:attachment":[{"href":"https:\/\/webvasco.com\/artigos\/wp-json\/wp\/v2\/media?parent=8373"}],"wp:term":[{"taxonomy":"category","embeddable":true,"href":"https:\/\/webvasco.com\/artigos\/wp-json\/wp\/v2\/categories?post=8373"},{"taxonomy":"post_tag","embeddable":true,"href":"https:\/\/webvasco.com\/artigos\/wp-json\/wp\/v2\/tags?post=8373"}],"curies":[{"name":"wp","href":"https:\/\/api.w.org\/{rel}","templated":true}]}}