{"id":8377,"date":"2017-11-27T07:21:41","date_gmt":"2017-11-27T10:21:41","guid":{"rendered":"http:\/\/webvasco.com\/artigos\/?p=8377"},"modified":"2017-11-27T07:22:05","modified_gmt":"2017-11-27T10:22:05","slug":"apressado-come-cru-mas-cauteloso-come-cruzeiro","status":"publish","type":"post","link":"https:\/\/webvasco.com\/artigos\/colunistas\/luizcarlosrocha\/apressado-come-cru-mas-cauteloso-come-cruzeiro\/","title":{"rendered":"APRESSADO COME CRU, MAS CAUTELOSO COME CRUZEIRO!"},"content":{"rendered":"<div id=\"m_-6186667789826354894yui_3_16_0_ym19_1_1511715004293_30977\"><span id=\"m_-6186667789826354894yui_3_16_0_ym19_1_1511715004293_30978\">\u00a0 \u00a0 A 37\u00aa Rodada do Campeonato Brasileiro, da S\u00e9rie A, serviu para o Vasco da Gama mostrar aos secadores de plant\u00e3o que apressado at\u00e9 pode comer CRU, mas quando existe cautela \u00e9 certo comer o Cruzeiro! O zagueiro Paul\u00e3o marcou o \u00fanico gol da partida, no Mineir\u00e3o, hoje, diante da Raposa.<u><\/u><u><\/u><\/span><\/div>\n<div id=\"m_-6186667789826354894yui_3_16_0_ym19_1_1511715004293_30980\"><span id=\"m_-6186667789826354894yui_3_16_0_ym19_1_1511715004293_30981\">\u00a0\u00a0\u00a0 O resultado colocou o Gigante da Colina na s\u00e9tima posi\u00e7\u00e3o na tabela de classifica\u00e7\u00e3o da competi\u00e7\u00e3o supramencionada. Falsos cr\u00edticos, e consequentemente pouco entendedores desta arte chamada futebol devem estar se rasgando, pois apontavam como certo o rebaixamento vasca\u00edno em dezembro. E agora?<u><\/u><u><\/u><\/span><\/div>\n<div id=\"m_-6186667789826354894yui_3_16_0_ym19_1_1511715004293_30983\"><span id=\"m_-6186667789826354894yui_3_16_0_ym19_1_1511715004293_30984\">\u00a0\u00a0\u00a0 Na verdade quem foi CRU foi o Vasc\u00e3o, pois mostrou-se Cruel, Racional e \u00danico. Isto, porque, foi matador de raposa em plena toca; atuou suficiente para vencer e n\u00e3o se preocupou em golear e principalmente foi Vasco da Gama, \u00fanica equipe capaz de ser o time do amor e da virada (na qual hoje nem precisou).<u><\/u><u><\/u><\/span><\/div>\n<div id=\"m_-6186667789826354894yui_3_16_0_ym19_1_1511715004293_30986\"><span id=\"m_-6186667789826354894yui_3_16_0_ym19_1_1511715004293_30987\">\u00a0\u00a0 Mas nem tudo foram flores no jogo (apenas o Thiago Neves, que \u00e9 ex-flor, hehehehe). Quem iludiu o Yago Pikachu? Ele acha que joga bola? Na etapa vestibular vindo pela esquerda deixou de passar a bola para dois companheiros, um pelo meio e outro pela direita, ambos com mais chances de concluir em gol, mas o est\u00fapido resolveu tentar e percebeu que o lado fominha s\u00f3 prejudicou o time. No tempo complementar depois de um passe certeiro de Andr\u00e9s Rios o aprendiz de jogador de cara com o arqueiro Rafael perde mais uma chance clar\u00edssima de ampliar o placar e definir a partida.<u><\/u><u><\/u><\/span><\/div>\n<div id=\"m_-6186667789826354894yui_3_16_0_ym19_1_1511715004293_30989\"><span id=\"m_-6186667789826354894yui_3_16_0_ym19_1_1511715004293_30990\">\u00a0\u00a0\u00a0 Rumo a Copa Libertadores, em 2018. Agora o Vasco precisa secar o Botafogo, amanh\u00e3, diante do Palmeiras, em S\u00e3o Paulo e vencer a Ponte Preta, em S\u00e3o Janu\u00e1rio, domingo que vem, dia 03 de dezembro no fechamento do Brasileir\u00e3o 2017. Seguimos acreditando. #EUACREDITOVASC\u00c3O#<u><\/u><u><\/u><\/span><\/div>\n<div id=\"m_-6186667789826354894yui_3_16_0_ym19_1_1511715004293_30992\"><span id=\"m_-6186667789826354894yui_3_16_0_ym19_1_1511715004293_30993\"><u><\/u>\u00a0<u><\/u><\/span><\/div>\n<div id=\"m_-6186667789826354894yui_3_16_0_ym19_1_1511715004293_30995\"><span id=\"m_-6186667789826354894yui_3_16_0_ym19_1_1511715004293_30996\"><u><\/u>\u00a0<u><\/u><\/span><\/div>\n<div id=\"m_-6186667789826354894yui_3_16_0_ym19_1_1511715004293_30998\"><b id=\"m_-6186667789826354894yui_3_16_0_ym19_1_1511715004293_30999\"><u id=\"m_-6186667789826354894yui_3_16_0_ym19_1_1511715004293_31000\"><span id=\"m_-6186667789826354894yui_3_16_0_ym19_1_1511715004293_31001\">VERGONHA (MAIS DE 4 ANOS!):<u><\/u><u><\/u><\/span><\/u><\/b><\/div>\n<div id=\"m_-6186667789826354894yui_3_16_0_ym19_1_1511715004293_31003\"><span id=\"m_-6186667789826354894yui_3_16_0_ym19_1_1511715004293_31004\">DEPOIS DE AGUARDAR\u00a0<b id=\"m_-6186667789826354894yui_3_16_0_ym19_1_1511715004293_31005\">\u00a053 MESES, OU SEJA, 4 ANOS E 5 MESES!\u00a0 (CARRO DESDE 10 DE JUNHO DE 2013)<\/b>\u00a0COM O CARRO PRESO NA OFICINA DA ABOLI\u00c7\u00c3O VE\u00cdCULOS COM APENAS 729 KM RODADOS, EM UM PROCESSO COM 8 VOLUMES, NA 1\u00aa VARA CIVEL, DA COMARCA DE NITER\u00d3I\/RJ, REGIONAL OCE\u00c2NICA, A SENTEN\u00c7A FOI INDEFERIR TODOS OS MEUS PEDIDOS E AINDA CONDENAR EM 10% DE CUSTAS JUDICIAIS. OU SEJA, FIQUEI SEM CARRO ESSE TEMPO TODO (MESMO PAGANDO \u00c0 VISTA POR ELE), JUNTEI PROVAS COMO REGISTRO DE OCORR\u00caNCIA DA POL\u00cdCIA CIVIL\/RJ, BOLETIM DE OCORR\u00caNCIA DA POLICIA MILITAR\/RJ, ORDENS DE SERVI\u00c7O, MAIS DE 600 FOTOGRAFIAS, MAIS DE 40 \u00c1UDIOS, NOTAS FISCAIS, NOTAS DE T\u00c1XI, PRONTU\u00c1RIOS M\u00c9DICOS, POIS NESTE PER\u00cdODO TIVE PROBLEMAS DE SA\u00daDE, BEM COMO MEUS FAMILIARES, TENDO UMA FILHA QUE HOJE TEM APENAS 5 ANOS, NA \u00c9POCA POUCO MAIS DE 1 ANINHO. VALE LEMBRAR, QUE OS PRIMEIROS DEFEITOS SE DERAM QUANDO O CARRO TINHA MENOS DE 30 KM RODADOS. TUDO ISSO PARA NADA. QUEM GOSTOU DO RESULTADO DA DOUTA MAGRISTRADA FORAM AS EMPRESAS R\u00c9S \u2013 QUE ME LESARAM \u2013 ABOLI\u00c7\u00c3O VE\u00cdCULOS E VW DO BRASIL<\/span><b id=\"m_-6186667789826354894yui_3_16_0_ym19_1_1511715004293_31006\"><span id=\"m_-6186667789826354894yui_3_16_0_ym19_1_1511715004293_31007\">(PROCESSO: No 0016370-44.2013.8.19.0212).<\/span><\/b><span id=\"m_-6186667789826354894yui_3_16_0_ym19_1_1511715004293_31008\"><u><\/u><u><\/u><\/span><\/div>\n<div id=\"m_-6186667789826354894yui_3_16_0_ym19_1_1511715004293_31010\"><b id=\"m_-6186667789826354894yui_3_16_0_ym19_1_1511715004293_31011\"><span id=\"m_-6186667789826354894yui_3_16_0_ym19_1_1511715004293_31012\">\u00a0<u><\/u><u><\/u><\/span><\/b><\/div>\n<div id=\"m_-6186667789826354894yui_3_16_0_ym19_1_1511715004293_31014\"><b id=\"m_-6186667789826354894yui_3_16_0_ym19_1_1511715004293_31015\"><span id=\"m_-6186667789826354894yui_3_16_0_ym19_1_1511715004293_31016\">\u00a0\u00a0\u00a0\u00a0\u00a0\u00a0\u00a0\u00a0\u00a0\u00a0\u00a0\u00a0\u00a0\u00a0<u><\/u><u><\/u><\/span><\/b><\/div>\n<div id=\"m_-6186667789826354894yui_3_16_0_ym19_1_1511715004293_31018\"><b id=\"m_-6186667789826354894yui_3_16_0_ym19_1_1511715004293_31019\"><span id=\"m_-6186667789826354894yui_3_16_0_ym19_1_1511715004293_31020\">\u00a0\u00a0\u00a0\u00a0\u00a0\u00a0\u00a0\u00a0\u00a0\u00a0\u00a0\u00a0\u00a0\u00a0\u00a0\u00a0\u00a0\u00a0\u00a0\u00a0\u00a0\u00a0\u00a0\u00a0\u00a0\u00a0\u00a0\u00a0\u00a0\u00a0<u><\/u><u><\/u><\/span><\/b><\/div>\n<div id=\"m_-6186667789826354894yui_3_16_0_ym19_1_1511715004293_29110\"><\/div>\n<div id=\"m_-6186667789826354894yui_3_16_0_ym19_1_1511715004293_31022\" dir=\"ltr\"><b id=\"m_-6186667789826354894yui_3_16_0_ym19_1_1511715004293_31023\"><span id=\"m_-6186667789826354894yui_3_16_0_ym19_1_1511715004293_31024\">AP\u00d3S AS TODAS AS PARTIDAS DO VASC\u00c3O EM MEU PERFIL DO FACEBOOK (QUEM QUISER RECEBER AS CR\u00d4NICAS DE PRIMEIRA M\u00c3O \u00c9 S\u00d3 ME ADICIONAR), E NO SITE WEBVASCO (<a href=\"http:\/\/www.webvasco.com\/\" target=\"_blank\" rel=\"noopener\" data-saferedirecturl=\"https:\/\/www.google.com\/url?hl=pt-BR&amp;q=http:\/\/www.webvasco.com&amp;source=gmail&amp;ust=1511823919223000&amp;usg=AFQjCNEYzKw0sfSjf1trFcb8ztKHFYMl_A\">www.webvasco.com<\/a>), TEM A OPINI\u00c3O DO JORNALISTA LUIZ CARLOS ROCHA. LEIAM! COMPARTILHEM E CURTAM! VASCA\u00cdNOS UNIDOS JAMAIS SER\u00c3O VENCIDOS.<\/span><\/b><\/div>\n","protected":false},"excerpt":{"rendered":"<p>\u00a0 \u00a0 A 37\u00aa Rodada do Campeonato Brasileiro, da S\u00e9rie A, serviu para o Vasco&#8230;<\/p>\n","protected":false},"author":7,"featured_media":0,"comment_status":"open","ping_status":"closed","sticky":false,"template":"","format":"standard","meta":{"footnotes":""},"categories":[4],"tags":[],"class_list":["post-8377","post","type-post","status-publish","format-standard","hentry","category-luizcarlosrocha"],"_links":{"self":[{"href":"https:\/\/webvasco.com\/artigos\/wp-json\/wp\/v2\/posts\/8377","targetHints":{"allow":["GET"]}}],"collection":[{"href":"https:\/\/webvasco.com\/artigos\/wp-json\/wp\/v2\/posts"}],"about":[{"href":"https:\/\/webvasco.com\/artigos\/wp-json\/wp\/v2\/types\/post"}],"author":[{"embeddable":true,"href":"https:\/\/webvasco.com\/artigos\/wp-json\/wp\/v2\/users\/7"}],"replies":[{"embeddable":true,"href":"https:\/\/webvasco.com\/artigos\/wp-json\/wp\/v2\/comments?post=8377"}],"version-history":[{"count":1,"href":"https:\/\/webvasco.com\/artigos\/wp-json\/wp\/v2\/posts\/8377\/revisions"}],"predecessor-version":[{"id":8378,"href":"https:\/\/webvasco.com\/artigos\/wp-json\/wp\/v2\/posts\/8377\/revisions\/8378"}],"wp:attachment":[{"href":"https:\/\/webvasco.com\/artigos\/wp-json\/wp\/v2\/media?parent=8377"}],"wp:term":[{"taxonomy":"category","embeddable":true,"href":"https:\/\/webvasco.com\/artigos\/wp-json\/wp\/v2\/categories?post=8377"},{"taxonomy":"post_tag","embeddable":true,"href":"https:\/\/webvasco.com\/artigos\/wp-json\/wp\/v2\/tags?post=8377"}],"curies":[{"name":"wp","href":"https:\/\/api.w.org\/{rel}","templated":true}]}}