{"id":8379,"date":"2017-11-27T07:38:04","date_gmt":"2017-11-27T10:38:04","guid":{"rendered":"http:\/\/webvasco.com\/artigos\/?p=8379"},"modified":"2018-01-27T09:12:53","modified_gmt":"2018-01-27T12:12:53","slug":"elas-o-professor-isabela-andrade","status":"publish","type":"post","link":"https:\/\/webvasco.com\/artigos\/temas\/elas-e-o-professor\/elas-o-professor-isabela-andrade\/","title":{"rendered":"ELAS &#038; O PROFESSOR &#8211; ISABELA ANDRADE"},"content":{"rendered":"<p>A entrevista deste m\u00eas de novembro de 2017, com Isabela Andrade \u00e9 dedicada a pequena-grande vasca\u00edna <strong>\u00darsulla Rocha<\/strong>, na qual me motiva a trabalhar com seriedade e dedica\u00e7\u00e3o.<\/p>\n<p>&nbsp;<\/p>\n<p>&nbsp;<\/p>\n<p><strong>ISABELA RIBEIRO SANTOS ANDRADE<\/strong>, solteira, 24 anos, cirurgi\u00e3-dentista formada pela Universidade Federal Fluminense\/UFF, geminiana, embora tenha nascido na Capital Carioca, foi criada no Ing\u00e1, bairro nobre da Zona Sul do munic\u00edpio de Niter\u00f3i\/RJ. Torce pelas Escolas de Samba Unidos do Viradouro e Mangueira. Extremamente simp\u00e1tica a menina que veste branco (acrescentando o preto e a Cruz de Malta nas horas de entretenimento) no trabalho, recebeu WebVasco em sua resid\u00eancia e falou da sua hist\u00f3ria como torcedora.<\/p>\n<p>&nbsp;<\/p>\n<p>&nbsp;<\/p>\n<p><strong>Voc\u00ea gostou do resultado das elei\u00e7\u00f5es? \u00a0<\/strong><\/p>\n<p>Se a urna sete for mesmo cancelada eu gostei. Eurico (Miranda) tem de sair urgentemente.<\/p>\n<p>&nbsp;<\/p>\n<p><strong>Na sua opini\u00e3o Eurico Miranda ir\u00e1 recorrer? <\/strong><\/p>\n<p>Acho que vai recorrer do jeito dele, porque n\u00e3o desiste nunca.<\/p>\n<p>&nbsp;<\/p>\n<p><strong>O J\u00falio Brant ser\u00e1 o presidente ideal para o Vasco da Gama? \u00a0\u00a0\u00a0<\/strong><\/p>\n<p>Confesso que nunca acompanhei a pol\u00edtica vasca\u00edna.<\/p>\n<p>&nbsp;<\/p>\n<p><strong>O que te fez torcer para o Cruzmaltino? \u00a0\u00a0\u00a0<\/strong><\/p>\n<p>Minha fam\u00edlia \u00e9 toda flamenguista, s\u00f3 meu pai \u00e9 vasca\u00edno. Ent\u00e3o no come\u00e7o, quando eu tinha apenas sete anos foi por pena dele, para n\u00e3o torcer sozinho. Mas com o passar dos anos aprendi amar o Vasco, e hoje sou muito mais fervorosa do que ele.<\/p>\n<p>&nbsp;<\/p>\n<p><strong>O que voc\u00ea espera para a temporada 2018? \u00a0\u00a0<\/strong><\/p>\n<p>Neste ano eles (o plantel) me surpreenderam, pois achei que ficar\u00edamos ali na briga para n\u00e3o cair, e n\u00e3o \u00e9 isso. Temos chance inclusive de disputar a Libertadores no pr\u00f3ximo ano. Sendo assim, acredito que em 2018 ser\u00e1 melhor ainda.<\/p>\n<p>&nbsp;<\/p>\n<p><strong>Qual lugar mais distante que voc\u00ea foi para assistir o Gigante da Colina atuar? <\/strong><\/p>\n<p>Maracan\u00e3 (sorriu).<\/p>\n<p>&nbsp;<\/p>\n<p><strong>\u00a0\u00a0Qual atleta do atual elenco pode ser considerado o \u201cdente podre\u201d do Vasco? \u00a0<\/strong><\/p>\n<p>Thalles.<\/p>\n<p>&nbsp;<\/p>\n<p><strong>E o \u201cdente\u201d mais brilhante? \u00a0\u00a0<\/strong><\/p>\n<p>Martin Silva, pois se n\u00e3o fosse ele, estar\u00edamos na S\u00e9rie C. Mas tamb\u00e9m gosto muito do Nen\u00ea.<\/p>\n<p>&nbsp;<\/p>\n<p><strong>\u00a0\u00a0 O que h\u00e1 de errado na estrutura vasca\u00edna para n\u00e3o emplacar um t\u00edtulo de express\u00e3o nos \u00faltimos anos? \u00a0\u00a0\u00a0\u00a0\u00a0<\/strong><\/p>\n<p>O Centro de Forma\u00e7\u00e3o (base) \u00e9 muito fraco. Basta ver os times de S\u00e3o Paulo.<\/p>\n<p>&nbsp;<\/p>\n<p><strong>\u00a0\u00a0 Aonde voc\u00ea assiste as partidas? \u00a0\u00a0<\/strong><\/p>\n<p>Neste sof\u00e1 (apontou). Algumas vezes sorrindo outras chorando. Mas todas as vezes com muitos flamenguistas secando.<\/p>\n<p>&nbsp;<\/p>\n<p><strong>\u00a0\u00a0 Dom Charuto \u00e9 vil\u00e3o ou mocinho? \u00a0\u00a0\u00a0<\/strong><\/p>\n<p>Vil\u00e3o tr\u00eas vezes (em alus\u00e3o aos rebaixamentos).<\/p>\n<p>&nbsp;<\/p>\n<p><strong>\u00a0\u00a0 Qual seu amuleto vasca\u00edno? <\/strong><\/p>\n<p>Uma camisa toda preta que tenho, muito embora tenha outras mais bonitas.<\/p>\n<p>&nbsp;<\/p>\n<p><strong>De zero a dez como voc\u00ea classifica sua fervorosidade pelo clube? <\/strong><\/p>\n<p>Vou dar uma resposta machista. Para mulher nota 8. Sorriu concluindo.<\/p>\n<p>&nbsp;<\/p>\n<p>&nbsp;<\/p>\n<p><strong><u>FOTOGRAFIAS: BY LUIZ CARLOS ROCHA<\/u><\/strong><\/p>\n<p><a href=\"https:\/\/webvasco.com\/artigos\/wp-content\/uploads\/2017\/11\/1.jpg\"><img loading=\"lazy\" decoding=\"async\" class=\"alignright size-medium wp-image-8380\" src=\"https:\/\/webvasco.com\/artigos\/wp-content\/uploads\/2017\/11\/1-228x300.jpg\" alt=\"\" width=\"228\" height=\"300\" srcset=\"https:\/\/webvasco.com\/artigos\/wp-content\/uploads\/2017\/11\/1-228x300.jpg 228w, https:\/\/webvasco.com\/artigos\/wp-content\/uploads\/2017\/11\/1-114x150.jpg 114w, https:\/\/webvasco.com\/artigos\/wp-content\/uploads\/2017\/11\/1-768x1010.jpg 768w, https:\/\/webvasco.com\/artigos\/wp-content\/uploads\/2017\/11\/1-779x1024.jpg 779w\" sizes=\"auto, (max-width: 228px) 100vw, 228px\" \/><\/a> <a href=\"https:\/\/webvasco.com\/artigos\/wp-content\/uploads\/2017\/11\/2.jpg\"><img loading=\"lazy\" decoding=\"async\" class=\"alignright size-medium wp-image-8381\" src=\"https:\/\/webvasco.com\/artigos\/wp-content\/uploads\/2017\/11\/2-190x300.jpg\" alt=\"\" width=\"190\" height=\"300\" srcset=\"https:\/\/webvasco.com\/artigos\/wp-content\/uploads\/2017\/11\/2-190x300.jpg 190w, https:\/\/webvasco.com\/artigos\/wp-content\/uploads\/2017\/11\/2-95x150.jpg 95w, https:\/\/webvasco.com\/artigos\/wp-content\/uploads\/2017\/11\/2-768x1215.jpg 768w, https:\/\/webvasco.com\/artigos\/wp-content\/uploads\/2017\/11\/2-647x1024.jpg 647w, https:\/\/webvasco.com\/artigos\/wp-content\/uploads\/2017\/11\/2.jpg 1952w\" sizes=\"auto, (max-width: 190px) 100vw, 190px\" \/><\/a> <a href=\"https:\/\/webvasco.com\/artigos\/wp-content\/uploads\/2017\/11\/3.jpg\"><img loading=\"lazy\" decoding=\"async\" class=\"alignright size-medium wp-image-8382\" src=\"https:\/\/webvasco.com\/artigos\/wp-content\/uploads\/2017\/11\/3-161x300.jpg\" alt=\"\" width=\"161\" height=\"300\" srcset=\"https:\/\/webvasco.com\/artigos\/wp-content\/uploads\/2017\/11\/3-161x300.jpg 161w, https:\/\/webvasco.com\/artigos\/wp-content\/uploads\/2017\/11\/3-80x150.jpg 80w, https:\/\/webvasco.com\/artigos\/wp-content\/uploads\/2017\/11\/3-768x1434.jpg 768w, https:\/\/webvasco.com\/artigos\/wp-content\/uploads\/2017\/11\/3-548x1024.jpg 548w, https:\/\/webvasco.com\/artigos\/wp-content\/uploads\/2017\/11\/3.jpg 1744w\" sizes=\"auto, (max-width: 161px) 100vw, 161px\" \/><\/a> <a href=\"https:\/\/webvasco.com\/artigos\/wp-content\/uploads\/2017\/11\/5.jpg\"><img loading=\"lazy\" decoding=\"async\" class=\"alignright size-medium wp-image-8383\" src=\"https:\/\/webvasco.com\/artigos\/wp-content\/uploads\/2017\/11\/5-288x300.jpg\" alt=\"\" width=\"288\" height=\"300\" srcset=\"https:\/\/webvasco.com\/artigos\/wp-content\/uploads\/2017\/11\/5-288x300.jpg 288w, https:\/\/webvasco.com\/artigos\/wp-content\/uploads\/2017\/11\/5-144x150.jpg 144w, https:\/\/webvasco.com\/artigos\/wp-content\/uploads\/2017\/11\/5-768x800.jpg 768w, https:\/\/webvasco.com\/artigos\/wp-content\/uploads\/2017\/11\/5-983x1024.jpg 983w, https:\/\/webvasco.com\/artigos\/wp-content\/uploads\/2017\/11\/5.jpg 1928w\" sizes=\"auto, (max-width: 288px) 100vw, 288px\" \/><\/a> <a href=\"https:\/\/webvasco.com\/artigos\/wp-content\/uploads\/2017\/11\/6.jpg\"><img loading=\"lazy\" decoding=\"async\" class=\"alignright size-medium wp-image-8384\" src=\"https:\/\/webvasco.com\/artigos\/wp-content\/uploads\/2017\/11\/6-186x300.jpg\" alt=\"\" width=\"186\" height=\"300\" srcset=\"https:\/\/webvasco.com\/artigos\/wp-content\/uploads\/2017\/11\/6-186x300.jpg 186w, https:\/\/webvasco.com\/artigos\/wp-content\/uploads\/2017\/11\/6-93x150.jpg 93w, https:\/\/webvasco.com\/artigos\/wp-content\/uploads\/2017\/11\/6-768x1236.jpg 768w, https:\/\/webvasco.com\/artigos\/wp-content\/uploads\/2017\/11\/6-636x1024.jpg 636w\" sizes=\"auto, (max-width: 186px) 100vw, 186px\" \/><\/a> <a href=\"https:\/\/webvasco.com\/artigos\/wp-content\/uploads\/2017\/11\/7.jpg\"><img loading=\"lazy\" decoding=\"async\" class=\"alignright size-medium wp-image-8385\" src=\"https:\/\/webvasco.com\/artigos\/wp-content\/uploads\/2017\/11\/7-300x205.jpg\" alt=\"\" width=\"300\" height=\"205\" srcset=\"https:\/\/webvasco.com\/artigos\/wp-content\/uploads\/2017\/11\/7-300x205.jpg 300w, https:\/\/webvasco.com\/artigos\/wp-content\/uploads\/2017\/11\/7-150x102.jpg 150w, https:\/\/webvasco.com\/artigos\/wp-content\/uploads\/2017\/11\/7-768x524.jpg 768w, https:\/\/webvasco.com\/artigos\/wp-content\/uploads\/2017\/11\/7-1024x699.jpg 1024w\" sizes=\"auto, (max-width: 300px) 100vw, 300px\" \/><\/a> <a href=\"https:\/\/webvasco.com\/artigos\/wp-content\/uploads\/2017\/11\/8.jpg\"><img loading=\"lazy\" decoding=\"async\" class=\"alignright size-medium wp-image-8386\" src=\"https:\/\/webvasco.com\/artigos\/wp-content\/uploads\/2017\/11\/8-300x256.jpg\" alt=\"\" width=\"300\" height=\"256\" srcset=\"https:\/\/webvasco.com\/artigos\/wp-content\/uploads\/2017\/11\/8-300x256.jpg 300w, https:\/\/webvasco.com\/artigos\/wp-content\/uploads\/2017\/11\/8-150x128.jpg 150w, https:\/\/webvasco.com\/artigos\/wp-content\/uploads\/2017\/11\/8-768x656.jpg 768w, https:\/\/webvasco.com\/artigos\/wp-content\/uploads\/2017\/11\/8-1024x874.jpg 1024w\" sizes=\"auto, (max-width: 300px) 100vw, 300px\" \/><\/a> <a href=\"https:\/\/webvasco.com\/artigos\/wp-content\/uploads\/2017\/11\/9.jpg\"><img loading=\"lazy\" decoding=\"async\" class=\"alignright size-medium wp-image-8387\" src=\"https:\/\/webvasco.com\/artigos\/wp-content\/uploads\/2017\/11\/9-300x208.jpg\" alt=\"\" width=\"300\" height=\"208\" srcset=\"https:\/\/webvasco.com\/artigos\/wp-content\/uploads\/2017\/11\/9-300x208.jpg 300w, https:\/\/webvasco.com\/artigos\/wp-content\/uploads\/2017\/11\/9-150x104.jpg 150w, https:\/\/webvasco.com\/artigos\/wp-content\/uploads\/2017\/11\/9-768x533.jpg 768w, https:\/\/webvasco.com\/artigos\/wp-content\/uploads\/2017\/11\/9-1024x711.jpg 1024w\" sizes=\"auto, (max-width: 300px) 100vw, 300px\" \/><\/a> <a href=\"https:\/\/webvasco.com\/artigos\/wp-content\/uploads\/2017\/11\/10.jpg\"><img loading=\"lazy\" decoding=\"async\" class=\"alignright size-medium wp-image-8388\" src=\"https:\/\/webvasco.com\/artigos\/wp-content\/uploads\/2017\/11\/10-300x248.jpg\" alt=\"\" width=\"300\" height=\"248\" srcset=\"https:\/\/webvasco.com\/artigos\/wp-content\/uploads\/2017\/11\/10-300x248.jpg 300w, https:\/\/webvasco.com\/artigos\/wp-content\/uploads\/2017\/11\/10-150x124.jpg 150w, https:\/\/webvasco.com\/artigos\/wp-content\/uploads\/2017\/11\/10-768x635.jpg 768w, https:\/\/webvasco.com\/artigos\/wp-content\/uploads\/2017\/11\/10-1024x847.jpg 1024w\" sizes=\"auto, (max-width: 300px) 100vw, 300px\" \/><\/a><\/p>\n","protected":false},"excerpt":{"rendered":"<p>A entrevista deste m\u00eas de novembro de 2017, com Isabela Andrade \u00e9 dedicada a pequena-grande&#8230;<\/p>\n","protected":false},"author":7,"featured_media":8383,"comment_status":"open","ping_status":"closed","sticky":false,"template":"","format":"standard","meta":{"footnotes":""},"categories":[27],"tags":[],"class_list":["post-8379","post","type-post","status-publish","format-standard","has-post-thumbnail","hentry","category-elas-e-o-professor"],"_links":{"self":[{"href":"https:\/\/webvasco.com\/artigos\/wp-json\/wp\/v2\/posts\/8379","targetHints":{"allow":["GET"]}}],"collection":[{"href":"https:\/\/webvasco.com\/artigos\/wp-json\/wp\/v2\/posts"}],"about":[{"href":"https:\/\/webvasco.com\/artigos\/wp-json\/wp\/v2\/types\/post"}],"author":[{"embeddable":true,"href":"https:\/\/webvasco.com\/artigos\/wp-json\/wp\/v2\/users\/7"}],"replies":[{"embeddable":true,"href":"https:\/\/webvasco.com\/artigos\/wp-json\/wp\/v2\/comments?post=8379"}],"version-history":[{"count":1,"href":"https:\/\/webvasco.com\/artigos\/wp-json\/wp\/v2\/posts\/8379\/revisions"}],"predecessor-version":[{"id":8389,"href":"https:\/\/webvasco.com\/artigos\/wp-json\/wp\/v2\/posts\/8379\/revisions\/8389"}],"wp:featuredmedia":[{"embeddable":true,"href":"https:\/\/webvasco.com\/artigos\/wp-json\/wp\/v2\/media\/8383"}],"wp:attachment":[{"href":"https:\/\/webvasco.com\/artigos\/wp-json\/wp\/v2\/media?parent=8379"}],"wp:term":[{"taxonomy":"category","embeddable":true,"href":"https:\/\/webvasco.com\/artigos\/wp-json\/wp\/v2\/categories?post=8379"},{"taxonomy":"post_tag","embeddable":true,"href":"https:\/\/webvasco.com\/artigos\/wp-json\/wp\/v2\/tags?post=8379"}],"curies":[{"name":"wp","href":"https:\/\/api.w.org\/{rel}","templated":true}]}}