{"id":8391,"date":"2017-12-04T06:51:50","date_gmt":"2017-12-04T09:51:50","guid":{"rendered":"http:\/\/webvasco.com\/artigos\/?p=8391"},"modified":"2017-12-04T06:52:14","modified_gmt":"2017-12-04T09:52:14","slug":"e-agora-critica","status":"publish","type":"post","link":"https:\/\/webvasco.com\/artigos\/colunistas\/luizcarlosrocha\/e-agora-critica\/","title":{"rendered":"E AGORA CR\u00cdTICA?"},"content":{"rendered":"<div id=\"m_-1087041000107548117yui_3_16_0_ym19_1_1512164802796_157985\"><span id=\"m_-1087041000107548117yui_3_16_0_ym19_1_1512164802796_157986\"><a href=\"https:\/\/webvasco.com\/artigos\/wp-content\/uploads\/2017\/12\/IMG_20171203_191426436.jpg\"><img loading=\"lazy\" decoding=\"async\" class=\"alignright size-medium wp-image-8392\" src=\"https:\/\/webvasco.com\/artigos\/wp-content\/uploads\/2017\/12\/IMG_20171203_191426436-300x228.jpg\" alt=\"\" width=\"300\" height=\"228\" srcset=\"https:\/\/webvasco.com\/artigos\/wp-content\/uploads\/2017\/12\/IMG_20171203_191426436-300x228.jpg 300w, https:\/\/webvasco.com\/artigos\/wp-content\/uploads\/2017\/12\/IMG_20171203_191426436-150x114.jpg 150w, https:\/\/webvasco.com\/artigos\/wp-content\/uploads\/2017\/12\/IMG_20171203_191426436-768x584.jpg 768w, https:\/\/webvasco.com\/artigos\/wp-content\/uploads\/2017\/12\/IMG_20171203_191426436-1024x779.jpg 1024w\" sizes=\"auto, (max-width: 300px) 100vw, 300px\" \/><\/a>\u00a0 \u00a0 Libertadores 2018! Ap\u00f3s 38 rodadas, o time do Vasco da Gama mostrou porque \u00e9 o time da virada e do amor. Ali\u00e1s, diante da classifica\u00e7\u00e3o para a disputa mais importante da Am\u00e9rica, h\u00e1 muito afeto entre a Imensa Torcida Bem Feliz (mais do que nunca) e o Cruzmaltino. Os gols dos meninos Paulinho e Mateus Vital serviram n\u00e3o s\u00f3 para o triunfo diante da Ponte Preta, em S\u00e3o Janu\u00e1rio, mas tamb\u00e9m para apontar o valor do plantel, que no in\u00edcio do Campeonato Brasileiro foi t\u00e3o desacreditado.<u><\/u><u><\/u><\/span><\/div>\n<div id=\"m_-1087041000107548117yui_3_16_0_ym19_1_1512164802796_157988\"><span id=\"m_-1087041000107548117yui_3_16_0_ym19_1_1512164802796_157989\">\u00a0\u00a0\u00a0 Est\u00fapidos \u2013 sem no\u00e7\u00e3o nenhuma de futebol, tampouco respeito as tradi\u00e7\u00f5es vasca\u00ednas \u2013 disseram que ao t\u00e9rmino da temporada de 2017 o Vasco seria mais uma vez rebaixado. Que se tivesse alguma sorte (desconhecendo por completo a nomenclatura labuto) no m\u00e1ximo brigaria para n\u00e3o cair. Quanta besteira!<u><\/u><u><\/u><\/span><\/div>\n<div id=\"m_-1087041000107548117yui_3_16_0_ym19_1_1512164802796_157991\"><span id=\"m_-1087041000107548117yui_3_16_0_ym19_1_1512164802796_157992\">\u00a0\u00a0\u00a0 Analisando friamente a 38\u00aa rodada: Primeiro as damas, o FlorminenC (time de Segunda Divis\u00e3o, convidado em 2001 para disputar a S\u00e9rie A somente aquele ano, de l\u00e1 para c\u00e1 como penetra na Primeirona) fez uma mera participa\u00e7\u00e3o e namorou com o fantasma da Segunda. Botafogo tido como o favorito carioca por ter disputado uma Libertadores este ano, nem se classificou para a Liberta de 2018. O Exclu\u00eddo, montou uma equipe com investimento riqu\u00edssimo, mas no final das contas teve os mesmos 56 pontos ganhos, exatamente com mesmo n\u00fameros de vit\u00f3rias, derrotas e empates do Gigante da Colina. O que deixou o Time que n\u00e3o deve ser nomeado uma posi\u00e7\u00e3o \u00e0 frente do Mach\u00e3o da Gama foi o saldo de gols. Sendo que o investimento de \u201cpobre\u201d surtiu muito mais efeito, se comparado ao resultado final.<u><\/u><u><\/u><\/span><\/div>\n<div id=\"m_-1087041000107548117yui_3_16_0_ym19_1_1512164802796_157994\"><span id=\"m_-1087041000107548117yui_3_16_0_ym19_1_1512164802796_157995\">\u00a0\u00a0 Moral da hist\u00f3ria: um clube que venceu preconceitos ao longo dos anos de sua exist\u00eancia. O primeiro a contratar negros e oper\u00e1rios. Que a torcida ergueu seu est\u00e1dio com as pr\u00f3prias m\u00e3os, usando recursos privados (sem qualquer ajuda estatal), que historicamente marcou momentos important\u00edssimos no que tange ao Brasil, n\u00e3o pode ser diminu\u00eddo. Uma institui\u00e7\u00e3o centen\u00e1ria deste patamar merece respeito. Isso \u00e9 Vasco da Gama! Campe\u00e3o de Terra e Mar!<u><\/u><u><\/u><\/span><\/div>\n<div id=\"m_-1087041000107548117yui_3_16_0_ym19_1_1512164802796_157997\"><span id=\"m_-1087041000107548117yui_3_16_0_ym19_1_1512164802796_157998\">FOTOGRAFIA BY: LUIZ CARLOS ROCHA.<u><\/u><u><\/u><\/span><\/div>\n<div id=\"m_-1087041000107548117yui_3_16_0_ym19_1_1512164802796_158000\"><span id=\"m_-1087041000107548117yui_3_16_0_ym19_1_1512164802796_158001\"><u><\/u>\u00a0<u><\/u><\/span><\/div>\n<div id=\"m_-1087041000107548117yui_3_16_0_ym19_1_1512164802796_158003\"><b id=\"m_-1087041000107548117yui_3_16_0_ym19_1_1512164802796_158004\"><u id=\"m_-1087041000107548117yui_3_16_0_ym19_1_1512164802796_158005\"><span id=\"m_-1087041000107548117yui_3_16_0_ym19_1_1512164802796_158006\">VERGONHA (MAIS DE 4 ANOS!):<u><\/u><u><\/u><\/span><\/u><\/b><\/div>\n<div id=\"m_-1087041000107548117yui_3_16_0_ym19_1_1512164802796_158008\"><span id=\"m_-1087041000107548117yui_3_16_0_ym19_1_1512164802796_158009\">DEPOIS DE AGUARDAR\u00a0<b id=\"m_-1087041000107548117yui_3_16_0_ym19_1_1512164802796_158010\">\u00a053 MESES, OU SEJA, 4 ANOS E 5 MESES!\u00a0 (CARRO DESDE 10 DE JUNHO DE 2013)<\/b>\u00a0COM O CARRO PRESO NA OFICINA DA ABOLI\u00c7\u00c3O VE\u00cdCULOS COM APENAS 729 KM RODADOS, EM UM PROCESSO COM 8 VOLUMES, NA 1\u00aa VARA CIVEL, DA COMARCA DE NITER\u00d3I\/RJ, REGIONAL OCE\u00c2NICA, A SENTEN\u00c7A FOI INDEFERIR TODOS OS MEUS PEDIDOS E AINDA CONDENAR EM 10% DE CUSTAS JUDICIAIS. OU SEJA, FIQUEI SEM CARRO ESSE TEMPO TODO (MESMO PAGANDO \u00c0 VISTA POR ELE), JUNTEI PROVAS COMO REGISTRO DE OCORR\u00caNCIA DA POL\u00cdCIA CIVIL\/RJ, BOLETIM DE OCORR\u00caNCIA DA POLICIA MILITAR\/RJ, ORDENS DE SERVI\u00c7O, MAIS DE 600 FOTOGRAFIAS, MAIS DE 40 \u00c1UDIOS, NOTAS FISCAIS, NOTAS DE T\u00c1XI, PRONTU\u00c1RIOS M\u00c9DICOS, POIS NESTE PER\u00cdODO TIVE PROBLEMAS DE SA\u00daDE, BEM COMO MEUS FAMILIARES, TENDO UMA FILHA QUE HOJE TEM APENAS 5 ANOS, NA \u00c9POCA POUCO MAIS DE 1 ANINHO. VALE LEMBRAR, QUE OS PRIMEIROS DEFEITOS SE DERAM QUANDO O CARRO TINHA MENOS DE 30 KM RODADOS. TUDO ISSO PARA NADA. QUEM GOSTOU DO RESULTADO DA DOUTA MAGRISTRADA FORAM AS EMPRESAS R\u00c9S \u2013 QUE ME LESARAM \u2013 ABOLI\u00c7\u00c3O VE\u00cdCULOS E VW DO BRASIL<\/span><b id=\"m_-1087041000107548117yui_3_16_0_ym19_1_1512164802796_158011\"><span id=\"m_-1087041000107548117yui_3_16_0_ym19_1_1512164802796_158012\">(PROCESSO: No 0016370-44.2013.8.19.0212).<\/span><\/b><span id=\"m_-1087041000107548117yui_3_16_0_ym19_1_1512164802796_158013\"><u><\/u><u><\/u><\/span><\/div>\n<div id=\"m_-1087041000107548117yui_3_16_0_ym19_1_1512164802796_158015\"><b id=\"m_-1087041000107548117yui_3_16_0_ym19_1_1512164802796_158016\"><span id=\"m_-1087041000107548117yui_3_16_0_ym19_1_1512164802796_158017\">\u00a0<u><\/u><u><\/u><\/span><\/b><\/div>\n<div id=\"m_-1087041000107548117yui_3_16_0_ym19_1_1512164802796_158019\"><b id=\"m_-1087041000107548117yui_3_16_0_ym19_1_1512164802796_158020\"><span id=\"m_-1087041000107548117yui_3_16_0_ym19_1_1512164802796_158021\">\u00a0\u00a0\u00a0\u00a0\u00a0\u00a0\u00a0\u00a0\u00a0\u00a0\u00a0\u00a0\u00a0\u00a0<u><\/u><u><\/u><\/span><\/b><\/div>\n<div id=\"m_-1087041000107548117yui_3_16_0_ym19_1_1512164802796_158023\"><b id=\"m_-1087041000107548117yui_3_16_0_ym19_1_1512164802796_158024\"><span id=\"m_-1087041000107548117yui_3_16_0_ym19_1_1512164802796_158025\">\u00a0\u00a0\u00a0\u00a0\u00a0\u00a0\u00a0\u00a0\u00a0\u00a0\u00a0\u00a0\u00a0\u00a0\u00a0\u00a0\u00a0\u00a0\u00a0\u00a0\u00a0\u00a0\u00a0\u00a0\u00a0\u00a0\u00a0\u00a0\u00a0\u00a0<u><\/u><u><\/u><\/span><\/b><\/div>\n<div id=\"m_-1087041000107548117yui_3_16_0_ym19_1_1512164802796_158027\"><b id=\"m_-1087041000107548117yui_3_16_0_ym19_1_1512164802796_158028\"><span id=\"m_-1087041000107548117yui_3_16_0_ym19_1_1512164802796_158029\">AP\u00d3S AS TODAS AS PARTIDAS DO VASC\u00c3O EM MEU PERFIL DO FACEBOOK (QUEM QUISER RECEBER AS CR\u00d4NICAS DE PRIMEIRA M\u00c3O \u00c9 S\u00d3 ME ADICIONAR), E NO SITE WEBVASCO (<a href=\"http:\/\/www.webvasco.com\/\" target=\"_blank\" rel=\"noopener\" data-saferedirecturl=\"https:\/\/www.google.com\/url?hl=pt-BR&amp;q=http:\/\/www.webvasco.com&amp;source=gmail&amp;ust=1512433715126000&amp;usg=AFQjCNENmXtTNhNtNvg0duq8wnDKBd4DtA\">www.webvasco.com<\/a>), TEM A OPINI\u00c3O DO JORNALISTA LUIZ CARLOS ROCHA. LEIAM! COMPARTILHEM E CURTAM! VASCA\u00cdNOS UNIDOS JAMAIS SER\u00c3O VENCIDOS.<\/span><\/b><\/div>\n","protected":false},"excerpt":{"rendered":"<p>\u00a0 \u00a0 Libertadores 2018! Ap\u00f3s 38 rodadas, o time do Vasco da Gama mostrou porque&#8230;<\/p>\n","protected":false},"author":7,"featured_media":8392,"comment_status":"open","ping_status":"closed","sticky":false,"template":"","format":"standard","meta":{"footnotes":""},"categories":[4],"tags":[],"class_list":["post-8391","post","type-post","status-publish","format-standard","has-post-thumbnail","hentry","category-luizcarlosrocha"],"_links":{"self":[{"href":"https:\/\/webvasco.com\/artigos\/wp-json\/wp\/v2\/posts\/8391","targetHints":{"allow":["GET"]}}],"collection":[{"href":"https:\/\/webvasco.com\/artigos\/wp-json\/wp\/v2\/posts"}],"about":[{"href":"https:\/\/webvasco.com\/artigos\/wp-json\/wp\/v2\/types\/post"}],"author":[{"embeddable":true,"href":"https:\/\/webvasco.com\/artigos\/wp-json\/wp\/v2\/users\/7"}],"replies":[{"embeddable":true,"href":"https:\/\/webvasco.com\/artigos\/wp-json\/wp\/v2\/comments?post=8391"}],"version-history":[{"count":1,"href":"https:\/\/webvasco.com\/artigos\/wp-json\/wp\/v2\/posts\/8391\/revisions"}],"predecessor-version":[{"id":8393,"href":"https:\/\/webvasco.com\/artigos\/wp-json\/wp\/v2\/posts\/8391\/revisions\/8393"}],"wp:featuredmedia":[{"embeddable":true,"href":"https:\/\/webvasco.com\/artigos\/wp-json\/wp\/v2\/media\/8392"}],"wp:attachment":[{"href":"https:\/\/webvasco.com\/artigos\/wp-json\/wp\/v2\/media?parent=8391"}],"wp:term":[{"taxonomy":"category","embeddable":true,"href":"https:\/\/webvasco.com\/artigos\/wp-json\/wp\/v2\/categories?post=8391"},{"taxonomy":"post_tag","embeddable":true,"href":"https:\/\/webvasco.com\/artigos\/wp-json\/wp\/v2\/tags?post=8391"}],"curies":[{"name":"wp","href":"https:\/\/api.w.org\/{rel}","templated":true}]}}