{"id":8395,"date":"2017-12-30T19:00:33","date_gmt":"2017-12-30T22:00:33","guid":{"rendered":"http:\/\/webvasco.com\/artigos\/?p=8395"},"modified":"2018-01-27T09:12:11","modified_gmt":"2018-01-27T12:12:11","slug":"elas-o-professor-monique-silva","status":"publish","type":"post","link":"https:\/\/webvasco.com\/artigos\/temas\/elas-e-o-professor\/elas-o-professor-monique-silva\/","title":{"rendered":"ELAS &#038; O PROFESSOR &#8211; MONIQUE SILVA"},"content":{"rendered":"<p>A entrevista deste m\u00eas de dezembro de 2017, com Monique Silva \u00e9 dedicada \u00e0 princesa <strong>\u00darsulla Rocha<\/strong>, na qual me motiva a trabalhar cada vez melhor.<\/p>\n<p>&nbsp;<\/p>\n<p><strong>MONIQUE DA SILVA SANTOS<\/strong>, solteira, 32 anos, mam\u00e3e de um casal de pupilos, operadora de contact center, geminiana (segundo nossa entrevistada \u00e9 o melhor signo), nascida e criada em Duque de Caxias, na Baixada Fluminense\/RJ. Embora n\u00e3o se ligue muito no batuque, torce pela Grande Rio, por ser Escola de Samba de sua terra natal. Em conversa com a equipe de WebVasco, a gentil Monique revelou que vem de uma fam\u00edlia de Flamenguistas, sendo alguns deles de conv\u00edvio muito pr\u00f3ximo. Por\u00e9m, aos seis aninhos de idade, a \u201cTia\u201d Laeci n\u00e3o s\u00f3 ensinou o ABC, mas tamb\u00e9m ter um sentimento que n\u00e3o pode parar. A professora apresentou para essa baixinha de personalidade forte o seu primeiro amor: Vasco da Gama!<\/p>\n<p>&nbsp;<\/p>\n<p><strong>At\u00e9 que ponto voc\u00ea acredita que a Urna 7 ser\u00e1 definitivamente anulada, e o J\u00falio Brant declarado presidente do Vasco? <\/strong><\/p>\n<p>Acredito que j\u00e1 foi esclarecido qualquer d\u00favida sobre a fraude, n\u00e3o havendo como recorrer. Em janeiro J\u00falio presidente do Vasco.<\/p>\n<p>&nbsp;<\/p>\n<p><strong>Voc\u00ea esperava que o Cruzmaltino terminasse o Campeonato Brasileiro com uma vaga para disputar a Libertadores em 2018?<\/strong><\/p>\n<p>Pelos jogos anteriores eu n\u00e3o acreditaria que chegar\u00edamos l\u00e1.<\/p>\n<p>&nbsp;<\/p>\n<p><strong>Robinho \u00e9 cogitado para vestir a camisa vasca\u00edna na pr\u00f3xima temporada, o que voc\u00ea acha?<\/strong><\/p>\n<p>Se for verdade ser\u00e1 \u00f3timo para o Vasco um jogador deste n\u00edvel.<\/p>\n<p>&nbsp;<\/p>\n<p><strong>Qual atleta faria uma dupla perfeita com Lu\u00eds Fabiano (independente do financeiro)?<\/strong><\/p>\n<p>Vale sonhar um pouco? Douglas Costa, do Juventus.<\/p>\n<p>&nbsp;<\/p>\n<p><strong>O atual plantel precisa de refor\u00e7os ou \u00e9 suficiente para a peleja intercontinental? <\/strong><\/p>\n<p>Sim. Precisa de refor\u00e7os.<\/p>\n<p>&nbsp;<\/p>\n<p><strong>Nike ou Adidas, qual seria o material esportivo a altura do manto sagrado vasca\u00edno?<\/strong><\/p>\n<p>Por quest\u00e3o de gosto prefiro a Adidas, mas os dois fornecedores s\u00e3o de grande peso.<\/p>\n<p>&nbsp;<\/p>\n<p><strong>A est\u00e1tua do Rom\u00e1rio merece permanecer em S\u00e3o Janu\u00e1rio?<\/strong><\/p>\n<p>Rom\u00e1rio foi uma grande estrela no Vasco, acho justo uma homenagem.<\/p>\n<p>&nbsp;<\/p>\n<p><strong>Quem foi mais \u00eddolo: Sorato ou Valdir Bigode? <\/strong><\/p>\n<p>Sem d\u00favidas, Valdir Bigode.<\/p>\n<p>&nbsp;<\/p>\n<p><strong>A presen\u00e7a feminina \u00e9 notada nas arquibancadas do Caldeir\u00e3o?<\/strong><\/p>\n<p>Sim. N\u00f3s embelezamos o jogo! Mulher tamb\u00e9m gosta de futebol.<\/p>\n<p>&nbsp;<\/p>\n<p><strong>Qual balan\u00e7o voc\u00ea faz da gest\u00e3o Eurico Miranda?<\/strong><\/p>\n<p>Um presidente pouco participativo, cercado de esc\u00e2ndalos.<\/p>\n<p>&nbsp;<\/p>\n<p><strong>Como deveria ser o terceiro uniforme para a temporada 2018?<\/strong><\/p>\n<p>Trocando a fornecedora j\u00e1 est\u00e1 \u00f3timo. Os uniformes da Adidas sempre s\u00e3o lindos.<\/p>\n<p>&nbsp;<\/p>\n<p><strong>Defina o Vasco da Gama em uma s\u00f3 palavra:<\/strong><\/p>\n<p>Persist\u00eancia.<\/p>\n<p>&nbsp;<\/p>\n<p>&nbsp;<\/p>\n<p><strong><u>FOTOGRAFIAS: FORNECIDAS PELA PR\u00d3PRIA MONIQUE SANTOS.<\/u><\/strong><\/p>\n<p><a href=\"https:\/\/webvasco.com\/artigos\/wp-content\/uploads\/2017\/12\/1.jpg\"><img loading=\"lazy\" decoding=\"async\" class=\"alignright size-medium wp-image-8397\" src=\"https:\/\/webvasco.com\/artigos\/wp-content\/uploads\/2017\/12\/1-209x300.jpg\" alt=\"\" width=\"209\" height=\"300\" srcset=\"https:\/\/webvasco.com\/artigos\/wp-content\/uploads\/2017\/12\/1-209x300.jpg 209w, https:\/\/webvasco.com\/artigos\/wp-content\/uploads\/2017\/12\/1-104x150.jpg 104w, https:\/\/webvasco.com\/artigos\/wp-content\/uploads\/2017\/12\/1.jpg 688w\" sizes=\"auto, (max-width: 209px) 100vw, 209px\" \/><\/a> <a href=\"https:\/\/webvasco.com\/artigos\/wp-content\/uploads\/2017\/12\/2.jpg\"><img loading=\"lazy\" decoding=\"async\" class=\"alignright size-medium wp-image-8398\" src=\"https:\/\/webvasco.com\/artigos\/wp-content\/uploads\/2017\/12\/2-236x300.jpg\" alt=\"\" width=\"236\" height=\"300\" srcset=\"https:\/\/webvasco.com\/artigos\/wp-content\/uploads\/2017\/12\/2-236x300.jpg 236w, https:\/\/webvasco.com\/artigos\/wp-content\/uploads\/2017\/12\/2-118x150.jpg 118w, https:\/\/webvasco.com\/artigos\/wp-content\/uploads\/2017\/12\/2.jpg 750w\" sizes=\"auto, (max-width: 236px) 100vw, 236px\" \/><\/a> <a href=\"https:\/\/webvasco.com\/artigos\/wp-content\/uploads\/2017\/12\/3.jpg\"><img loading=\"lazy\" decoding=\"async\" class=\"alignright size-medium wp-image-8399\" src=\"https:\/\/webvasco.com\/artigos\/wp-content\/uploads\/2017\/12\/3-300x225.jpg\" alt=\"\" width=\"300\" height=\"225\" srcset=\"https:\/\/webvasco.com\/artigos\/wp-content\/uploads\/2017\/12\/3-300x225.jpg 300w, https:\/\/webvasco.com\/artigos\/wp-content\/uploads\/2017\/12\/3-150x113.jpg 150w, https:\/\/webvasco.com\/artigos\/wp-content\/uploads\/2017\/12\/3-768x576.jpg 768w, https:\/\/webvasco.com\/artigos\/wp-content\/uploads\/2017\/12\/3.jpg 1000w\" sizes=\"auto, (max-width: 300px) 100vw, 300px\" \/><\/a> <a href=\"https:\/\/webvasco.com\/artigos\/wp-content\/uploads\/2017\/12\/4.jpg\"><img loading=\"lazy\" decoding=\"async\" class=\"alignright size-medium wp-image-8400\" src=\"https:\/\/webvasco.com\/artigos\/wp-content\/uploads\/2017\/12\/4-300x254.jpg\" alt=\"\" width=\"300\" height=\"254\" srcset=\"https:\/\/webvasco.com\/artigos\/wp-content\/uploads\/2017\/12\/4-300x254.jpg 300w, https:\/\/webvasco.com\/artigos\/wp-content\/uploads\/2017\/12\/4-150x127.jpg 150w, https:\/\/webvasco.com\/artigos\/wp-content\/uploads\/2017\/12\/4-768x650.jpg 768w, https:\/\/webvasco.com\/artigos\/wp-content\/uploads\/2017\/12\/4.jpg 886w\" sizes=\"auto, (max-width: 300px) 100vw, 300px\" \/><\/a> <a href=\"https:\/\/webvasco.com\/artigos\/wp-content\/uploads\/2017\/12\/5.jpg\"><img loading=\"lazy\" decoding=\"async\" class=\"alignright size-medium wp-image-8401\" src=\"https:\/\/webvasco.com\/artigos\/wp-content\/uploads\/2017\/12\/5-225x300.jpg\" alt=\"\" width=\"225\" height=\"300\" srcset=\"https:\/\/webvasco.com\/artigos\/wp-content\/uploads\/2017\/12\/5-225x300.jpg 225w, https:\/\/webvasco.com\/artigos\/wp-content\/uploads\/2017\/12\/5-113x150.jpg 113w, https:\/\/webvasco.com\/artigos\/wp-content\/uploads\/2017\/12\/5.jpg 750w\" sizes=\"auto, (max-width: 225px) 100vw, 225px\" \/><\/a> <a href=\"https:\/\/webvasco.com\/artigos\/wp-content\/uploads\/2017\/12\/6.jpg\"><img loading=\"lazy\" decoding=\"async\" class=\"alignright size-medium wp-image-8402\" src=\"https:\/\/webvasco.com\/artigos\/wp-content\/uploads\/2017\/12\/6-225x300.jpg\" alt=\"\" width=\"225\" height=\"300\" srcset=\"https:\/\/webvasco.com\/artigos\/wp-content\/uploads\/2017\/12\/6-225x300.jpg 225w, https:\/\/webvasco.com\/artigos\/wp-content\/uploads\/2017\/12\/6-113x150.jpg 113w, https:\/\/webvasco.com\/artigos\/wp-content\/uploads\/2017\/12\/6.jpg 750w\" sizes=\"auto, (max-width: 225px) 100vw, 225px\" \/><\/a> <a href=\"https:\/\/webvasco.com\/artigos\/wp-content\/uploads\/2017\/12\/7.jpg\"><img loading=\"lazy\" decoding=\"async\" class=\"alignright size-medium wp-image-8403\" src=\"https:\/\/webvasco.com\/artigos\/wp-content\/uploads\/2017\/12\/7-225x300.jpg\" alt=\"\" width=\"225\" height=\"300\" srcset=\"https:\/\/webvasco.com\/artigos\/wp-content\/uploads\/2017\/12\/7-225x300.jpg 225w, https:\/\/webvasco.com\/artigos\/wp-content\/uploads\/2017\/12\/7-113x150.jpg 113w, https:\/\/webvasco.com\/artigos\/wp-content\/uploads\/2017\/12\/7.jpg 750w\" sizes=\"auto, (max-width: 225px) 100vw, 225px\" \/><\/a><\/p>\n","protected":false},"excerpt":{"rendered":"<p>A entrevista deste m\u00eas de dezembro de 2017, com Monique Silva \u00e9 dedicada \u00e0 princesa&#8230;<\/p>\n","protected":false},"author":7,"featured_media":8406,"comment_status":"open","ping_status":"closed","sticky":false,"template":"","format":"standard","meta":{"footnotes":""},"categories":[27],"tags":[],"class_list":["post-8395","post","type-post","status-publish","format-standard","has-post-thumbnail","hentry","category-elas-e-o-professor"],"_links":{"self":[{"href":"https:\/\/webvasco.com\/artigos\/wp-json\/wp\/v2\/posts\/8395","targetHints":{"allow":["GET"]}}],"collection":[{"href":"https:\/\/webvasco.com\/artigos\/wp-json\/wp\/v2\/posts"}],"about":[{"href":"https:\/\/webvasco.com\/artigos\/wp-json\/wp\/v2\/types\/post"}],"author":[{"embeddable":true,"href":"https:\/\/webvasco.com\/artigos\/wp-json\/wp\/v2\/users\/7"}],"replies":[{"embeddable":true,"href":"https:\/\/webvasco.com\/artigos\/wp-json\/wp\/v2\/comments?post=8395"}],"version-history":[{"count":3,"href":"https:\/\/webvasco.com\/artigos\/wp-json\/wp\/v2\/posts\/8395\/revisions"}],"predecessor-version":[{"id":8405,"href":"https:\/\/webvasco.com\/artigos\/wp-json\/wp\/v2\/posts\/8395\/revisions\/8405"}],"wp:featuredmedia":[{"embeddable":true,"href":"https:\/\/webvasco.com\/artigos\/wp-json\/wp\/v2\/media\/8406"}],"wp:attachment":[{"href":"https:\/\/webvasco.com\/artigos\/wp-json\/wp\/v2\/media?parent=8395"}],"wp:term":[{"taxonomy":"category","embeddable":true,"href":"https:\/\/webvasco.com\/artigos\/wp-json\/wp\/v2\/categories?post=8395"},{"taxonomy":"post_tag","embeddable":true,"href":"https:\/\/webvasco.com\/artigos\/wp-json\/wp\/v2\/tags?post=8395"}],"curies":[{"name":"wp","href":"https:\/\/api.w.org\/{rel}","templated":true}]}}