{"id":8408,"date":"2018-01-20T15:37:32","date_gmt":"2018-01-20T18:37:32","guid":{"rendered":"http:\/\/webvasco.com\/artigos\/?p=8408"},"modified":"2018-01-27T09:12:01","modified_gmt":"2018-01-27T12:12:01","slug":"plantou-bosta-colheu-fezes","status":"publish","type":"post","link":"https:\/\/webvasco.com\/artigos\/colunistas\/luizcarlosrocha\/plantou-bosta-colheu-fezes\/","title":{"rendered":"PLANTOU BOSTA, COLHEU FEZES!"},"content":{"rendered":"<p class=\"m_-3857423175547137992ydp226b779cMsoNormal\">Come\u00e7ou o Campeonato Carioca, e o Vasco da Gama j\u00e1 deu seu primeiro vexame! Ao perder ontem, em casa, para o Bangu, por 2 a 0, gols de Rodney e Anderson Lessa \u00a0&#8211; com Nen\u00ea expulso ainda &#8211; mostrou que a era Eurico Miranda dever\u00e1 durar ainda muito tempo! Com o resultado, a equipe ocupa a pen\u00faltima coloca\u00e7\u00e3o na tabela de classifica\u00e7\u00e3o, do Grupo B, do Campeonato Carioca.<\/p>\n<p class=\"m_-3857423175547137992ydp226b779cMsoNormal\">\u00a0\u00a0\u00a0 O Cruzmaltino n\u00e3o fez qualquer planejamento para a estreia do Estadual. Assim como tamb\u00e9m n\u00e3o faz para o Brasileir\u00e3o, tampouco para a Libertadores, porque vive momentos conturbad\u00edssimos na pol\u00edtica interna do clube. Isto \u00e9 ruim, porque a oportunidade de conquistar t\u00edtulos vai passando, assim como os \u201cfigur\u00f5es\u201d nefastos um dia descansar\u00e3o \u201cem paz\u201d (ser\u00e1?), e o Gigante da Colina, bem como sua hist\u00f3ria ficar\u00e3o. Portanto, \u00e9 necess\u00e1rio pensar sempre em prol do Vasco!<\/p>\n<p class=\"m_-3857423175547137992ydp226b779cMsoNormal\">\u00a0\u00a0\u00a0 Tudo passa! A quest\u00e3o \u00e9 saber passar. Infelizmente hoje h\u00e1 membros no clube sem qualquer respeito \u00e0 hist\u00f3ria linda que o Vasco construiu ao longo dos anos. Mais do que isso. N\u00e3o existe qualquer compromisso no que tange ao crescimento como um todo. Os interesses particulares est\u00e3o entrando no lugar do objetivo comum e \/ ou coletivo. Lament\u00e1vel!<\/p>\n<p class=\"m_-3857423175547137992ydp226b779cMsoNormal\">\u00a0\u00a0\u00a0 Sabemos o n\u00edvel da \u00e1rvore, de acordo com os frutos que ela d\u00e1. De um bom tempo para c\u00e1 a imagem vasca\u00edna \u00e9 maculada sem d\u00f3 nem piedade por advers\u00e1rios, e principalmente pela cr\u00edtica especializada. Isto, porque, as \u00faltimas gest\u00f5es t\u00eam errado muito mais do que acertado. Arrisco em afirmar que certos erros s\u00e3o at\u00e9 dolosos.<\/p>\n<p class=\"m_-3857423175547137992ydp226b779cMsoNormal\">\u00a0\u00a0\u00a0 Para concluir: O time de Dom Charuto precisa melhorar e muito se quiser participar dignamente da competi\u00e7\u00e3o intercontinental. Caso contr\u00e1rio ser\u00e1 uma grande chacota! Domingo, o Vasco enfrentar\u00e1, em S\u00e3o Janu\u00e1rio, o Nova Igua\u00e7u, tamb\u00e9m de port\u00f5es fechados, \u00e0s 17h.<\/p>\n<p class=\"m_-3857423175547137992ydp226b779cMsoNormal\">\n<p class=\"m_-3857423175547137992ydp226b779cMsoNormal\">\n<p class=\"m_-3857423175547137992ydp226b779cMsoNormal\">\n<p class=\"m_-3857423175547137992ydp226b779cMsoNormal\">\n<p class=\"m_-3857423175547137992ydp226b779cMsoNormal\">\n<p class=\"m_-3857423175547137992ydp226b779cMsoNormal\"><b><u>VERGONHA (MAIS DE 4 ANOS!):<\/u><\/b><\/p>\n<p class=\"m_-3857423175547137992ydp226b779cMsoNormal\">DEPOIS DE AGUARDAR\u00a0<b>\u00a054 MESES, OU SEJA, 4 ANOS E 7 MESES!\u00a0 (CARRO DESDE 10 DE JUNHO DE 2013)<\/b>\u00a0COM O CARRO PRESO NA OFICINA DA ABOLI\u00c7\u00c3O VE\u00cdCULOS COM APENAS 729 KM RODADOS, EM UM PROCESSO COM 8 VOLUMES, NA 1\u00aa VARA CIVEL, DA COMARCA DE NITER\u00d3I\/RJ, REGIONAL OCE\u00c2NICA, A SENTEN\u00c7A FOI INDEFERIR TODOS OS MEUS PEDIDOS E AINDA CONDENAR EM 10% DE CUSTAS JUDICIAIS. OU SEJA, FIQUEI SEM CARRO ESSE TEMPO TODO (MESMO PAGANDO \u00c0 VISTA POR ELE), JUNTEI PROVAS COMO REGISTRO DE OCORR\u00caNCIA DA POL\u00cdCIA CIVIL\/RJ, BOLETIM DE OCORR\u00caNCIA DA POLICIA MILITAR\/RJ, ORDENS DE SERVI\u00c7O, MAIS DE 600 FOTOGRAFIAS, MAIS DE 40 \u00c1UDIOS, NOTAS FISCAIS, NOTAS DE T\u00c1XI, PRONTU\u00c1RIOS M\u00c9DICOS, POIS NESTE PER\u00cdODO TIVE PROBLEMAS DE SA\u00daDE, BEM COMO MEUS FAMILIARES, TENDO UMA FILHA QUE HOJE TEM APENAS 5 ANOS, NA \u00c9POCA POUCO MAIS DE 1 ANINHO. VALE LEMBRAR, QUE OS PRIMEIROS DEFEITOS SE DERAM QUANDO O CARRO TINHA MENOS DE 30 KM RODADOS. TUDO ISSO PARA NADA. QUEM GOSTOU DO RESULTADO DA DOUTA MAGRISTRADA FORAM AS EMPRESAS R\u00c9S \u2013 QUE ME LESARAM \u2013 ABOLI\u00c7\u00c3O VE\u00cdCULOS E VW DO BRASIL\u00a0<b>(PROCESSO: No 0016370-44.2013.8.19.0212).<\/b><\/p>\n<p class=\"m_-3857423175547137992ydp226b779cMsoNormal\"><b>\u00a0<\/b><\/p>\n<p class=\"m_-3857423175547137992ydp226b779cMsoNormal\"><b>\u00a0\u00a0 \u00a0\u00a0\u00a0\u00a0\u00a0\u00a0\u00a0\u00a0\u00a0\u00a0\u00a0\u00a0<\/b><\/p>\n<p class=\"m_-3857423175547137992ydp226b779cMsoNormal\"><b>\u00a0\u00a0\u00a0\u00a0\u00a0\u00a0\u00a0\u00a0\u00a0\u00a0\u00a0\u00a0\u00a0\u00a0\u00a0\u00a0\u00a0\u00a0\u00a0\u00a0\u00a0\u00a0\u00a0\u00a0\u00a0\u00a0\u00a0\u00a0\u00a0\u00a0<\/b><\/p>\n<p class=\"m_-3857423175547137992ydp226b779cMsoNormal\"><b>AP\u00d3S AS TODAS AS PARTIDAS DO VASC\u00c3O EM MEU PERFIL DO FACEBOOK (QUEM QUISER RECEBER AS CR\u00d4NICAS DE PRIMEIRA M\u00c3O \u00c9 S\u00d3 ME ADICIONAR), E NO SITE WEBVASCO (<a href=\"http:\/\/www.webvasco.com\/\" target=\"_blank\" rel=\"noopener\" data-saferedirecturl=\"https:\/\/www.google.com\/url?hl=pt-BR&amp;q=http:\/\/www.webvasco.com&amp;source=gmail&amp;ust=1516559794203000&amp;usg=AFQjCNHPdwxRcRKt3oSBdcAHz_RBDZUBSQ\">www.webvasco.com<\/a>), TEM A OPINI\u00c3O DO JORNALISTA LUIZ CARLOS ROCHA. LEIAM! COMPARTILHEM E CURTAM! VASCA\u00cdNOS UNIDOS JAMAIS SER\u00c3O VENCIDOS.<\/b><\/p>\n","protected":false},"excerpt":{"rendered":"<p>Come\u00e7ou o Campeonato Carioca, e o Vasco da Gama j\u00e1 deu seu primeiro vexame! Ao&#8230;<\/p>\n","protected":false},"author":7,"featured_media":0,"comment_status":"open","ping_status":"closed","sticky":false,"template":"","format":"standard","meta":{"footnotes":""},"categories":[4],"tags":[],"class_list":["post-8408","post","type-post","status-publish","format-standard","hentry","category-luizcarlosrocha"],"_links":{"self":[{"href":"https:\/\/webvasco.com\/artigos\/wp-json\/wp\/v2\/posts\/8408","targetHints":{"allow":["GET"]}}],"collection":[{"href":"https:\/\/webvasco.com\/artigos\/wp-json\/wp\/v2\/posts"}],"about":[{"href":"https:\/\/webvasco.com\/artigos\/wp-json\/wp\/v2\/types\/post"}],"author":[{"embeddable":true,"href":"https:\/\/webvasco.com\/artigos\/wp-json\/wp\/v2\/users\/7"}],"replies":[{"embeddable":true,"href":"https:\/\/webvasco.com\/artigos\/wp-json\/wp\/v2\/comments?post=8408"}],"version-history":[{"count":1,"href":"https:\/\/webvasco.com\/artigos\/wp-json\/wp\/v2\/posts\/8408\/revisions"}],"predecessor-version":[{"id":8409,"href":"https:\/\/webvasco.com\/artigos\/wp-json\/wp\/v2\/posts\/8408\/revisions\/8409"}],"wp:attachment":[{"href":"https:\/\/webvasco.com\/artigos\/wp-json\/wp\/v2\/media?parent=8408"}],"wp:term":[{"taxonomy":"category","embeddable":true,"href":"https:\/\/webvasco.com\/artigos\/wp-json\/wp\/v2\/categories?post=8408"},{"taxonomy":"post_tag","embeddable":true,"href":"https:\/\/webvasco.com\/artigos\/wp-json\/wp\/v2\/tags?post=8408"}],"curies":[{"name":"wp","href":"https:\/\/api.w.org\/{rel}","templated":true}]}}