{"id":841,"date":"2014-05-16T16:52:28","date_gmt":"2014-05-16T19:52:28","guid":{"rendered":"http:\/\/webvasco.com\/artigos\/?p=841"},"modified":"2014-05-16T16:59:12","modified_gmt":"2014-05-16T19:59:12","slug":"governo-pode-intervir-para-nivelar-cotas-de-tv-dos-clubes-brasileiros-e-impedir-espanholizao","status":"publish","type":"post","link":"https:\/\/webvasco.com\/artigos\/colunistas\/marcus-simonini\/governo-pode-intervir-para-nivelar-cotas-de-tv-dos-clubes-brasileiros-e-impedir-espanholizao\/","title":{"rendered":"Governo pode intervir para nivelar cotas de TV dos clubes brasileiros e impedir &#8216;espanholiza&ccedil;&atilde;o&#8217;"},"content":{"rendered":"<div>\n<div dir='ltr'>\n<div class=\"irc_mutc\" style=\"display: none;\"><a class=\"irc_mutl\" href=\"http:\/\/www.google.com.br\/url?sa=i&amp;rct=j&amp;q=&amp;esrc=s&amp;source=images&amp;cd=&amp;cad=rja&amp;uact=8&amp;docid=eLITlXYf9nTqTM&amp;tbnid=rQ3BRcaPTLXncM:&amp;ved=0CAUQjRw&amp;url=http%3A%2F%2Fwww.otricolor.com%2F%3Fpg%3Dnoticia%26id%3D4460&amp;ei=r2t2U68K8IryAZ_3geAD&amp;bvm=bv.66917471,d.b2k&amp;psig=AFQjCNE6VIS_rXt1YnU9MLqC8_j0aw_1xw&amp;ust=1400356136416779\" data-ved=\"0CAUQjRw\"><img loading=\"lazy\" decoding=\"async\" width=\"550\" height=\"315\" class=\"irc_mut\" style=\"margin-top: 123px;\" src=\"https:\/\/encrypted-tbn1.gstatic.com\/images?q=tbn:ANd9GcSqkZR_4IcPculaSmnIeRk7B9zkXflULE-FDbCWvVgr1Ld1Gu9P\"\/><\/a><\/div>\n<p><a title='Projeto de \"espanholiza\u00e7\u00e3o\" do futebol brasileiro ter\u00e1 novo impulso a partir de 2016&#10;' href=\"http:\/\/www.otricolor.com\/thumbs.php?w=400&amp;imagem=images\/noticias\/4460\/a54.jpg\" rel=\"lightbox\"><img decoding=\"async\" align=\"\" src=\"http:\/\/www.otricolor.com\/thumbs.php?w=550&amp;h=&amp;imagem=images\/noticias\/4460\/a54.jpg\" border=\"0\"\/><\/a><br \/>&nbsp;<br \/>&nbsp;<br \/><wxrtac>A partir de 1\u00ba de janeiro de 2016, os \u2018ricos&#8217; Flamengo e Corinthians ficar\u00e3o ainda mais ricos. Se hoje os contratos de transmiss\u00e3o dos dois no Brasileiro valem R$ 120 milh\u00f5es, eles saltar\u00e3o para R$ 170 milh\u00f5es a partir dessa data. Um aumento previsto em acordo assinado com a <a style=\"color: rgb(0, 102, 0); text-decoration: underline; border-bottom-color: currentColor; border-bottom-width: 1px; border-bottom-style: dotted;\" href=\"http:\/\/www.netvasco.com.br\/n\/147080\/governo-pode-intervir-para-nivelar-cotas-de-tv-dos-clubes-brasileiros-e-impedir-espanholizacao#\" rel=\"nofollow\">TV<\/a> Globo e que causa preocupa\u00e7\u00e3o at\u00e9 mesmo em Bras\u00edlia. O Governo n\u00e3o descarta intervir na situa\u00e7\u00e3o para evitar uma \u2018espanholiza\u00e7\u00e3o&#8217; do futebol brasileiro. <\/wxrtac><\/p>\n<p>O fen\u00f4meno costuma ser citado para mostrar como o distanciamento financeiro entre Real Madrid e Barcelona e os demais afetou o equil\u00edbrio t\u00e9cnico da Liga Espanhola. <\/p>\n<p>N\u00e3o existe um consenso, mas, entre os dirigentes, o receio \u00e9 de que o cen\u00e1rio se repita no pa\u00eds. Ao mesmo tempo em que se mostram temerosos, eles confessam que n\u00e3o ser\u00e1 poss\u00edvel mudar o panorama em virtude dos contratos firmados pelos principais times com a Globo e adiantamentos realizados com a emissora. <\/p>\n<p>Ainda assim, uma alternativa para tentar alterar isso tem sido o Governo. <\/p>\n<p><wxrtac>No \u00faltimo m\u00eas, o presidente do N\u00e1utico, Glauber Vasconcellos, chegou a ligar para o secret\u00e1rio de <a style=\"color: rgb(0, 102, 0); text-decoration: underline; border-bottom-color: currentColor; border-bottom-width: 1px; border-bottom-style: dotted;\" href=\"http:\/\/www.netvasco.com.br\/n\/147080\/governo-pode-intervir-para-nivelar-cotas-de-tv-dos-clubes-brasileiros-e-impedir-espanholizacao#\" rel=\"nofollow\">futebol<\/a> do Minist\u00e9rio de Esportes, Toninho Nascimento, para expor a queda de receita de TV que o clube teve com o rebaixamento para a S\u00e9rie B: de R$ 20 milh\u00f5es para R$ 3 milh\u00f5es. Ao lado de outros colegas, ele tentou ainda uma reuni\u00e3o com Marco Polo Del Nero na CBF. O encontro ter\u00e1 de aguardar o fim da Copa, no entanto. <\/wxrtac><\/p>\n<p><wxrtac>A \u2018espanholiza\u00e7\u00e3o&#8217;, reclamam, <a style=\"color: rgb(0, 102, 0); text-decoration: underline; border-bottom-color: currentColor; border-bottom-width: 1px; border-bottom-style: dotted;\" href=\"http:\/\/www.netvasco.com.br\/n\/147080\/governo-pode-intervir-para-nivelar-cotas-de-tv-dos-clubes-brasileiros-e-impedir-espanholizacao#\" rel=\"nofollow\">caminha<\/a> a passos largos. <\/wxrtac><\/p>\n<p><wxrtac>&#8220;O Governo est\u00e1 muito preocupado com essa situa\u00e7\u00e3o. Se continuar a se agravar, ser\u00e1 uma absurdo, isso acaba com o fair play, o jogo limpo que se fala. Existe uma preocupa\u00e7\u00e3o grande do Governo, pelo menos do Minist\u00e9rio do <a style=\"color: rgb(0, 102, 0); text-decoration: underline; border-bottom-color: currentColor; border-bottom-width: 1px; border-bottom-style: dotted;\" href=\"http:\/\/www.netvasco.com.br\/n\/147080\/governo-pode-intervir-para-nivelar-cotas-de-tv-dos-clubes-brasileiros-e-impedir-espanholizacao#\" rel=\"nofollow\">Esporte<\/a>, sobre essa quest\u00e3o. Se prosseguir esse cen\u00e1rio, \u00e9 poss\u00edvel que isso passe a ser um assunto estudado dentro do Governo porque n\u00e3o pode Flamengo e Corinthians ganharem R$ 250 milh\u00f5es&#8221;, afirmou Toninho Nascimento. <\/wxrtac><\/p>\n<p>As novas cotas de R$ 170 milh\u00f5es da dupla n\u00e3o incluem o pay-per-view, modalidade em que eles tamb\u00e9m s\u00e3o os que mais faturam. <\/p>\n<p>&#8220;Resumidamente, n\u00e3o pode ter uma competi\u00e7\u00e3o em que um clube ganhe R$ 28 milh\u00f5es e outro R$ 180 milh\u00f5es. Fica invi\u00e1vel esse campeonato. Os ingleses fazem muito bem com uma divis\u00e3o de 50%, 25% e outros 25%. Ent\u00e3o, h\u00e1 uma preocupa\u00e7\u00e3o dentro do Minist\u00e9rio do Esporte para ficar de olho nessa situa\u00e7\u00e3o&#8221;, completou. <\/p>\n<p>O presidente do Flamengo, Eduardo Bandeira de Mello, nega qualquer interesse em ver os advers\u00e1rios com times fracos. <\/p>\n<p>A divulga\u00e7\u00e3o recente dos balan\u00e7os financeiros dos clubes mostrou que o Cruzeiro \u00e9 uma exce\u00e7\u00e3o no meio. Segundo os n\u00fameros apresentados pela diretoria celeste, a equipe foi a \u00fanica a conseguir superar as receitas de cotas de direitos de transmiss\u00e3o com a arrecada\u00e7\u00e3o de bilheteria, s\u00f3cio-torcedor e premia\u00e7\u00f5es. Enquanto a TV pagou cerca de R$ 60 milh\u00f5es, o time conseguiu aproximadamente R$ 63 milh\u00f5es com os outros itens. <\/p>\n<p>Fonte: ESPN.com.br <br \/>&nbsp;<br \/>LINK:&nbsp;<a href=\"http:\/\/www.netvasco.com.br\/n\/147080\/governo-pode-intervir-para-nivelar-cotas-de-tv-dos-clubes-brasileiros-e-impedir-espanholizacao\"><\/a><a href=\"http:\/\/www.netvasco.com.br\/n\/147080\/governo-pode-intervir-para-nivelar-cotas-de-tv-dos-clubes-brasileiros-e-impedir-espanholizacao\" >http:\/\/www.netvasco.com.br\/n\/147080\/governo-pode-intervir-para-nivelar-cotas-de-tv-dos-clubes-brasileiros-e-impedir-espanholizacao<\/a> \t\t \t   \t\t  <\/div>\n<\/div>\n<p><\/p>\n","protected":false},"excerpt":{"rendered":"<p>&nbsp;&nbsp;A partir de 1\u00ba de janeiro de 2016, os \u2018ricos&#8217; Flamengo e Corinthians ficar\u00e3o ainda&#8230;<\/p>\n","protected":false},"author":8,"featured_media":842,"comment_status":"open","ping_status":"closed","sticky":false,"template":"","format":"standard","meta":{"footnotes":""},"categories":[6],"tags":[],"class_list":["post-841","post","type-post","status-publish","format-standard","has-post-thumbnail","hentry","category-marcus-simonini"],"_links":{"self":[{"href":"https:\/\/webvasco.com\/artigos\/wp-json\/wp\/v2\/posts\/841","targetHints":{"allow":["GET"]}}],"collection":[{"href":"https:\/\/webvasco.com\/artigos\/wp-json\/wp\/v2\/posts"}],"about":[{"href":"https:\/\/webvasco.com\/artigos\/wp-json\/wp\/v2\/types\/post"}],"author":[{"embeddable":true,"href":"https:\/\/webvasco.com\/artigos\/wp-json\/wp\/v2\/users\/8"}],"replies":[{"embeddable":true,"href":"https:\/\/webvasco.com\/artigos\/wp-json\/wp\/v2\/comments?post=841"}],"version-history":[{"count":0,"href":"https:\/\/webvasco.com\/artigos\/wp-json\/wp\/v2\/posts\/841\/revisions"}],"wp:featuredmedia":[{"embeddable":true,"href":"https:\/\/webvasco.com\/artigos\/wp-json\/wp\/v2\/media\/842"}],"wp:attachment":[{"href":"https:\/\/webvasco.com\/artigos\/wp-json\/wp\/v2\/media?parent=841"}],"wp:term":[{"taxonomy":"category","embeddable":true,"href":"https:\/\/webvasco.com\/artigos\/wp-json\/wp\/v2\/categories?post=841"},{"taxonomy":"post_tag","embeddable":true,"href":"https:\/\/webvasco.com\/artigos\/wp-json\/wp\/v2\/tags?post=841"}],"curies":[{"name":"wp","href":"https:\/\/api.w.org\/{rel}","templated":true}]}}