{"id":8410,"date":"2018-01-24T06:54:23","date_gmt":"2018-01-24T09:54:23","guid":{"rendered":"http:\/\/webvasco.com\/artigos\/?p=8410"},"modified":"2018-01-27T09:11:41","modified_gmt":"2018-01-27T12:11:41","slug":"muito-mais-do-que-obrigacao","status":"publish","type":"post","link":"https:\/\/webvasco.com\/artigos\/colunistas\/luizcarlosrocha\/muito-mais-do-que-obrigacao\/","title":{"rendered":"MUITO MAIS DO QUE OBRIGA\u00c7\u00c3O!"},"content":{"rendered":"<p class=\"m_-4056262446283417018ydpa10c4804MsoNormal\" style=\"text-align: left;\" align=\"center\">\u00a0 \u00a0 Vencer o Nova Igua\u00e7u, em casa \u00e9 muito mais do que obriga\u00e7\u00e3o! Com as portas fechadas nem se fala. Mesmo assim chegou ficar em igualdade no marcador. Depois da estreia diante do Bangu (derrota por 2 a 0), parecia caminhar para outro fracasso, mas a hist\u00f3ria acabou com um final feliz. Vasco da Gama 4 a 2.<\/p>\n<p class=\"m_-4056262446283417018ydpa10c4804MsoNormal\" style=\"text-align: left;\">\u00a0\u00a0\u00a0 Evander abriu o placar para a equipe da Colina, aos 16 minutos da etapa vestibular. Ainda dentro dos 45 minutos iniciais, Andr\u00e9s Rios aumentou, 2 a 0. Mas o Cruzmaltino sentiu o cansa\u00e7o e cedeu espa\u00e7o para o time da Baixada Fluminense. No tempo complementar, Murilo Henrique e Bruno Smith deixaram tudo igual e plantaram naquele momento um frio na barriga dos profissionais que trabalhavam e assistiam ao jogo em S\u00e3o Janu\u00e1rio.<\/p>\n<p class=\"m_-4056262446283417018ydpa10c4804MsoNormal\" style=\"text-align: left;\">\u00a0\u00a0\u00a0 Mas o ditado popular diz: \u201cO Vasco \u00e9 o time da virada, \u00e9 o time do amor!\u201d. O treinador Z\u00e9 Ricardo percebeu que havia chance de modificar o panorama da situa\u00e7\u00e3o e lan\u00e7ou em campo: Andrey, Caio Monteiro e Paulo Vitor. Na mosca! \u00a0Yago Pikachu desempatou aos 38 do segundo tempo, 3 a 2 Vasc\u00e3o. E Andrey, aos 45, definiu o placar, 4 a 2.<\/p>\n<p class=\"m_-4056262446283417018ydpa10c4804MsoNormal\" style=\"text-align: left;\">\u00a0\u00a0\u00a0 Com o resultado, o Gigante da Colina ocupa a terceira coloca\u00e7\u00e3o no Grupo B, com tr\u00eas pontos ganhos (em seis disputados), na tabela de classifica\u00e7\u00e3o, do Campeonato Carioca, vers\u00e3o 2018. O Pr\u00f3ximo jogo ser\u00e1 amanh\u00e3, \u00e0s 17h, contra a Cabofriense, no Est\u00e1dio Eucys\u00e3o, em Saquarema, Regi\u00e3o dos Lagos.<\/p>\n<p class=\"m_-4056262446283417018ydpa10c4804MsoNormal\">\n<p class=\"m_-4056262446283417018ydpa10c4804MsoNormal\"><b><u>VERGONHA (MAIS DE 4 ANOS!):<\/u><\/b><\/p>\n<p class=\"m_-4056262446283417018ydpa10c4804MsoNormal\">DEPOIS DE AGUARDAR\u00a0<b>\u00a054 MESES, OU SEJA, 4 ANOS E 7 MESES!\u00a0 (CARRO DESDE 10 DE JUNHO DE 2013)<\/b>\u00a0COM O CARRO PRESO NA OFICINA DA ABOLI\u00c7\u00c3O VE\u00cdCULOS COM APENAS 729 KM RODADOS, EM UM PROCESSO COM 8 VOLUMES, NA 1\u00aa VARA CIVEL, DA COMARCA DE NITER\u00d3I\/RJ, REGIONAL OCE\u00c2NICA, A SENTEN\u00c7A FOI INDEFERIR TODOS OS MEUS PEDIDOS E AINDA CONDENAR EM 10% DE CUSTAS JUDICIAIS. OU SEJA, FIQUEI SEM CARRO ESSE TEMPO TODO (MESMO PAGANDO \u00c0 VISTA POR ELE), JUNTEI PROVAS COMO REGISTRO DE OCORR\u00caNCIA DA POL\u00cdCIA CIVIL\/RJ, BOLETIM DE OCORR\u00caNCIA DA POLICIA MILITAR\/RJ, ORDENS DE SERVI\u00c7O, MAIS DE 600 FOTOGRAFIAS, MAIS DE 40 \u00c1UDIOS, NOTAS FISCAIS, NOTAS DE T\u00c1XI, PRONTU\u00c1RIOS M\u00c9DICOS, POIS NESTE PER\u00cdODO TIVE PROBLEMAS DE SA\u00daDE, BEM COMO MEUS FAMILIARES, TENDO UMA FILHA QUE HOJE TEM APENAS 5 ANOS, NA \u00c9POCA POUCO MAIS DE 1 ANINHO. VALE LEMBRAR, QUE OS PRIMEIROS DEFEITOS SE DERAM QUANDO O CARRO TINHA MENOS DE 30 KM RODADOS. TUDO ISSO PARA NADA. QUEM GOSTOU DO RESULTADO DA DOUTA MAGRISTRADA FORAM AS EMPRESAS R\u00c9S \u2013 QUE ME LESARAM \u2013 ABOLI\u00c7\u00c3O VE\u00cdCULOS E VW DO BRASIL\u00a0<b>(PROCESSO: No 0016370-44.2013.8.19.0212).<\/b><\/p>\n<p class=\"m_-4056262446283417018ydpa10c4804MsoNormal\"><b>\u00a0<\/b><\/p>\n<p class=\"m_-4056262446283417018ydpa10c4804MsoNormal\"><b>\u00a0\u00a0 \u00a0\u00a0\u00a0\u00a0\u00a0\u00a0\u00a0\u00a0\u00a0\u00a0\u00a0\u00a0<\/b><\/p>\n<p class=\"m_-4056262446283417018ydpa10c4804MsoNormal\"><b>\u00a0\u00a0\u00a0\u00a0\u00a0\u00a0\u00a0\u00a0\u00a0\u00a0\u00a0\u00a0\u00a0\u00a0\u00a0\u00a0\u00a0\u00a0\u00a0\u00a0\u00a0\u00a0\u00a0\u00a0\u00a0\u00a0\u00a0\u00a0\u00a0\u00a0<\/b><\/p>\n<p class=\"m_-4056262446283417018ydpa10c4804MsoNormal\"><b>AP\u00d3S AS TODAS AS PARTIDAS DO VASC\u00c3O EM MEU PERFIL DO FACEBOOK (QUEM QUISER RECEBER AS CR\u00d4NICAS DE PRIMEIRA M\u00c3O \u00c9 S\u00d3 ME ADICIONAR), E NO SITE WEBVASCO (<a href=\"http:\/\/www.webvasco.com\/\" target=\"_blank\" rel=\"noopener\" data-saferedirecturl=\"https:\/\/www.google.com\/url?hl=pt-BR&amp;q=http:\/\/www.webvasco.com&amp;source=gmail&amp;ust=1516873996788000&amp;usg=AFQjCNH2ohswX_yDkA9FduZckKurMKsFUQ\">www.webvasco.com<\/a>), TEM A OPINI\u00c3O DO JORNALISTA LUIZ CARLOS ROCHA. LEIAM! COMPARTILHEM E CURTAM! VASCA\u00cdNOS UNIDOS JAMAIS SER\u00c3O VENCIDOS.<\/b><\/p>\n","protected":false},"excerpt":{"rendered":"<p>\u00a0 \u00a0 Vencer o Nova Igua\u00e7u, em casa \u00e9 muito mais do que obriga\u00e7\u00e3o! Com&#8230;<\/p>\n","protected":false},"author":7,"featured_media":0,"comment_status":"open","ping_status":"closed","sticky":false,"template":"","format":"standard","meta":{"footnotes":""},"categories":[4],"tags":[],"class_list":["post-8410","post","type-post","status-publish","format-standard","hentry","category-luizcarlosrocha"],"_links":{"self":[{"href":"https:\/\/webvasco.com\/artigos\/wp-json\/wp\/v2\/posts\/8410","targetHints":{"allow":["GET"]}}],"collection":[{"href":"https:\/\/webvasco.com\/artigos\/wp-json\/wp\/v2\/posts"}],"about":[{"href":"https:\/\/webvasco.com\/artigos\/wp-json\/wp\/v2\/types\/post"}],"author":[{"embeddable":true,"href":"https:\/\/webvasco.com\/artigos\/wp-json\/wp\/v2\/users\/7"}],"replies":[{"embeddable":true,"href":"https:\/\/webvasco.com\/artigos\/wp-json\/wp\/v2\/comments?post=8410"}],"version-history":[{"count":1,"href":"https:\/\/webvasco.com\/artigos\/wp-json\/wp\/v2\/posts\/8410\/revisions"}],"predecessor-version":[{"id":8411,"href":"https:\/\/webvasco.com\/artigos\/wp-json\/wp\/v2\/posts\/8410\/revisions\/8411"}],"wp:attachment":[{"href":"https:\/\/webvasco.com\/artigos\/wp-json\/wp\/v2\/media?parent=8410"}],"wp:term":[{"taxonomy":"category","embeddable":true,"href":"https:\/\/webvasco.com\/artigos\/wp-json\/wp\/v2\/categories?post=8410"},{"taxonomy":"post_tag","embeddable":true,"href":"https:\/\/webvasco.com\/artigos\/wp-json\/wp\/v2\/tags?post=8410"}],"curies":[{"name":"wp","href":"https:\/\/api.w.org\/{rel}","templated":true}]}}