{"id":8414,"date":"2018-01-25T17:04:35","date_gmt":"2018-01-25T20:04:35","guid":{"rendered":"http:\/\/webvasco.com\/artigos\/?p=8414"},"modified":"2018-01-26T14:20:05","modified_gmt":"2018-01-26T17:20:05","slug":"eleicoes-reforma-do-estatuto-vascaino-e-diretas-ja","status":"publish","type":"post","link":"https:\/\/webvasco.com\/artigos\/colunistas\/marcelopaiva\/eleicoes-reforma-do-estatuto-vascaino-e-diretas-ja\/","title":{"rendered":"ELEI\u00c7\u00d5ES, REFORMA DO ESTATUTO VASCA\u00cdNO E &#8220;DIRETAS J\u00c1&#8221;!"},"content":{"rendered":"<div>\n<div>\n<div>\u00a0\u00a0\u00a0\u00a0 Caros Amigos Vasca\u00ednos:<\/div>\n<p>&nbsp;<\/p>\n<div>\u00a0\u00a0\u00a0\u00a0 Venho, atrav\u00e9s desta coluna, manifestar a minha opini\u00e3o a respeito da Elei\u00e7\u00e3o Vasca\u00edna, a qual teve o seu &#8220;cap\u00edtulo final&#8221;, na \u00faltima Sexta feira (19\/01\/18), assim como tentarei &#8220;ousar&#8221; em sugerir alternativas e solu\u00e7\u00f5es futuras.<\/div>\n<p>&nbsp;<\/p>\n<div>\u00a0 \u00a0 \u00a0Passada quase uma semana, tempo suficiente para observarmos bons coment\u00e1rios espalhados, em v\u00e1rios espa\u00e7os de m\u00eddia, assim como tamb\u00e9m muita &#8216;bobagem&#8217;, agora podemos emitir uma opini\u00e3o mais consistente, para uma<b> REFLEX\u00c3O APURADA,<\/b> daquilo que se passa no nosso clube amado.<\/div>\n<p>&nbsp;<\/p>\n<div><b>\u00a0 \u00a0 \u00a0<\/b>Obviamente que ningu\u00e9m \u00e9 &#8220;Dono da Verdade&#8221; e, por vivermos em um estado democr\u00e1tico, toda opini\u00e3o \u00e9 v\u00e1lida de modo a ser avaliada como ponto e contra ponto. Da\u00ed \u00e9 que se produz a Forma\u00e7\u00e3o de Opini\u00e3o, a qual proporciona o <b>ESCLARECIMENTO, que gera CONCEITO <\/b>em toda e qualquer Sociedade.<\/div>\n<p>&nbsp;<\/p>\n<figure id=\"attachment_8419\" aria-describedby=\"caption-attachment-8419\" style=\"width: 300px\" class=\"wp-caption alignnone\"><a href=\"https:\/\/webvasco.com\/artigos\/wp-content\/uploads\/2018\/01\/eleicoes.png\"><img loading=\"lazy\" decoding=\"async\" class=\"wp-image-8419 size-medium\" src=\"https:\/\/webvasco.com\/artigos\/wp-content\/uploads\/2018\/01\/eleicoes-300x146.png\" alt=\"\" width=\"300\" height=\"146\" srcset=\"https:\/\/webvasco.com\/artigos\/wp-content\/uploads\/2018\/01\/eleicoes-300x146.png 300w, https:\/\/webvasco.com\/artigos\/wp-content\/uploads\/2018\/01\/eleicoes-150x73.png 150w, https:\/\/webvasco.com\/artigos\/wp-content\/uploads\/2018\/01\/eleicoes.png 615w\" sizes=\"auto, (max-width: 300px) 100vw, 300px\" \/><\/a><figcaption id=\"caption-attachment-8419\" class=\"wp-caption-text\">Elei\u00e7\u00f5es no CRVG. Fonte da Imagem: UOL<\/figcaption><\/figure>\n<p>&nbsp;<\/p>\n<div><b>\u00a0\u00a0\u00a0 <\/b>N\u00e3o adianta agora, um grupo se dizer que foi &#8220;tra\u00eddo&#8221; e outro dizer que foi &#8220;tra\u00eddo antes&#8221; (isso tudo proporcionado por um <b>ESTATUTO DEFASADO, onde a sua \u00faltima atualiza\u00e7\u00e3o se deu no ano de 1979),<\/b> que no final de tudo quem &#8220;paga a conta&#8221;, como sempre, \u00e9 o CRVG.<\/div>\n<p>&nbsp;<\/p>\n<div>\u00a0 \u00a0 \u00a0Isso \u00e9 fato!<\/div>\n<p>&nbsp;<\/p>\n<div>\u00a0\u00a0\u00a0\u00a0 Concordamos todos em uma coisa: <b>Havia a necessidade de um ROMPIMENTO desse MODELO impregnado no CRVG, h\u00e1 17 anos, tamb\u00e9m \u00e9 fato!<\/b><\/div>\n<p>&nbsp;<\/p>\n<div>\u00a0\u00a0\u00a0\u00a0 E o que houve, ent\u00e3o?<\/div>\n<p>&nbsp;<\/p>\n<div>\u00a0\u00a0\u00a0\u00a0 As &#8220;velhas pr\u00e1ticas&#8221;, como sempre!<\/div>\n<p>&nbsp;<\/p>\n<div><b>Vamos lembrar um pouco da cronologia desta elei\u00e7\u00e3o:<\/b><\/div>\n<p>&nbsp;<\/p>\n<div><b>Houve uma COALIZ\u00c3O GERAL de todas as oposi\u00e7\u00f5es,<\/b> \u00e0s 16h30 durante o dia da elei\u00e7\u00e3o, em sua primeira etapa (07\/11\/17), quando o \u00faltimo candidato de oposi\u00e7\u00e3o, Sr Fernando Horta, declinou a sua candidatura em favor da coliga\u00e7\u00e3o dos Srs J\u00falio Brant e Alexandre Campello.<\/div>\n<p>&nbsp;<\/p>\n<div><b>Todos aqui sabemos, que as &#8220;dif\u00edceis elei\u00e7\u00f5es Vasca\u00ednas&#8221; s\u00e3o em duas etapas,<\/b> onde a \u00faltima se d\u00e1 no Conselho Deliberativo do Clube. Por sua vez, esta elei\u00e7\u00e3o dos S\u00f3cios votantes \u00e9 RATIFICADA, ou RETIFICADA, no referido conselho.<\/div>\n<p>&nbsp;<\/p>\n<div><b>Ou seja: Elei\u00e7\u00e3o Indireta, onde tudo pode, como p\u00f4de, acontecer!<\/b><\/div>\n<p>&nbsp;<\/p>\n<div>\u00a0\u00a0\u00a0\u00a0 Ocorrida tal segunda e \u00faltima etapa (19\/01\/18), pela primeira vez na hist\u00f3ria do Vasco da Gama (embora esteja prevista no Estatuto Vasca\u00edno, tal situa\u00e7\u00e3o), <b>a Chapa vencedora, a qual se dividiu, TEVE O SEU CANDIDATO PRINCIPAL N\u00c3O SENDO ELEITO NESTE CONSELHO,<\/b> contrariando a decis\u00e3o da maioria dos s\u00f3cios nas urnas.<\/div>\n<p>&nbsp;<\/p>\n<div>\u00a0\u00a0\u00a0\u00a0 Isso, ao ponto de vista do &#8220;bom senso&#8221;<b>, n\u00e3o entrando em m\u00e9rito pol\u00edtico,<\/b> em minha opini\u00e3o, <b>n\u00e3o ficou bem visto no &#8220;mundo do futebol&#8221;, principalmente aos olhos dos S\u00f3cios e dos Milh\u00f5es de Torcedores Vasca\u00ednos, <\/b>o desfecho desta elei\u00e7\u00e3o, a qual ficar\u00e1 marcada para sempre na Hist\u00f3ria Vasca\u00edna, mediante a tudo o que foi exposto maci\u00e7amente pela m\u00eddia e por muitos Vasca\u00ednos, de um modo geral. <b><br \/>\n<\/b><\/div>\n<p>&nbsp;<\/p>\n<div><b>\u00a0\u00a0\u00a0\u00a0 Portanto, essa DIVIS\u00c3O deveria ser MELHOR EXPLICADA aos Vasca\u00ednos, por ambas as partes envolvidas!<br \/>\n<\/b><\/div>\n<p>&nbsp;<\/p>\n<div>\u00a0\u00a0\u00a0\u00a0 Resultado pr\u00e1tico disto \u00e9 que muitos Vasca\u00ednos agora, alegando tal situa\u00e7\u00e3o, est\u00e3o deixando de se associarem, muitos est\u00e3o pensando em se desassociarem e o pior: <b>muitos est\u00e3o pregando que houve &#8220;TRAI\u00c7\u00c3O&#8221;, por parte de quem ganharam e assumiram o Clube! <\/b>Basta observarmos as Redes Sociais e os v\u00e1rios canais de m\u00eddia, os quais embasam isso.<\/div>\n<p>&nbsp;<\/p>\n<div>\u00a0\u00a0\u00a0\u00a0 Aproveito este conceituado espa\u00e7o para reafirmar, como dito anteriormente, que\u00a0 quem perde nessas situa\u00e7\u00f5es, \u00e9 sempre o CRVG, com posturas e posi\u00e7\u00f5es, por parte daqueles que postulam e que conduzem o clube.<\/div>\n<p>&nbsp;<\/p>\n<div><b> Quero deixar bem claro aqui, que esta cr\u00edtica N\u00c3O \u00c9 APOLOGIA PARTID\u00c1RIA A UM CANDIDATO, ou outro, ou a alguma CORRENTE POL\u00cdTICA!<br \/>\n<\/b><\/div>\n<p>&nbsp;<\/p>\n<div><b>\u00a0\u00a0\u00a0\u00a0 Reitero: Que fique bem claro!<\/b><\/div>\n<p>&nbsp;<\/p>\n<div>\u00a0\u00a0\u00a0\u00a0\u00a0 Pois, <b>como Membro Fundador do Movimento Volunt\u00e1rio, pela Revitaliza\u00e7\u00e3o do Entorno do Est\u00e1dio de S\u00e3o Janu\u00e1rio,<\/b> cujo prop\u00f3sito \u00e9 o pr\u00e9-requisito <b>para a posterior Amplia\u00e7\u00e3o\/Moderniza\u00e7\u00e3o do mesmo<\/b> (entendam o porqu\u00ea de at\u00e9 agora NADA DE EFETIVO TER SIDO FEITO PARA ISSO, em uma coluna minha anterior, <b>clicando aqui:<\/b><a title=\"Clique para abrir uma nova janela ou separador https:\/\/webvasco.com\/artigos\/colunistas\/marcelopaiva\/argumentos-sobre-a-revitalizao-do-entorno-de-sj-ou-a-reivindicamos-imediatamente-ou-a-perderemos-p...\" href=\"https:\/\/webvasco.com\/artigos\/colunistas\/marcelopaiva\/argumentos-sobre-a-revitalizao-do-entorno-de-sj-ou-a-reivindicamos-imediatamente-ou-a-perderemos-para-sempre\/\">https:\/\/webvasco.com\/artigos\/colunistas\/marcelopaiva\/argumentos-sobre-a-revitalizao-do-entorno-de-sj-ou-a-reivindicamos-imediatamente-ou-a-perderemos-para-sempre\/<\/a>\u00a0 ), <b>n\u00e3o \u00e9 interessante cada membro deste prop\u00f3sito, se posicionar publicamente e politicamente, favor\u00e1vel a A, B ou C. A nossa posi\u00e7\u00e3o \u00e9 o CRVG acima de qualquer Pol\u00edtica Partid\u00e1ria! <\/b><\/div>\n<p>&nbsp;<\/p>\n<div>\n<figure id=\"attachment_8423\" aria-describedby=\"caption-attachment-8423\" style=\"width: 300px\" class=\"wp-caption alignnone\"><a href=\"https:\/\/webvasco.com\/artigos\/wp-content\/uploads\/2018\/01\/lusoarenas.png\"><img loading=\"lazy\" decoding=\"async\" class=\"wp-image-8423 size-medium\" src=\"https:\/\/webvasco.com\/artigos\/wp-content\/uploads\/2018\/01\/lusoarenas-300x183.png\" alt=\"\" width=\"300\" height=\"183\" srcset=\"https:\/\/webvasco.com\/artigos\/wp-content\/uploads\/2018\/01\/lusoarenas-300x183.png 300w, https:\/\/webvasco.com\/artigos\/wp-content\/uploads\/2018\/01\/lusoarenas-150x91.png 150w, https:\/\/webvasco.com\/artigos\/wp-content\/uploads\/2018\/01\/lusoarenas.png 575w\" sizes=\"auto, (max-width: 300px) 100vw, 300px\" \/><\/a><figcaption id=\"caption-attachment-8423\" class=\"wp-caption-text\">Projeto da Luso Arenas para S\u00e3o Janu\u00e1rio em 1998 \u2013 40.000 espectadores. Este projeto ainda est\u00e1 em aberto! Fonte da imagem: skyscrapercity.com<\/figcaption><\/figure>\n<\/div>\n<p><\/p>\n<div>\u00a0\u00a0\u00a0\u00a0 Sendo assim,<b> com ISEN\u00c7\u00c3O POL\u00cdTICA<\/b> e como<b> FORMADOR DE OPINI\u00c3O que sou, venho SOLICITAR aos milh\u00f5es de Vasca\u00ednos, que a partir de agora em diante, N\u00c3O TOMEM POSICIONAMENTOS RADICAIS, A BASE DE ATOS PASSIONAIS, <\/b>pois repito mais uma vez: O prejudicado, como sempre, ser\u00e1 o Clube de Regatas Vasco da Gama!<\/div>\n<p><\/p>\n<div><b>Muitos Vasca\u00ednos est\u00e3o propagando, na M\u00eddia e Redes Sociais, v\u00e1rios &#8220;tiros nos p\u00e9s&#8221;, como por exemplo:<\/b> &#8220;Boicote Total ao Clube&#8221;, &#8220;Nada de Associa\u00e7\u00f5es ao Clube&#8221;, &#8220;Boicote da Torcida do Vasco, nos jogos do clube&#8221;, Afirmativas como: &#8220;Houve um conchavo daqueles que se elegeram, com aqueles que sa\u00edram&#8221;, &#8220;Boicote aos Traidores&#8221;, <b>entre outras &#8220;atitudes passionais&#8221;, que n\u00e3o ir\u00e3o resultar em nada, a n\u00e3o ser gerar mais diverg\u00eancias, de modo a se inviabilizar o nosso clube amado!<\/b><\/div>\n<p><\/p>\n<div><b>Pois \u00e9 nesse momento, que temos que ter SABEDORIA!<\/b><\/div>\n<p><\/p>\n<div>\u00a0\u00a0\u00a0\u00a0 Todas as &#8220;possibilidades passionais&#8221; acima, entre outras, s\u00f3 servir\u00e3o para piorar o que j\u00e1 est\u00e1 piorado!<\/div>\n<p><\/p>\n<div>\u00a0\u00a0\u00a0\u00a0 Que agora sim, os<b> Verdadeiros Vasca\u00ednos <\/b>usem da <b>SABEDORIA e que se ASSOCIEM EM MASSA, <\/b>principalmente<b> cobrando desta Nova Diretoria, <\/b>uma postura em<b> se ATUALIZAR E REFORMAR o nosso &#8220;ARCAICO ESTATUTO&#8221;, <\/b>adequando-o ao S\u00e9culo XXI, sem o &#8220;entregar&#8221; a outras &#8220;finalidades&#8221;, a n\u00e3o ser o Vasco da Gama estar acima de tudo!<\/div>\n<p><\/p>\n<div>\u00a0\u00a0\u00a0\u00a0 Que os<b> S\u00f3cios Vasca\u00ednos, <\/b>os<b> Milh\u00f5es de Torcedores Vasca\u00ednos <\/b>e as<b> Torcidas Organizadas, SE MOBILIZEM (sem se deixarem cair no esquecimento) <\/b>de modo a<b> COBRAREM (at\u00e9 mesmo pelo DIREITO DE SEREM OUVIDOS) do Presidente do CRVG, <\/b>Sr Alexandre Campello<b> e do Presidente do Conselho Deliberativo do CRVG, <\/b>Sr Roberto Monteiro<b> <\/b>(ambos sendo os Poderes M\u00e1ximos do clube)<b> PROVID\u00caNCIAS no sentido de se Reformar e Atualizar tal Estatuto Defasado, com o enfoque de &#8220;ELEI\u00c7\u00d5ES DIRETAS J\u00c1&#8221; no CRVG, nesse vosso mandato.<\/b><\/div>\n<p><\/p>\n<div><b> Para as pr\u00f3ximas elei\u00e7\u00f5es, se poss\u00edvel,<\/b> que sejam com <b>URNAS ELETR\u00d4NICAS,<\/b> com rigorosa fiscaliza\u00e7\u00e3o, pois se houver uma demanda imensa de novos associados em massa, isto \u00e9, com o <b>S\u00d3CIO SABEDOR que o estatuto SER\u00c1, ou j\u00e1 estar\u00e1 REFORMADO,<\/b> a pr\u00f3xima <b>elei\u00e7\u00e3o<\/b> ser\u00e1 mais <b>JUSTA E ISENTA DE &#8220;CONJECTURAS&#8221;!<\/b><\/div>\n<p><\/p>\n<div>\n<figure id=\"attachment_8420\" aria-describedby=\"caption-attachment-8420\" style=\"width: 300px\" class=\"wp-caption alignnone\"><a href=\"https:\/\/webvasco.com\/artigos\/wp-content\/uploads\/2018\/01\/alexandre.png\"><img loading=\"lazy\" decoding=\"async\" class=\"wp-image-8420 size-medium\" src=\"https:\/\/webvasco.com\/artigos\/wp-content\/uploads\/2018\/01\/alexandre-300x146.png\" alt=\"\" width=\"300\" height=\"146\" srcset=\"https:\/\/webvasco.com\/artigos\/wp-content\/uploads\/2018\/01\/alexandre-300x146.png 300w, https:\/\/webvasco.com\/artigos\/wp-content\/uploads\/2018\/01\/alexandre-150x73.png 150w, https:\/\/webvasco.com\/artigos\/wp-content\/uploads\/2018\/01\/alexandre.png 615w\" sizes=\"auto, (max-width: 300px) 100vw, 300px\" \/><\/a><figcaption id=\"caption-attachment-8420\" class=\"wp-caption-text\">Sr Alexandre Campello, novo Presidente do CRVG Fonte da imagem: UOL<\/figcaption><\/figure>\n<\/div>\n<p><\/p>\n<div><span style=\"color: #000000;\"><span style=\"color: #000000;\">\u00a0 \u00a0 \u00a0<\/span><\/span><\/p>\n<figure id=\"attachment_8422\" aria-describedby=\"caption-attachment-8422\" style=\"width: 214px\" class=\"wp-caption alignnone\"><a href=\"https:\/\/webvasco.com\/artigos\/wp-content\/uploads\/2018\/01\/monteiro.png\"><img loading=\"lazy\" decoding=\"async\" class=\"wp-image-8422 size-medium\" src=\"https:\/\/webvasco.com\/artigos\/wp-content\/uploads\/2018\/01\/monteiro-214x300.png\" alt=\"\" width=\"214\" height=\"300\" srcset=\"https:\/\/webvasco.com\/artigos\/wp-content\/uploads\/2018\/01\/monteiro-214x300.png 214w, https:\/\/webvasco.com\/artigos\/wp-content\/uploads\/2018\/01\/monteiro-107x150.png 107w, https:\/\/webvasco.com\/artigos\/wp-content\/uploads\/2018\/01\/monteiro.png 300w\" sizes=\"auto, (max-width: 214px) 100vw, 214px\" \/><\/a><figcaption id=\"caption-attachment-8422\" class=\"wp-caption-text\">Sr Roberto Monteiro, Novo Presidente do Conselho Deliberativo do CRVG Fonte da imagem: UOL<\/figcaption><\/figure>\n<\/div>\n<p><\/p>\n<div><span style=\"color: #000000;\">\u00a0\u00a0\u00a0\u00a0 <b>V\u00e1rias formas dos s\u00f3cios e torcedores do Vasco da Gama <\/b><\/span><b>procederem tal prop\u00f3sito, da REFORMA ESTATUT\u00c1RIA do CRVG, podem ser sugeridas, como por exemplo:<\/b><\/div>\n<p><\/p>\n<div><span style=\"color: #000000;\">\u00a0\u00a0\u00a0\u00a0 <b>1) ABAIXO ASSINADOS<\/b> (sejam convencionais ou eletr\u00f4nicos), de prefer\u00eancia com 5.000\/10.000 assinaturas (n\u00famero bastante significativo), <b>SENDO PROTOCOLADOS NA SECRETARIA DO CLUBE E DADO CI\u00caNCIA A IMPRENSA, <\/b>aguardando &#8220;feedback&#8221; do CRVG.<\/span><b><br \/>\n<\/b><\/div>\n<p><\/p>\n<div><b><span style=\"color: #000000;\">\u00a0\u00a0\u00a0\u00a0 <\/span><\/b><span style=\"color: #000000;\"><b>2)<\/b> Cada Torcida Organizada <b>LEVAR FAIXAS<\/b> aos jogos do Clube,seja em SJ, Maracan\u00e3<\/span><b> <\/b>ou em outro Est\u00e1dio<b>, de maneira INCANS\u00c1VEL, com a frase: &#8220;REFORMA ESTATUT\u00c1RIA E DIRETAS J\u00c1 NO CRVG&#8221;!<br \/>\n<\/b><\/div>\n<p><\/p>\n<div><b><span style=\"color: #000000;\">\u00a0\u00a0\u00a0\u00a0 <\/span><\/b><span style=\"color: #000000;\"><b>3) Forma\u00e7\u00e3o de &#8220;Comiss\u00f5es&#8221;<\/b> de S\u00f3cios e Torcedores Vasca\u00ednos, <b>SOLICITANDO AUDI\u00caNCIAS com os poderes do CRVG, de modo a SUGERIREM AS DEVIDAS REFORMAS NO ESTATUTO VASCA\u00cdNO, <\/b>com o devido &#8220;feedback&#8221; do clube.<\/span><b><br \/>\n<\/b><\/div>\n<p><\/p>\n<div><b><span style=\"color: #000000;\">\u00a0\u00a0\u00a0\u00a0 <\/span><\/b><span style=\"color: #000000;\"><b>4)<\/b> Uma <b>MAIORIA<\/b> de S\u00f3cios e Torcedores <b>PARTICIPAREM<\/b><\/span><b> MACI\u00c7AMENTE nas diversas M\u00eddias (R\u00e1dio, TV, Jornais) e Redes Sociais, SOLICITANDO AO CLUBE TAIS REFORMAS.<\/b><\/div>\n<p><\/p>\n<div><b>\u00a0\u00a0\u00a0\u00a0 5) <\/b>Entre outras &#8230;.<b><br \/>\n<\/b><\/div>\n<p><\/p>\n<div><b>\u00a0\u00a0\u00a0\u00a0 Resumindo: PRESS\u00c3O TOTAL, no bom sentido, ANTES QUE ISSO CAIA NO ESQUECIMENTO!<br \/>\n<\/b><\/div>\n<p><\/p>\n<div><b>\u00a0\u00a0\u00a0\u00a0 <\/b><span style=\"color: #000000;\">Isso<\/span><b><span style=\"color: #000000;\"> TEM QUE SER CONSTANTE, <\/span><\/b><span style=\"color: #000000;\">pois do contr\u00e1rio<\/span><b><span style=\"color: #000000;\"> N\u00c3O SAIREMOS DA IN\u00c9RCIA!<\/span><br \/>\n<\/b><\/div>\n<p><\/p>\n<div><b><span style=\"color: #000000;\">\u00a0\u00a0\u00a0\u00a0 <\/span><\/b><span style=\"color: #000000;\">Lembrando que:<\/span><b><span style=\"color: #000000;\"> Em parte, a PASSIVIDADE do nosso Torcedor e dos nossos S\u00f3cios, AMBOS EM MAIORIA, <\/span><\/b><span style=\"color: #000000;\">associada a<\/span><b><span style=\"color: #000000;\"> INOPER\u00c2NCIA<\/span>daqueles, <\/b>em maioria, <b>que <\/b><b>dirigiram o Clube,<\/b> ao longo dos \u00faltimos 17 anos,<b> PROMOVERAM A PERDA DO TAMANHO INSTITUCIONAL do Vasco da Gama atualmente!<br \/>\n<\/b><\/div>\n<p><\/p>\n<div><b><span style=\"color: #000000;\">\u00a0\u00a0\u00a0\u00a0 <\/span><\/b><span style=\"color: #000000;\">Desculpem a alguns a FRANQUEZA, pois ela \u00e9 verdadeira a tal ponto de todo esse &#8220;CELEUMA ELEITORAL DESGASTANTE&#8221;, ser ocasionado por essa e por outras<b> passividades e inoper\u00e2ncias, ao longo dos \u00faltimos 17 anos de um modo generalista.<\/b><\/span><b><br \/>\n<\/b><\/div>\n<p><\/p>\n<div><b><span style=\"color: #000000;\">\u00a0\u00a0\u00a0\u00a0 <\/span><\/b><span style=\"color: #000000;\">Que aproveitemos esse prop\u00f3sito, da Reforma Estatut\u00e1ria,<\/span><b><span style=\"color: #000000;\"> uma vez que tais DIRIGENTES ACIMA<\/span>, <\/b>dos Poderes M\u00e1ximos do CRVG,<b> J\u00c1 SE MANIFESTARAM PUBLICAMENTE COM TAL POSSIBILIDADE, <\/b>conforme tal <b>VERACIDADE representada nos Links abaixo:<\/b><\/div>\n<p><\/p>\n<div><b>\u00a0<\/b><\/div>\n<div><b><span style=\"color: #000000;\">\u00a0\u00a0\u00a0\u00a0 1) <\/span><\/b><span style=\"color: #000000;\"><b>Mat\u00e9ria sobre os Presidentes, do Conselho Deliberativo e do CRVG,<\/b> <b>demonstrando a Inten\u00e7\u00e3o de Reforma do Estatuto do clube,<\/b>visando <b>ELEI\u00c7\u00d5ES DIRETAS<\/b> no Vasco da Gama:<\/span><b><br \/>\n<\/b><\/div>\n<p><a title=\"Clique para abrir uma nova janela ou separador https:\/\/esporte.uol.com.br\/futebol\/ultimas-noticias\/2018\/01\/23\/campello-quer-reformar-estatuto-do-vasco-e-implementar-eleicao-direta.htm\" href=\"https:\/\/esporte.uol.com.br\/futebol\/ultimas-noticias\/2018\/01\/23\/campello-quer-reformar-estatuto-do-vasco-e-implementar-eleicao-direta.htm\">https:\/\/esporte.uol.com.br\/futebol\/ultimas-noticias\/2018\/01\/23\/campello-quer-reformar-estatuto-do-vasco-e-implementar-eleicao-direta.htm<\/a><\/p>\n<\/div>\n<p>\n<b>2)<\/b> <b>Outro Site, tratando do mesmo prop\u00f3sito:<\/b><\/p>\n<p><a title=\"Clique para abrir uma nova janela ou separador https:\/\/globoesporte.globo.com\/futebol\/times\/vasco\/noticia\/roberto-monteiro-planeja-eleicoes-diretas-e-mais-clareza-no-estatuto.ghtml\" href=\"https:\/\/globoesporte.globo.com\/futebol\/times\/vasco\/noticia\/roberto-monteiro-planeja-eleicoes-diretas-e-mais-clareza-no-estatuto.ghtml\">https:\/\/globoesporte.globo.com<wbr><\/wbr>\/futebol\/times\/vasco\/noticia\/r<wbr><\/wbr>oberto-monteiro-planeja-eleico<wbr><\/wbr>es-diretas-e-mais-clareza-no-e<wbr><\/wbr>statuto.ghtml<\/a><\/p>\n<\/div>\n<p>\n<b>3)<\/b> <b>Idem, mais dois sites:<\/b><\/p>\n<p><a title=\"Clique para abrir uma nova janela ou separador http:\/\/www.netvasco.com.br\/n\/205471\/roberto-monteiro-comenta-possibilidade-de-reforma-do-estatuto-para-permitir-eleicoes-diretas\" href=\"http:\/\/www.netvasco.com.br\/n\/205471\/roberto-monteiro-comenta-possibilidade-de-reforma-do-estatuto-para-permitir-eleicoes-diretas\">http:\/\/www.netvasco.com.br\/n\/2<wbr><\/wbr>05471\/roberto-monteiro-comenta<wbr><\/wbr>-possibilidade-de-reforma-do-e<wbr><\/wbr>statuto-para-permitir-eleicoes<wbr><\/wbr>-diretas<\/a><\/p>\n<p><a title=\"Clique para abrir uma nova janela ou separador http:\/\/www.supervasco.com\/noticias\/monteiro-afirma-que-ira-propor-mudancas-no-estatuto-do-vasco-244738.html\" href=\"http:\/\/www.supervasco.com\/noticias\/monteiro-afirma-que-ira-propor-mudancas-no-estatuto-do-vasco-244738.html\">http:\/\/www.supervasco.com\/noti<wbr><\/wbr>cias\/monteiro-afirma-que-ira-p<wbr><\/wbr>ropor-mudancas-no-estatuto-do-<wbr><\/wbr>vasco-244738.html<\/a><br \/>\n<\/p>\n<div>\u00a0\u00a0\u00a0\u00a0 <b>Torcedor Vasca\u00edno:<\/b> O Vasco da Gama s\u00f3 existe, atrav\u00e9s de a\u00e7\u00f5es magn\u00edficas dos Verdadeiros Vasca\u00ednos, sejam Dirigentes, S\u00f3cios, Torcedores e Simpatizantes deste <b>&#8220;ainda&#8221; GIGANTESCO CLUBE<\/b>, ao longo da nossa rica e gigantesca Hist\u00f3ria Centen\u00e1ria, Esportiva e Social.<\/div>\n<p><\/p>\n<div>\u00a0\u00a0\u00a0\u00a0 <b>Que TODOS fa\u00e7am a vossa parte, por menor que ela seja, naquilo que for poss\u00edvel a cada um!<\/b><\/div>\n<p><\/p>\n<div>\u00a0\u00a0\u00a0\u00a0 Sejam se <b>associando ao clube, consumindo os produtos do clube, comparecendo aos jogos do Vasco da Gama, exigindo o nosso Direito de <\/b><b>SERMOS OUVIDOS PELOS DIRIGENTES DO CRVG, <\/b>entre outras a\u00e7\u00f5es!<\/div>\n<p><\/p>\n<div>\u00a0\u00a0\u00a0\u00a0 Lembrem-se: <b>N\u00c3O \u00c9 A HORA DE SE &#8220;VIRAR AS COSTAS&#8221; AO NOSSO AMADO CLUBE!<br \/>\n<\/b><\/div>\n<p><\/p>\n<div><b>\u00a0\u00a0\u00a0\u00a0<\/b> Isso NUNCA<b>, para quem \u00e9 Vasca\u00edno de verdade!<br \/>\n<\/b><\/div>\n<p><\/p>\n<div>\u00a0\u00a0\u00a0\u00a0<b> E sim, de NOS FAZEREM SERMOS OUVIDOS!<\/b><\/div>\n<p><\/p>\n<div><b>\u00a0\u00a0\u00a0\u00a0 <\/b>Antes de tudo,<b> SOMOS TODOS VASCA\u00cdNOS e o Vasco da Gama precisa muito dos seus TORCEDORES e dos seus S\u00d3CIOS, <\/b>nessas horas dif\u00edceis!<b> O Futuro do CRVG est\u00e1 em jogo!<br \/>\n<\/b><\/div>\n<p><\/p>\n<div><b>\u00a0\u00a0\u00a0\u00a0 <\/b>A Verdadeira Mudan\u00e7a est\u00e1 em cada um que<b> AMA, e que fa\u00e7a algo relevante ao clube, <\/b>por mais que seja uma a\u00e7\u00e3o pequena!<b> Pois a soma de todas essas a\u00e7\u00f5es \u00e9 que ser\u00e1 RESGATADO o tamanho perdido do nosso Vasco da Gama.<br \/>\n<\/b><\/div>\n<p><\/p>\n<div>\u00a0\u00a0\u00a0\u00a0 Afinal, j\u00e1 est\u00e1 mais do que na hora do <b>CRVG entrar no S\u00e9culo XXI,<\/b> a come\u00e7ar <b>mudando a MENTALIDADE interna no clube, iniciando-se pela Reforma Estatut\u00e1ria, a qual permita um novo modelo de Administra\u00e7\u00e3o, de acordo com o TAMANHO E A GRANDEZA, dessa ainda gigantesca institui\u00e7\u00e3o!<\/b><\/div>\n<p><\/p>\n<div><b>\u00a0\u00a0\u00a0 <\/b>Para isso, temos que fazer o nosso papel:<b> Cobrarmos de modo Pac\u00edfico e Ordeiro, do Clube <\/b>(na figura dos seus Dirigentes)<b> a\u00e7\u00f5es que RESGATEM O SEU TAMANHO <\/b>e, como S\u00f3cios e Torcedores,<b> CORRESPONDERMOS com o Clube, <\/b>naquilo que for poss\u00edvel a cada um!<b><br \/>\n<\/b><\/div>\n<p><\/p>\n<div><b>\u00a0\u00a0\u00a0 Somos cerca de 18 milh\u00f5es de Torcedores espalhados pelo Brasil e pelo Mundo!<br \/>\n<\/b><\/div>\n<p><\/p>\n<div>\n<figure id=\"attachment_8415\" aria-describedby=\"caption-attachment-8415\" style=\"width: 200px\" class=\"wp-caption alignnone\"><a href=\"https:\/\/webvasco.com\/artigos\/wp-content\/uploads\/2018\/01\/WhatsApp-Image-2018-01-25-at-5.43.23-PM.jpeg\"><img loading=\"lazy\" decoding=\"async\" class=\"wp-image-8415 size-full\" src=\"https:\/\/webvasco.com\/artigos\/wp-content\/uploads\/2018\/01\/WhatsApp-Image-2018-01-25-at-5.43.23-PM.jpeg\" alt=\"\" width=\"200\" height=\"207\" srcset=\"https:\/\/webvasco.com\/artigos\/wp-content\/uploads\/2018\/01\/WhatsApp-Image-2018-01-25-at-5.43.23-PM.jpeg 200w, https:\/\/webvasco.com\/artigos\/wp-content\/uploads\/2018\/01\/WhatsApp-Image-2018-01-25-at-5.43.23-PM-145x150.jpeg 145w\" sizes=\"auto, (max-width: 200px) 100vw, 200px\" \/><\/a><figcaption id=\"caption-attachment-8415\" class=\"wp-caption-text\">&#8220;Neste sinal vencer\u00e1s&#8221;, S\u00edmbolo Templ\u00e1rio, cuja CRUZ DA ORDEM DE CRISTO estampa o escudo do nosso Clube Amado. Fonte da Imagem: Pinterest<\/figcaption><\/figure>\n<\/div>\n<p><\/p>\n<div>\u00a0\u00a0\u00a0\u00a0 Para terminar, em tudo na vida <b>h\u00e1 o ESPIRITUAL<\/b>, independente a qual denomina\u00e7\u00e3o religiosa, cada um aqui perten\u00e7a.<\/div>\n<p><\/p>\n<div>\n\u00a0\u00a0\u00a0\u00a0 Afinal, podemos n\u00e3o ser observados pelos homens &#8230;\n<\/div>\n<p><\/p>\n<div>\u00a0\u00a0\u00a0\u00a0<b> Mas, SOMOS TODOS OBSERVADOS PELA PROVID\u00caNCIA DIVINA, onde um dia a mesma nos Glorificar\u00e3o, ou nos Condenar\u00e3o!<\/b><\/div>\n<p><\/p>\n<div>\u00a0\u00a0\u00a0\u00a0 SV a todos!<\/div>\n","protected":false},"excerpt":{"rendered":"<p>\u00a0\u00a0\u00a0\u00a0 Caros Amigos Vasca\u00ednos: &nbsp; \u00a0\u00a0\u00a0\u00a0 Venho, atrav\u00e9s desta coluna, manifestar a minha opini\u00e3o a&#8230;<\/p>\n","protected":false},"author":3,"featured_media":8415,"comment_status":"open","ping_status":"closed","sticky":false,"template":"","format":"standard","meta":{"footnotes":""},"categories":[16],"tags":[],"class_list":["post-8414","post","type-post","status-publish","format-standard","has-post-thumbnail","hentry","category-marcelopaiva"],"_links":{"self":[{"href":"https:\/\/webvasco.com\/artigos\/wp-json\/wp\/v2\/posts\/8414","targetHints":{"allow":["GET"]}}],"collection":[{"href":"https:\/\/webvasco.com\/artigos\/wp-json\/wp\/v2\/posts"}],"about":[{"href":"https:\/\/webvasco.com\/artigos\/wp-json\/wp\/v2\/types\/post"}],"author":[{"embeddable":true,"href":"https:\/\/webvasco.com\/artigos\/wp-json\/wp\/v2\/users\/3"}],"replies":[{"embeddable":true,"href":"https:\/\/webvasco.com\/artigos\/wp-json\/wp\/v2\/comments?post=8414"}],"version-history":[{"count":10,"href":"https:\/\/webvasco.com\/artigos\/wp-json\/wp\/v2\/posts\/8414\/revisions"}],"predecessor-version":[{"id":8430,"href":"https:\/\/webvasco.com\/artigos\/wp-json\/wp\/v2\/posts\/8414\/revisions\/8430"}],"wp:featuredmedia":[{"embeddable":true,"href":"https:\/\/webvasco.com\/artigos\/wp-json\/wp\/v2\/media\/8415"}],"wp:attachment":[{"href":"https:\/\/webvasco.com\/artigos\/wp-json\/wp\/v2\/media?parent=8414"}],"wp:term":[{"taxonomy":"category","embeddable":true,"href":"https:\/\/webvasco.com\/artigos\/wp-json\/wp\/v2\/categories?post=8414"},{"taxonomy":"post_tag","embeddable":true,"href":"https:\/\/webvasco.com\/artigos\/wp-json\/wp\/v2\/tags?post=8414"}],"curies":[{"name":"wp","href":"https:\/\/api.w.org\/{rel}","templated":true}]}}