{"id":843,"date":"2014-05-19T15:14:34","date_gmt":"2014-05-19T18:14:34","guid":{"rendered":"http:\/\/webvasco.com\/artigos\/?p=843"},"modified":"2014-05-19T15:14:57","modified_gmt":"2014-05-19T18:14:57","slug":"pela-histria-que-no-se-apaga-quem-paga","status":"publish","type":"post","link":"https:\/\/webvasco.com\/artigos\/colunistas\/pela-histria-que-no-se-apaga-quem-paga\/","title":{"rendered":"Pela hist&oacute;ria que n&atilde;o se apaga&#8230;quem paga?"},"content":{"rendered":"<div dir=\"ltr\">\n<p style=\"margin:0px 0px 10px;padding:0px;border:0px;outline:0px;font-size:15px;vertical-align:baseline;color:rgb(51,51,51);line-height:21px\">No \u00faltimo dia quinze de maio, completaram-se exatos vinte anos da primeira e \u00fanica conquista do tricampeonato carioca por parte de nosso clube. \u00c9poca em que o Vasco como institui\u00e7\u00e3o era respeitado. \u00c9poca de conquistas, o Vasco n\u00e3o era somente um time de futebol profissional. Muito mais do que isso, o Vasco era um celeiro de novos craques, fabricante de grandes valores para o futebol brasileiro e mundial tamb\u00e9m.<\/p>\n<p><\/p>\n<p style=\"margin:0px 0px 10px;padding:0px;border:0px;outline:0px;font-size:15px;vertical-align:baseline;color:rgb(51,51,51);line-height:21px\">N\u00e3o foi \u00e0 toa que aquele time que tanto nos orgulhou era composto por, nada menos, do que SEIS jogadores criados nas divis\u00f5es de base do clube. Carlos Germano, Pimentel, C\u00e1ssio, Willian, Yan, Valdir e Jardel, sendo quatro deles (\u00e0 exce\u00e7\u00e3o de Carlos Germano e C\u00e1ssio) participantes diretos da \u00fanica conquista da Copa S\u00e3o Paulo de J\u00faniores, dois anos antes. Leandro \u00c1vila era outro jogador meio criado em S\u00e3o Janu\u00e1rio, pois j\u00e1 chegou direto para os j\u00faniores e, depois, al\u00e7ado na equipe profissional por Joel Santana, quando nomeado t\u00e9cnico do Vasco ao final do certame brasileiro, em que R\u00e9gis (goleiro que \u201centregou o ouro\u201d em praticamente todos os jogos daquele quadrangular final, em especial, em dois confrontos diretos perante o Flamengo) n\u00e3o nos deixou experimentar o prazer de decidir aquele t\u00edtulo depois de uma primeira fase de campeonato primorosa.<\/p>\n<p><\/p>\n<p style=\"margin:0px 0px 10px;padding:0px;border:0px;outline:0px;font-size:15px;vertical-align:baseline;color:rgb(51,51,51);line-height:21px\">E ainda t\u00ednhamos o prazer de ter naquele plantel, ainda, outros tantos criados nas divis\u00f5es de base do pr\u00f3prio clube. Alex, S\u00eddnei, Bruno Carvalho, Gian, Hernande e Pedro Renato eram jogadores que, corriqueiramente na aus\u00eancia de um ou outro titular, cumpriam \u00e0 miss\u00e3o de manter o n\u00edvel dos titulares. Em tempo: poderia haver um ou outro jogador considerado \u201crefugo\u201d, tal como um ponta-esquerda ex-Guarani que chegou ap\u00f3s a conquista e que saiu seis meses depois sem um \u00fanico gol marcado e sem sequer uma atua\u00e7\u00e3o que justificasse sua vinda. Contudo, n\u00e3o a abund\u00e2ncia de jogadores descaracterizados com o clube e muitos sem a devida qualidade, a ponto de terem capacidade suficiente para relegar \u00e0queles que deveriam ser tratados como joias a serem lapidadas, tal como outrora, em outros tempos.<\/p>\n<p><\/p>\n<p style=\"margin:0px 0px 10px;padding:0px;border:0px;outline:0px;font-size:15px;vertical-align:baseline;color:rgb(51,51,51);line-height:21px\">Para refletirmos: qual \u00e9 a diferen\u00e7a entre se ter no time jogadores criados no pr\u00f3prio Vasco em detrimento de muitos que apareceram, contratados por per\u00edodo longo no papel? Muita. A come\u00e7ar pelo pr\u00f3prio hist\u00f3rico de identifica\u00e7\u00e3o com o clube que investiu em seu desenvolvimento. Passando pela quest\u00e3o financeira, ao pagar menos para quem pode valer bem mais e dar retorno ao clube, fazendo a \u201cm\u00e1quina girar\u201d e retroalimentar esse retorno financeiro em outras melhorias, como a compra de um CT para a pr\u00f3pria base ou, at\u00e9 mesmo, a de um terreno para constru\u00e7\u00e3o do pr\u00f3prio.<\/p>\n<p><\/p>\n<p style=\"margin:0px 0px 10px;padding:0px;border:0px;outline:0px;font-size:15px;vertical-align:baseline;color:rgb(51,51,51);line-height:21px\">Ao inv\u00e9s disso, no entanto, o Vasco \u2013 especificamente, focando somente nos \u00faltimos seis anos para deixar a conta \u201cbem barata\u201d \u2013 preteriu a quem poderia, de fato, ajudar a salvar o clube. Allan Kardec, por exemplo, preterido por Roberto e companhia que preferiram Alo\u00edsio Chulapa, hoje \u00e9 tratado a pesou de ouro e faz parte da lista de suplentes a uma vaga entre os vinte e tr\u00eas relacionados \u00e0 Copa do Mundo. Phillipe Coutinho, outro negociado ainda adolescente pela ex-gest\u00e3o, tamb\u00e9m vale bem mais do que os dez milh\u00f5es de reais conseguidos, e poderia estar perfeitamente nessa rela\u00e7\u00e3o.<\/p>\n<p><\/p>\n<p style=\"margin:0px 0px 10px;padding:0px;border:0px;outline:0px;font-size:15px;vertical-align:baseline;color:rgb(51,51,51);line-height:21px\">N\u00e3o \u00e0 toa jogadores como Mosquito, \u00cdndio, Foguete, C\u00edcero (os quatro ainda sem sequer atuarem pelos profissionais) e, recentemente, Marlone deixaram o clube, provavelmente, seduzidos por oportunidades bem melhores. Danilo \u2013 volante de qualidade t\u00e9cnica bem melhor do que o sempre contestado Fellipe Bastos pelo que j\u00e1 presenciamos \u2013 j\u00e1 negociado por um valor muito inferior ao que o clube poderia arrecadar daqui a algum tempo, com mais rodagem.<\/p>\n<p><\/p>\n<p style=\"margin:0px 0px 10px;padding:0px;border:0px;outline:0px;font-size:15px;vertical-align:baseline;color:rgb(51,51,51);line-height:21px\">Ao lado dele, outros que vir\u00e3o a ser negociados em breve, tal como Luan, Henrique e Thalles. E TODOS n\u00e3o para investir em melhorias, mas para pagarem a conta deixada relativa a um verdadeiro ROMBO gerado pelos sal\u00e1rios dos jogadores ENCOSTADOS, autores inclusive de uma \u201cgreve branca\u201d h\u00e1 exato um ano e que contribu\u00edram para jogarem o Vasco, de novo em cinco anos, na segunda divis\u00e3o.<\/p>\n<p><\/p>\n<p style=\"margin:0px 0px 10px;padding:0px;border:0px;outline:0px;font-size:15px;vertical-align:baseline;color:rgb(51,51,51);line-height:21px\">Enquanto n\u00e3o houver a volta de uma filosofia de base s\u00e9ria, na qual a forma\u00e7\u00e3o de jovens e promissores valores seja tratada com prioridade, olharemos para p\u00f4steres tal como segue o do time do tricampeonato e ficaremos com a frustra\u00e7\u00e3o de um sentimento saudosista, e o pior de tudo: sem maiores esperan\u00e7as moment\u00e2neas de uma revers\u00e3o desse quadro completamente desfavor\u00e1vel.<\/p>\n<p><\/p>\n<p style=\"margin:0px 0px 10px;padding:0px;border:0px;outline:0px;font-size:15px;vertical-align:baseline;color:rgb(51,51,51);line-height:21px\"><img decoding=\"async\" alt=\"\" src=\"http:\/\/www.netvasco.com.br\/historia\/museu\/arquivos\/200908131653251994poster.jpg\" style=\"margin: 0px; padding: 0px; border: none; outline: 0px; vertical-align: baseline; width: 500px; height: 358px;\"\/><\/p>\n<p><\/p>\n<p style=\"margin:0px 0px 10px;padding:0px;border:0px;outline:0px;font-size:15px;vertical-align:baseline;color:rgb(51,51,51);line-height:21px\">\u00a0<\/p>\n<p style=\"margin:0px 0px 10px;padding:0px;border:0px;outline:0px;font-size:15px;vertical-align:baseline;color:rgb(51,51,51);line-height:21px\">\n<strong style=\"margin:0px;padding:0px;border:0px;outline:0px;vertical-align:baseline;color:rgb(68,68,68);font-family:Arial,&#39;Times New Roman&#39;,serif\">Sofre Vasco!<\/strong><\/p>\n<p style=\"margin:0px 0px 10px;padding:0px;border:0px;outline:0px;font-size:15px;vertical-align:baseline;color:rgb(51,51,51);line-height:21px\">\nRecebi uma mensagem pelo f\u00f3rum do Vasco no qual participo de um companheiro (no qual irei preservar seu nome) que me autorizou a postar seu conte\u00fado. Reproduzirei abaixo, na \u00edntegra, seu conte\u00fado, para ser lido e refletido, preservando inclusive o nome do jogador do Vasco citado. Seria esse o motivo principal no qual Carlos Alberto em 2010, por exemplo, passou muito mais tempo no Departamento M\u00e9dico do que em campo? N\u00e3o h\u00e1 d\u00favidas de que, sendo verdade (e eu creio que seja mesmo), \u00e9 um dos motivos que leva ao desinteresse de empres\u00e1rios em manter seus atletas agenciados no clube, seja ele de base ou do profissional.<\/p>\n<p><\/p>\n<p style=\"margin:0px 0px 10px;padding:0px;border:0px;outline:0px;font-size:15px;vertical-align:baseline;color:rgb(51,51,51);line-height:21px\"><em style=\"margin:0px;padding:0px;border:none;outline:0px;vertical-align:baseline\">\u201cConversei com uma das pessoas diretamente ligada a um jogador do atual elenco do Vasco, que \u00e9 amigo meu, e me assustou o que ele falou. Respeitosamente disse que o refeit\u00f3rio dos jogadores \u00e9 horr\u00edvel, o lugar est\u00e1 todo enferrujado em suas escadarias, que os jogadores odeiam comer por ali, a estrutura n\u00e3o tem o m\u00ednimo de acolhimento. Falou ainda que o jogador morre de medo de machucar s\u00e9rio, que o que passou no DM \u00e9 uma l\u00e1stima, se n\u00e3o partir do jogador, n\u00e3o existe recupera\u00e7\u00e3o. Que o jogador ficou muito assustado com a falta de estrutura e acompanhamento do DM. Falou ainda que o Kl\u00e9ber j\u00e1 estava fechado, mas n\u00e3o quis se recuperar dentro do VASCO de suas les\u00f5es, pois temia n\u00e3o voltar a jogar futebol, em conversa com outros jogadores. Perguntei se ele viria, ele disse que provavelmente n\u00e3o. N\u00e3o pela institui\u00e7\u00e3o com certeza, mas teme a estrutura e n\u00e3o quer vir. O que concordo 100% com ele. Refleti, e as vezes o que chamamos de chinelinho, a culpa est\u00e1 mais no clube que no jogador. Sofre Vasco! De que adianta ter est\u00e1dio se a estrutura n\u00e3o oferece o m\u00ednimo? Sofre Vasco!\u201d<\/em><\/p>\n<p><\/p>\n<p style=\"margin:0px 0px 10px;padding:0px;border:0px;outline:0px;font-size:15px;vertical-align:baseline;color:rgb(51,51,51);line-height:21px\"><strong style=\"margin:0px;padding:0px;border:0px;outline:0px;vertical-align:baseline;color:rgb(68,68,68);font-family:Arial,&#39;Times New Roman&#39;,serif\">Not\u00edcias da c\u00f4rte<\/strong><\/p>\n<p><\/p>\n<p style=\"margin:0px 0px 10px;padding:0px;border:0px;outline:0px;font-size:15px;vertical-align:baseline;color:rgb(51,51,51);line-height:21px\">Por motivos pessoais e profissionais, na \u00faltima semana n\u00e3o encontrei espa\u00e7o de tempo para escrever meu texto semanal. Contudo e n\u00e3o distante do notici\u00e1rio vasca\u00edno, soube pela \u201cr\u00e1dio Vascorredor\u201d que Fernando Horta vir\u00e1, mesmo, como candidato presidenci\u00e1vel ao Vasco. N\u00e3o sei com qual projeto ou apoiado por qual grupo, mas que viria, tal como o mesmo depois deixou a entender em mais uma de suas entrevistas a uma revista digital que transita pelas redes sociais, na Internet.<\/p>\n<p><\/p>\n<p style=\"margin:0px 0px 10px;padding:0px;border:0px;outline:0px;font-size:15px;vertical-align:baseline;color:rgb(51,51,51);line-height:21px\">Atrav\u00e9s de um programa promovido por s\u00f3cios do Vasco transmitido nas noites de domingo (e no qual j\u00e1 participei em sua estreia como convidado), soube que a rec\u00e9m-formada chapa \u201c\u00c9 Vasco\u201d, formado pelos grupos Cruzada Vasca\u00edna e Pr\u00f3-Vasco, considerou ou considera a possibilidade de lan\u00e7ar um candidato ligado \u00e0 situa\u00e7\u00e3o como nome para a Presid\u00eancia do clube, nos pr\u00f3ximos tr\u00eas anos. O que seria, para mim, de extremo desagrado, inclusive \u00e0queles que ainda t\u00eam esperan\u00e7as pelo surgimento de um nome forte que lidere um grupo de pessoas que esteja, realmente, com pensamento em resgatar as melhores \u00e9pocas do Vasco, com capacidade de fazerem os projetos acontecerem, dentro do clube, e sem a mesma desordem administrativa, em especial, dos \u00faltimos seis anos.<\/p>\n<p><\/p>\n<p style=\"margin:0px 0px 10px;padding:0px;border:0px;outline:0px;font-size:15px;vertical-align:baseline;color:rgb(51,51,51);line-height:21px\">Por todos esses fatores que, durante um minidebate estabelecido com um dos candidatos rec\u00e9m-lan\u00e7ados \u00e0 Presid\u00eancia (por sinal, um dos que deram apoio \u00e0 diretoria que levou o Vasco \u00e0 segunda divis\u00e3o em seis anos \u00e0 frente da nau) por uma das redes sociais, lhe afirmei com educa\u00e7\u00e3o que n\u00e3o votaria em nenhum dos quatro candidatos que assim se lan\u00e7aram, at\u00e9 ent\u00e3o, e completando agora, nem em Fernando Horta dependendo do grupo em que venha lhe apoiando ou do que venha a apresentar como projeto, se \u00e9 que apresentar\u00e1 algum na hip\u00f3tese de concorrer crendo unicamente em seu pr\u00f3prio nome.<\/p>\n<p><\/p>\n<p style=\"margin:0px 0px 10px;padding:0px;border:0px;outline:0px;font-size:15px;vertical-align:baseline;color:rgb(51,51,51);line-height:21px\">Ainda tal como explanei para a mesma pessoa no qual conversei, todo e qualquer \u201cceticismo presun\u00e7oso\u201d (tal como me sugeriu em uma cita\u00e7\u00e3o) \u00e9 plenamente justific\u00e1vel perante o contexto que o gerou. Assim como \u00e9 justific\u00e1vel todo afastamento de algumas pessoas desse processo, mesmo \u00e0quelas que anseiam por um Vasco melhor mas que n\u00e3o suportam tanta\u00a0 bagun\u00e7a, para n\u00e3o escrever outro termo. H\u00e1 de ser MUITO FORTE, mesmo, para aguentar \u00e0s den\u00fancias de suposto \u201cmensal\u00e3o\u201d por parte de alguns candidatos, \u00e0 volta da marca \u00e0s p\u00e1ginas policiais por conta disso, a procrastina\u00e7\u00e3o da defini\u00e7\u00e3o da data do processo eleitoral e, o pior: com o agravo de se n\u00e3o definir tantos assuntos que s\u00e3o de interesse do clube acima de tudo, que deveriam ser tratados pela diretoria futura.<\/p>\n<p><\/p>\n<p style=\"margin:0px 0px 10px;padding:0px;border:0px;outline:0px;font-size:15px;vertical-align:baseline;color:rgb(51,51,51);line-height:21px\">Como saldo final, fica a indefini\u00e7\u00e3o se teremos nova vac\u00e2ncia de poder e a certeza de que n\u00e3o haver\u00e1, tal como em 2008 e 2011, uma \u201cjanela de tempo\u201d necess\u00e1ria para a transi\u00e7\u00e3o adequada. Esticar o mandato do atual Presidente Roberto at\u00e9 novembro, para mim no contexto desenhado e opondo-me ao que pensei quando, em 2011, havia todo um clima mais favor\u00e1vel e n\u00e3o fora feito, chega a ser um descompromisso com a institui\u00e7\u00e3o, que afora um caso de interven\u00e7\u00e3o ficaria at\u00e9 l\u00e1 capitaneada por pessoas no qual \u201cj\u00e1 deram\u201d no clube.<\/p>\n<p><\/p>\n<p style=\"margin:0px 0px 10px;padding:0px;border:0px;outline:0px;font-size:15px;vertical-align:baseline;color:rgb(51,51,51);line-height:21px\">Parafraseando, ent\u00e3o, meu companheiro do f\u00f3rum outrora citado por mim: \u201cSofre Vasco!\u201d&#8230;<\/p>\n<p><\/p>\n<p style=\"margin:0px 0px 10px;padding:0px;border:0px;outline:0px;font-size:15px;vertical-align:baseline;color:rgb(51,51,51);line-height:21px\"><strong style=\"margin:0px;padding:0px;border:0px;outline:0px;vertical-align:baseline;color:rgb(68,68,68);font-family:Arial,&#39;Times New Roman&#39;,serif\">N\u00e3o s\u00f3 pelo campo<\/strong><\/p>\n<p><\/p>\n<p style=\"margin:0px 0px 10px;padding:0px;border:0px;outline:0px;font-size:15px;vertical-align:baseline;color:rgb(51,51,51);line-height:21px\">Em entrevista promovida pelo programa \u201cA voz do vasca\u00edno\u201d nesse \u00faltimo domingo, o Presidenci\u00e1vel Roberto Monteiro afirmou ser contra pedir um impeachment do Presidente s\u00f3 por causa do resultado em campo. Apenas para constar uma opini\u00e3o de minha parte: n\u00e3o \u201cs\u00f3\u201d pelo resultado em campo e pelo n\u00e3o zelo \u00e0s tradi\u00e7\u00f5es do clube tal como reza o estatuto. \u00c9 pelo resultado em campo e fora dele. Pela repercuss\u00e3o negativa de uma marca nos \u00faltimos anos, pelas contas n\u00e3o recomendadas para aprova\u00e7\u00e3o por tr\u00eas anos seguidos pelo Conselho Fiscal, pelo patrim\u00f4nio mal conservado do clube, por todo o dinheiro perdido ou que o Vasco deixou de arrecadar e por tudo que n\u00e3o funciona no clube, a come\u00e7ar pelo Conselho Deliberativo no qual o referido candidato \u00e9 Vice-Presidente.<\/p>\n<p><\/p>\n<p style=\"margin:0px 0px 10px;padding:0px;border:0px;outline:0px;font-size:15px;vertical-align:baseline;color:rgb(51,51,51);line-height:21px\"><strong style=\"margin:0px;padding:0px;border:0px;outline:0px;vertical-align:baseline;color:rgb(68,68,68);font-family:Arial,&#39;Times New Roman&#39;,serif\">\u201cToques finais\u201d<\/strong><\/p>\n<p><\/p>\n<p style=\"margin:0px 0px 10px;padding:0px;border:0px;outline:0px;font-size:15px;vertical-align:baseline;color:rgb(51,51,51);line-height:21px\">1\u00ba) Impressionante como a CBF logo se preocupou com a seguran\u00e7a p\u00fablica do estado de Pernambuco e, prontamente, remarcou a partida entre N\u00e1utico vs Vasco. De certa forma, assumiu sua mea-culpa quando na barb\u00e1rie promovida em virtude da falta de seguran\u00e7a na Arena Joinville do ano passado. Mas no fim, e por culpa de sua pr\u00f3pria resigna\u00e7\u00e3o mesmo que na posi\u00e7\u00e3o de v\u00edtima, o Vasco foi quem virou um dos r\u00e9us e quem acabou pagando por mais essa.<\/p>\n<p><\/p>\n<p style=\"margin:0px 0px 10px;padding:0px;border:0px;outline:0px;font-size:15px;vertical-align:baseline;color:rgb(51,51,51);line-height:21px\">2\u00ba) Frase do Dr. Luciano Pereira, advogado vasca\u00edno membro do f\u00f3rum: \u201cenquanto o STJD for um ap\u00eandice da CBF e n\u00e3o da pr\u00f3pria Justi\u00e7a, n\u00e3o haver\u00e1 credibilidade\u201d. Sen\u00e3o, o que dizer de um tribunal cujo julgador parece tomar para si a defesa de um jogador, ainda se declarando torcedor do Flamengo, tal como aconteceu durante o julgamento do goleiro Felipe?\u00a0 E se fosse o Mart\u00edn Silva que o dissesse, a atitude de absolve-lo seria a mesma?<\/p>\n<p><\/p>\n<p style=\"margin:0px 0px 10px;padding:0px;border:0px;outline:0px;font-size:15px;vertical-align:baseline;color:rgb(51,51,51);line-height:21px\">3\u00ba) Sobre isso, mais uma para refletir: jogo entre Santa Cruz vs Paran\u00e1 Clube, no est\u00e1dio do Arruda, teve direito a vasos sanit\u00e1rios arremessados, o que provocou a morte de um torcedor. Pena imposta: DOIS JOGOS de perda de mando de campo. Da\u00ed, a pergunta: \u00e9 s\u00e9rio isso?<\/p>\n<p><\/p>\n<p style=\"margin:0px 0px 10px;padding:0px;border:0px;outline:0px;font-size:15px;vertical-align:baseline;color:rgb(51,51,51);line-height:21px\">4\u00ba) Recebi um telefonema na sexta-feira \u00e0 noite sobre uma suposta pesquisa promovida por um suposto instituto de pesquisas querendo saber minha opini\u00e3o sobre as elei\u00e7\u00f5es do Vasco. Por sorte minha e azar de quem me ligou, estava exercendo minha profiss\u00e3o e n\u00e3o pude lhe responder a nada. Se a tal pessoa conhece ao presente s\u00edtio no qual tenho o prazer de escrever, por favor, poupe seu tempo e leia n\u00e3o somente esse, mas meus textos anteriores, e tire suas conclus\u00f5es.<\/p>\n<p>\n<\/div>\n<p><\/p>\n","protected":false},"excerpt":{"rendered":"<p>No \u00faltimo dia quinze de maio, completaram-se exatos vinte anos da primeira e \u00fanica conquista&#8230;<\/p>\n","protected":false},"author":12,"featured_media":844,"comment_status":"open","ping_status":"closed","sticky":false,"template":"","format":"standard","meta":{"footnotes":""},"categories":[3],"tags":[],"class_list":["post-843","post","type-post","status-publish","format-standard","has-post-thumbnail","hentry","category-colunistas"],"_links":{"self":[{"href":"https:\/\/webvasco.com\/artigos\/wp-json\/wp\/v2\/posts\/843","targetHints":{"allow":["GET"]}}],"collection":[{"href":"https:\/\/webvasco.com\/artigos\/wp-json\/wp\/v2\/posts"}],"about":[{"href":"https:\/\/webvasco.com\/artigos\/wp-json\/wp\/v2\/types\/post"}],"author":[{"embeddable":true,"href":"https:\/\/webvasco.com\/artigos\/wp-json\/wp\/v2\/users\/12"}],"replies":[{"embeddable":true,"href":"https:\/\/webvasco.com\/artigos\/wp-json\/wp\/v2\/comments?post=843"}],"version-history":[{"count":0,"href":"https:\/\/webvasco.com\/artigos\/wp-json\/wp\/v2\/posts\/843\/revisions"}],"wp:featuredmedia":[{"embeddable":true,"href":"https:\/\/webvasco.com\/artigos\/wp-json\/wp\/v2\/media\/844"}],"wp:attachment":[{"href":"https:\/\/webvasco.com\/artigos\/wp-json\/wp\/v2\/media?parent=843"}],"wp:term":[{"taxonomy":"category","embeddable":true,"href":"https:\/\/webvasco.com\/artigos\/wp-json\/wp\/v2\/categories?post=843"},{"taxonomy":"post_tag","embeddable":true,"href":"https:\/\/webvasco.com\/artigos\/wp-json\/wp\/v2\/tags?post=843"}],"curies":[{"name":"wp","href":"https:\/\/api.w.org\/{rel}","templated":true}]}}