{"id":8431,"date":"2018-01-26T21:10:30","date_gmt":"2018-01-27T00:10:30","guid":{"rendered":"http:\/\/webvasco.com\/artigos\/?p=8431"},"modified":"2018-01-27T09:19:14","modified_gmt":"2018-01-27T12:19:14","slug":"laboratorio-caro","status":"publish","type":"post","link":"https:\/\/webvasco.com\/artigos\/colunistas\/luizcarlosrocha\/laboratorio-caro\/","title":{"rendered":"LABORAT\u00d3RIO CARO!"},"content":{"rendered":"<p class=\"m_801314133644904504ydp53d09b2bMsoNormal\">\u00a0 \u00a0 Ap\u00f3s a posse do novo presidente do Vasco da Gama, Alexandre Apelo (porque vai gostar de\u00a0apelar assim em\u00a0S\u00e3o Janu\u00e1rio), o time teve um aproveitamento de clube pequeno. Foram 2 derrotas e apenas 1 vit\u00f3ria. Isto, posto, certamente, o treinador Z\u00e9 Ricardo e seus pupilos est\u00e3o priorizando a Copa Libertadores da Am\u00e9rica. Por\u00e9m, o laborat\u00f3rio est\u00e1 ficando caro demais. Se o desempenho da equipe for de ruim para p\u00e9ssimo (como est\u00e1 sendo), a Imensa Torcida Bem Feliz ir\u00e1 cobrar, e muito.<\/p>\n<p class=\"m_801314133644904504ydp53d09b2bMsoNormal\">\u00a0\u00a0\u00a0 Na \u00faltima quarta-feira, dia 24, o vexame foi diante da Cabofriense, em Bacax\u00e1, quando perdeu por 2 a 1. Nen\u00ea descontou, de p\u00eanalti. Para a turma da Regi\u00e3o dos Lagos marcaram Victor Silva e Levi. O resultado afundou ainda mais o Cruzmaltino, pois ficou em pen\u00faltimo na tabela de classifica\u00e7\u00e3o, do Grupo B, do Campeonato Carioca, com apenas 3 pontos ganhos, em 9 disputados. Sendo, que apenas as duas primeiras equipes se classificar\u00e3o!<\/p>\n<p class=\"m_801314133644904504ydp53d09b2bMsoNormal\">\u00a0\u00a0\u00a0 Ou seja, a coisa est\u00e1 feia. Dia 31 de janeiro, 21h45m, diante do Universida Concepci\u00f3n ser\u00e1 a estreia na competi\u00e7\u00e3o intercontinental e o Gigante da Colina ainda em fase de testes e montagem de plantel. Um absurdo. Sem contar o Campeonato Brasileiro, que \u00e9 a competi\u00e7\u00e3o mais importante do Brasil. \u00c9 muito amadorismo para o clube do porte do Vasco. O torcedor vasca\u00edno n\u00e3o aguenta mais sofrer e espera do presidente Alexandre Apelo, que realmente fa\u00e7a algo proveitoso, que seja diferente do gestor anterior.<\/p>\n<p class=\"m_801314133644904504ydp53d09b2bMsoNormal\">\u00a0\u00a0\u00a0 Amanh\u00e3, \u00e0s 17h, no Maracan\u00e3, o Mach\u00e3o da Gama enfrentar\u00e1 o Exclu\u00eddo, aquele que n\u00e3o merece ser nomeado.\u00a0 Espera a grande massa cruzmaltina que a freguesia n\u00e3o nos d\u00ea trabalho. At\u00e9, porque, vencendo, al\u00e9m da manuten\u00e7\u00e3o da goza\u00e7\u00e3o, Martin Silva e Cia, poder\u00e3o manter as esperan\u00e7as de classifica\u00e7\u00e3o. Mas se perder fodeu.<\/p>\n<p class=\"m_801314133644904504ydp53d09b2bMsoNormal\">\n<p class=\"m_801314133644904504ydp53d09b2bMsoNormal\">\n<p class=\"m_801314133644904504ydp53d09b2bMsoNormal\"><b><u>VERGONHA (MAIS DE 4 ANOS!):<\/u><\/b><\/p>\n<p class=\"m_801314133644904504ydp53d09b2bMsoNormal\">\n<p class=\"m_801314133644904504ydp53d09b2bMsoNormal\">\u00a0\u00a0\u00a0 DEPOIS DE AGUARDAR\u00a0 54 MESES, OU SEJA, 4 ANOS E 7 MESES!\u00a0 (CARRO DESDE 10 DE JUNHO DE 2013) COM O CARRO PRESO NA OFICINA DA ABOLI\u00c7\u00c3O VE\u00cdCULOS COM APENAS 729 KM RODADOS, EM UM PROCESSO COM 8 VOLUMES, NA 1\u00aa VARA CIVEL, DA COMARCA DE NITER\u00d3I\/RJ, REGIONAL OCE\u00c2NICA, A SENTEN\u00c7A FOI INDEFERIR TODOS OS MEUS PEDIDOS E AINDA CONDENAR EM 10% DE CUSTAS JUDICIAIS. OU SEJA, FIQUEI SEM CARRO ESSE TEMPO TODO (MESMO PAGANDO \u00c0 VISTA POR ELE), JUNTEI PROVAS COMO REGISTRO DE OCORR\u00caNCIA DA POL\u00cdCIA CIVIL\/RJ, BOLETIM DE OCORR\u00caNCIA DA POLICIA MILITAR\/RJ, ORDENS DE SERVI\u00c7O, MAIS DE 600 FOTOGRAFIAS, MAIS DE 40 \u00c1UDIOS, NOTAS FISCAIS, NOTAS DE T\u00c1XI, PRONTU\u00c1RIOS M\u00c9DICOS, POIS NESTE PER\u00cdODO TIVE PROBLEMAS DE SA\u00daDE, BEM COMO MEUS FAMILIARES, TENDO UMA FILHA QUE HOJE TEM APENAS 5 ANOS, NA \u00c9POCA POUCO MAIS DE 1 ANINHO. VALE LEMBRAR, QUE OS PRIMEIROS DEFEITOS SE DERAM QUANDO O CARRO TINHA MENOS DE 30 KM RODADOS. TUDO ISSO PARA NADA. QUEM GOSTOU DO RESULTADO DA DOUTA MAGRISTRADA FORAM AS EMPRESAS R\u00c9S \u2013 QUE ME LESARAM \u2013 ABOLI\u00c7\u00c3O VE\u00cdCULOS E VW DO BRASIL (PROCESSO: No 0016370-44.2013.8.19.0212).\u00a0\u00a0\u00a0<wbr><\/wbr><\/p>\n<p class=\"m_801314133644904504ydp53d09b2bMsoNormal\">\n<p class=\"m_801314133644904504ydp53d09b2bMsoNormal\"><b>\u00a0\u00a0\u00a0 AP\u00d3S AS TODAS AS PARTIDAS DO VASC\u00c3O EM MEU PERFIL DO FACEBOOK (QUEM QUISER RECEBER AS CR\u00d4NICAS DE PRIMEIRA M\u00c3O \u00c9 S\u00d3 ME ADICIONAR), E NO SITE WEBVASCO (<a href=\"http:\/\/www.webvasco.com\/\" target=\"_blank\" rel=\"noopener\" data-saferedirecturl=\"https:\/\/www.google.com\/url?hl=pt-BR&amp;q=http:\/\/www.webvasco.com&amp;source=gmail&amp;ust=1517141360771000&amp;usg=AFQjCNFFLAVQqTmCqk76KU93X8-16XN4QQ\">www.webvasco.com<\/a>), TEM A OPINI\u00c3O DO JORNALISTA LUIZ CARLOS ROCHA. LEIAM! COMPARTILHEM E CURTAM! VASCA\u00cdNOS UNIDOS JAMAIS SER\u00c3O VENCIDOS.<\/b><\/p>\n","protected":false},"excerpt":{"rendered":"<p>\u00a0 \u00a0 Ap\u00f3s a posse do novo presidente do Vasco da Gama, Alexandre Apelo (porque&#8230;<\/p>\n","protected":false},"author":7,"featured_media":0,"comment_status":"open","ping_status":"closed","sticky":false,"template":"","format":"standard","meta":{"footnotes":""},"categories":[4],"tags":[],"class_list":["post-8431","post","type-post","status-publish","format-standard","hentry","category-luizcarlosrocha"],"_links":{"self":[{"href":"https:\/\/webvasco.com\/artigos\/wp-json\/wp\/v2\/posts\/8431","targetHints":{"allow":["GET"]}}],"collection":[{"href":"https:\/\/webvasco.com\/artigos\/wp-json\/wp\/v2\/posts"}],"about":[{"href":"https:\/\/webvasco.com\/artigos\/wp-json\/wp\/v2\/types\/post"}],"author":[{"embeddable":true,"href":"https:\/\/webvasco.com\/artigos\/wp-json\/wp\/v2\/users\/7"}],"replies":[{"embeddable":true,"href":"https:\/\/webvasco.com\/artigos\/wp-json\/wp\/v2\/comments?post=8431"}],"version-history":[{"count":1,"href":"https:\/\/webvasco.com\/artigos\/wp-json\/wp\/v2\/posts\/8431\/revisions"}],"predecessor-version":[{"id":8432,"href":"https:\/\/webvasco.com\/artigos\/wp-json\/wp\/v2\/posts\/8431\/revisions\/8432"}],"wp:attachment":[{"href":"https:\/\/webvasco.com\/artigos\/wp-json\/wp\/v2\/media?parent=8431"}],"wp:term":[{"taxonomy":"category","embeddable":true,"href":"https:\/\/webvasco.com\/artigos\/wp-json\/wp\/v2\/categories?post=8431"},{"taxonomy":"post_tag","embeddable":true,"href":"https:\/\/webvasco.com\/artigos\/wp-json\/wp\/v2\/tags?post=8431"}],"curies":[{"name":"wp","href":"https:\/\/api.w.org\/{rel}","templated":true}]}}