{"id":8433,"date":"2018-01-28T14:55:08","date_gmt":"2018-01-28T17:55:08","guid":{"rendered":"http:\/\/webvasco.com\/artigos\/?p=8433"},"modified":"2018-01-28T14:55:37","modified_gmt":"2018-01-28T17:55:37","slug":"mais-uma-vez-davi-parou-golias","status":"publish","type":"post","link":"https:\/\/webvasco.com\/artigos\/colunistas\/luizcarlosrocha\/mais-uma-vez-davi-parou-golias\/","title":{"rendered":"MAIS UMA VEZ DAVI PAROU GOLIAS!"},"content":{"rendered":"<p class=\"m_-9137993051297593606ydp44d2494bMsoNormal\">\u00a0 \u00a0 Rico, poderoso e sem problemas: assim define a imprensa marrom o time do Exclu\u00eddo. Pobre, sem prest\u00edgio e repleto de dubiedade, \u00e9 a defini\u00e7\u00e3o do Vasco da Gama pela m\u00eddia. Por\u00e9m, outra vez, o pequeno Davi, digo, Cruzmaltino parou o \u00edmpeto do \u201cgrandalh\u00e3o\u201d Golias, entenda-se Povo do Gueto, no maior palco de futebol do mundo, o Maracan\u00e3.<\/p>\n<p class=\"m_-9137993051297593606ydp44d2494bMsoNormal\">\u00a0\u00a0\u00a0 L\u00edder do Grupo B, do Campeonato Carioca, agora com 10 pontos ganhos (em 12 disputados), o badalado Molambo foi parado pelo desacreditado e verdadeiro Gigante (da Colina), agora com apenas 4 pontos (dos mesmos 12 disputados) quando n\u00e3o sa\u00edram do 0 a 0, ontem, em partida v\u00e1lida pela 4\u00aa Rodada do Estadual. Entretanto, alguns fatos garantiram o ingresso, vamos a eles:<\/p>\n<p class=\"m_-9137993051297593606ydp44d2494bMsoNormal\">\u00a0\u00a0\u00a0 A invencibilidade continuou diante dos marginalizados, uma vez, que desde 2015 eles n\u00e3o superam o Vasc\u00e3o, no Maraca. Contudo, o lance do jogo foi ver o atacante Paulinho entortar o zagueiro Rodolfo com uma linda caneta! Esse garoto vai longe. Outro fato para destacar, \u00e9 que Vin\u00edcius J\u00fanior j\u00e1 tinha cart\u00e3o amarelo, quando visivelmente empurrou Erazo. A regra \u00e9 clara, ap\u00f3s a primeira advert\u00eancia com cart\u00e3o, a segunda \u00e9 expuls\u00e3o! O que deixou de acontecer. Lament\u00e1vel essa arbitragem!<\/p>\n<p class=\"m_-9137993051297593606ydp44d2494bMsoNormal\">\u00a0\u00a0\u00a0 O pr\u00f3ximo desafio do Mach\u00e3o da Gama ser\u00e1 na quarta-feira, dia 31 de janeiro, \u00e0s 21h45m, contra o Universidad Concepci\u00f3n pela Libertadores, em partida de ida. Depois, no domingo, pelo Campeonato Carioca, \u00e0s 17h, em S\u00e3o Janu\u00e1rio, receber\u00e1 o Volta Redonda.<\/p>\n<p class=\"m_-9137993051297593606ydp44d2494bMsoNormal\"><b><u>NEN\u00ca:<\/u><\/b>\u00a0Esse rapaz teve o dom de jogar bem o futebol, porque se dependesse do c\u00e9rebro para ganhar dinheiro morreria de fome! Como diz a velha m\u00e1xima: Deus escreve certo por linhas tortas. N\u00e3o \u00e9 a primeira vez que ele faz essa palha\u00e7ada de dizer que deseja ir embora da Colina Hist\u00f3rica. Passa um tempo e volta. Precisa amadurecer e entender de uma vez por todas que Nen\u00ea \u00e9 um simples codinome, que ele j\u00e1 cresceu e n\u00e3o cabe mais atitudes insanas e infantis! A desculpa que o sal\u00e1rio est\u00e1 atrasado n\u00e3o cola. Afinal, \u00e9 s\u00f3 o dele ou do plantel todo? Ademais com o alto sal\u00e1rio as chances de administrar de modo que n\u00e3o passe aperto \u00e9 grande. Todavia, largar uma equipe que disputar\u00e1 a Libertadores da Am\u00e9rica por uma que vai ficar s\u00f3 assistindo a competi\u00e7\u00e3o intercontinental na atual temporada pela TV \u00e9 burrice!<\/p>\n<p class=\"m_-9137993051297593606ydp44d2494bMsoNormal\">\n<p class=\"m_-9137993051297593606ydp44d2494bMsoNormal\">\n<p class=\"m_-9137993051297593606ydp44d2494bMsoNormal\">\n<p class=\"m_-9137993051297593606ydp44d2494bMsoNormal\">\n<p class=\"m_-9137993051297593606ydp44d2494bMsoNormal\"><b><u>VERGONHA (MAIS DE 4 ANOS!):<\/u><\/b><\/p>\n<p class=\"m_-9137993051297593606ydp44d2494bMsoNormal\">DEPOIS DE AGUARDAR\u00a0<b>\u00a054 MESES, OU SEJA, 4 ANOS E 7 MESES!\u00a0 (CARRO DESDE 10 DE JUNHO DE 2013)<\/b>\u00a0COM O CARRO PRESO NA OFICINA DA ABOLI\u00c7\u00c3O VE\u00cdCULOS COM APENAS 729 KM RODADOS, EM UM PROCESSO COM 8 VOLUMES, NA 1\u00aa VARA CIVEL, DA COMARCA DE NITER\u00d3I\/RJ, REGIONAL OCE\u00c2NICA, A SENTEN\u00c7A FOI INDEFERIR TODOS OS MEUS PEDIDOS E AINDA CONDENAR EM 10% DE CUSTAS JUDICIAIS. OU SEJA, FIQUEI SEM CARRO ESSE TEMPO TODO (MESMO PAGANDO \u00c0 VISTA POR ELE), JUNTEI PROVAS COMO REGISTRO DE OCORR\u00caNCIA DA POL\u00cdCIA CIVIL\/RJ, BOLETIM DE OCORR\u00caNCIA DA POLICIA MILITAR\/RJ, ORDENS DE SERVI\u00c7O, MAIS DE 600 FOTOGRAFIAS, MAIS DE 40 \u00c1UDIOS, NOTAS FISCAIS, NOTAS DE T\u00c1XI, PRONTU\u00c1RIOS M\u00c9DICOS, POIS NESTE PER\u00cdODO TIVE PROBLEMAS DE SA\u00daDE, BEM COMO MEUS FAMILIARES, TENDO UMA FILHA QUE HOJE TEM APENAS 5 ANOS, NA \u00c9POCA POUCO MAIS DE 1 ANINHO. VALE LEMBRAR, QUE OS PRIMEIROS DEFEITOS SE DERAM QUANDO O CARRO TINHA MENOS DE 30 KM RODADOS. TUDO ISSO PARA NADA. QUEM GOSTOU DO RESULTADO DA DOUTA MAGRISTRADA FORAM AS EMPRESAS R\u00c9S \u2013 QUE ME LESARAM \u2013 ABOLI\u00c7\u00c3O VE\u00cdCULOS E VW DO BRASIL\u00a0<b>(PROCESSO: No 0016370-44.2013.8.19.0212).<\/b><\/p>\n<p class=\"m_-9137993051297593606ydp44d2494bMsoNormal\"><b>\u00a0<\/b><\/p>\n<p class=\"m_-9137993051297593606ydp44d2494bMsoNormal\"><b>\u00a0\u00a0 \u00a0\u00a0\u00a0\u00a0\u00a0\u00a0\u00a0\u00a0\u00a0\u00a0\u00a0\u00a0<\/b><\/p>\n<p class=\"m_-9137993051297593606ydp44d2494bMsoNormal\"><b>\u00a0\u00a0\u00a0\u00a0\u00a0\u00a0\u00a0\u00a0\u00a0\u00a0\u00a0\u00a0\u00a0\u00a0\u00a0\u00a0\u00a0\u00a0\u00a0\u00a0\u00a0\u00a0\u00a0\u00a0\u00a0\u00a0\u00a0\u00a0\u00a0\u00a0<\/b><\/p>\n<p class=\"m_-9137993051297593606ydp44d2494bMsoNormal\"><b>AP\u00d3S AS TODAS AS PARTIDAS DO VASC\u00c3O EM MEU PERFIL DO FACEBOOK (QUEM QUISER RECEBER AS CR\u00d4NICAS DE PRIMEIRA M\u00c3O \u00c9 S\u00d3 ME ADICIONAR), E NO SITE WEBVASCO (<a href=\"http:\/\/www.webvasco.com\/\" target=\"_blank\" rel=\"noopener\" data-saferedirecturl=\"https:\/\/www.google.com\/url?hl=pt-BR&amp;q=http:\/\/www.webvasco.com&amp;source=gmail&amp;ust=1517248442714000&amp;usg=AFQjCNFW_CtqAZVZcwrCczn09HMcJWvE0w\">www.webvasco.com<\/a>), TEM A OPINI\u00c3O DO JORNALISTA LUIZ CARLOS ROCHA. LEIAM! COMPARTILHEM E CURTAM! VASCA\u00cdNOS UNIDOS JAMAIS SER\u00c3O VENCIDOS.<\/b><\/p>\n","protected":false},"excerpt":{"rendered":"<p>\u00a0 \u00a0 Rico, poderoso e sem problemas: assim define a imprensa marrom o time do&#8230;<\/p>\n","protected":false},"author":7,"featured_media":0,"comment_status":"open","ping_status":"closed","sticky":false,"template":"","format":"standard","meta":{"footnotes":""},"categories":[4],"tags":[],"class_list":["post-8433","post","type-post","status-publish","format-standard","hentry","category-luizcarlosrocha"],"_links":{"self":[{"href":"https:\/\/webvasco.com\/artigos\/wp-json\/wp\/v2\/posts\/8433","targetHints":{"allow":["GET"]}}],"collection":[{"href":"https:\/\/webvasco.com\/artigos\/wp-json\/wp\/v2\/posts"}],"about":[{"href":"https:\/\/webvasco.com\/artigos\/wp-json\/wp\/v2\/types\/post"}],"author":[{"embeddable":true,"href":"https:\/\/webvasco.com\/artigos\/wp-json\/wp\/v2\/users\/7"}],"replies":[{"embeddable":true,"href":"https:\/\/webvasco.com\/artigos\/wp-json\/wp\/v2\/comments?post=8433"}],"version-history":[{"count":1,"href":"https:\/\/webvasco.com\/artigos\/wp-json\/wp\/v2\/posts\/8433\/revisions"}],"predecessor-version":[{"id":8434,"href":"https:\/\/webvasco.com\/artigos\/wp-json\/wp\/v2\/posts\/8433\/revisions\/8434"}],"wp:attachment":[{"href":"https:\/\/webvasco.com\/artigos\/wp-json\/wp\/v2\/media?parent=8433"}],"wp:term":[{"taxonomy":"category","embeddable":true,"href":"https:\/\/webvasco.com\/artigos\/wp-json\/wp\/v2\/categories?post=8433"},{"taxonomy":"post_tag","embeddable":true,"href":"https:\/\/webvasco.com\/artigos\/wp-json\/wp\/v2\/tags?post=8433"}],"curies":[{"name":"wp","href":"https:\/\/api.w.org\/{rel}","templated":true}]}}