{"id":845,"date":"2014-05-19T17:06:05","date_gmt":"2014-05-19T20:06:05","guid":{"rendered":"http:\/\/webvasco.com\/artigos\/?p=845"},"modified":"2014-05-19T17:09:57","modified_gmt":"2014-05-19T20:09:57","slug":"missa-de-7-dia-de-falecimento-de-alexandre-pessoal-msico-e-ex-apresentador-da-vasco-tv","status":"publish","type":"post","link":"https:\/\/webvasco.com\/artigos\/colunistas\/marcus-simonini\/missa-de-7-dia-de-falecimento-de-alexandre-pessoal-msico-e-ex-apresentador-da-vasco-tv\/","title":{"rendered":"MISSA DE 7&ordm; DIA DE FALECIMENTO DE ALEXANDRE PESSOAL, M&Uacute;SICO E EX-APRESENTADOR DA VASCO TV"},"content":{"rendered":"<div>\n<div dir='ltr'><!-- .postitle -->&nbsp;&nbsp;&nbsp;&nbsp; <\/p>\n<div class=\"single-metainfo\">&nbsp;&nbsp;&nbsp;&nbsp;&nbsp;\t<\/div>\n<p><!-- .single-metainfo -->&nbsp;&nbsp;&nbsp;&nbsp;&nbsp;&nbsp; <\/p>\n<div class=\"wp-caption aligncenter\" id=\"attachment_2711\" style=\"width: 346px;\"><a href=\"http:\/\/incondicionalmentevasco.files.wordpress.com\/2014\/05\/alexandre-pessoal.jpg\"><img decoding=\"async\" class=\"size-full wp-image-2711\" alt=\"Alexandre Pessoal era m\u00fasico e foi apresentador da VASCOTV\" src=\"http:\/\/incondicionalmentevasco.files.wordpress.com\/2014\/05\/alexandre-pessoal.jpg?w=620\"\/><\/a><\/p>\n<p class=\"wp-caption-text\">Alexandre Pessoal era m\u00fasico e foi apresentador da VASCOTV<\/p>\n<\/div>\n<p>&nbsp;<br \/>O Portal WEBVASCO (por seu Editor e Colunistas)&nbsp;participa aos Diretores, S\u00f3cios e Torcedores do Club de Regatas Vasco da Gama: <br \/>&nbsp;<br \/>&nbsp;<br \/><strong>MISSA DE 7\u00ba DIA DE FALECIMENTO DE ALEXANDRE PESSOAL, M\u00daSICO E EX-APRESENTADOR DA VASCO TV<\/strong><br \/><strong>DIA 22 DE MAIO DE 2014 \u2013  PR\u00d3XIMA QUINTA FEIRA \u2013 \u00c0S 18 HORAS \u2013 MOSTEIRO DE SANTOS ANTONIO (LARGO DA CARIOCA, CENTRO DA CIDADE DO RIO DE JANEIRO)<br \/>&nbsp;<br \/>NESTA MISSA ESTAREMOS EM ORA\u00c7\u00c3O E COMUNH\u00c3O JUNTO A DEUS, E POR OCASI\u00c3O, AO FINAL DA MESMA SER\u00c1 FEITA UMA HOMENAGEM AO ALEXANDRE PESSOAL.<br \/>&nbsp;<br \/>CONTAMOS COM A PARTICIPA\u00c7\u00c3O DOS AMIGOS, S\u00d3CIOS E TORCEDORES E DIRETORES DO CLUB DE REGATAS VASCO DA GAMA. <br \/>&nbsp;<br \/>&nbsp;<br \/><\/strong><strong>\u201cO que voc\u00ea fez pelo Vasco, hoje?\u201d Alexandre Pessoal   .   *1974      + 2014    .<\/strong> \t\t \t   \t\t  <\/div>\n<\/div>\n<p><\/p>\n","protected":false},"excerpt":{"rendered":"<p>&nbsp;&nbsp;&nbsp;&nbsp; &nbsp;&nbsp;&nbsp;&nbsp;&nbsp; &nbsp;&nbsp;&nbsp;&nbsp;&nbsp;&nbsp; Alexandre Pessoal era m\u00fasico e foi apresentador da VASCOTV &nbsp;O Portal WEBVASCO&#8230;<\/p>\n","protected":false},"author":8,"featured_media":2711,"comment_status":"open","ping_status":"closed","sticky":false,"template":"","format":"standard","meta":{"footnotes":""},"categories":[6],"tags":[],"class_list":["post-845","post","type-post","status-publish","format-standard","has-post-thumbnail","hentry","category-marcus-simonini"],"_links":{"self":[{"href":"https:\/\/webvasco.com\/artigos\/wp-json\/wp\/v2\/posts\/845","targetHints":{"allow":["GET"]}}],"collection":[{"href":"https:\/\/webvasco.com\/artigos\/wp-json\/wp\/v2\/posts"}],"about":[{"href":"https:\/\/webvasco.com\/artigos\/wp-json\/wp\/v2\/types\/post"}],"author":[{"embeddable":true,"href":"https:\/\/webvasco.com\/artigos\/wp-json\/wp\/v2\/users\/8"}],"replies":[{"embeddable":true,"href":"https:\/\/webvasco.com\/artigos\/wp-json\/wp\/v2\/comments?post=845"}],"version-history":[{"count":0,"href":"https:\/\/webvasco.com\/artigos\/wp-json\/wp\/v2\/posts\/845\/revisions"}],"wp:featuredmedia":[{"embeddable":true,"href":"https:\/\/webvasco.com\/artigos\/wp-json\/wp\/v2\/media\/2711"}],"wp:attachment":[{"href":"https:\/\/webvasco.com\/artigos\/wp-json\/wp\/v2\/media?parent=845"}],"wp:term":[{"taxonomy":"category","embeddable":true,"href":"https:\/\/webvasco.com\/artigos\/wp-json\/wp\/v2\/categories?post=845"},{"taxonomy":"post_tag","embeddable":true,"href":"https:\/\/webvasco.com\/artigos\/wp-json\/wp\/v2\/tags?post=845"}],"curies":[{"name":"wp","href":"https:\/\/api.w.org\/{rel}","templated":true}]}}