{"id":8455,"date":"2018-01-30T20:20:09","date_gmt":"2018-01-30T23:20:09","guid":{"rendered":"http:\/\/webvasco.com\/artigos\/?p=8455"},"modified":"2018-01-30T20:58:14","modified_gmt":"2018-01-30T23:58:14","slug":"garoto-carioca-suingue-sangue-bom","status":"publish","type":"post","link":"https:\/\/webvasco.com\/artigos\/colunistas\/luizcarlosrocha\/garoto-carioca-suingue-sangue-bom\/","title":{"rendered":"GAROTO CARIOCA SUINGUE SANGUE BOM!"},"content":{"rendered":"<p>Nascido no interior de S\u00e3o Paulo, Vin\u00edcius Bonotto Conrado, de 51 anos, abandonou o 9\u00ba per\u00edodo da faculdade de Direito para ser cantor. Seu primeiro grande hit foi Helo\u00edsa mexe a cadeira, em 1997. De l\u00e1 para c\u00e1 outros sucessos, tais como Uh! Tiazinha, Te encontrar de novo, Na gandaia, Eu vou pirar&#8230;<\/p>\n<p>O dono da gravadora Vinny Planet tamb\u00e9m chegou cursar gastronomia e psicologia, mas formou-se mesmo em Filosofia, em 2012. Atualmente cursa mestrado em uma renomada universidade na Argentina. O garoto carioca suingue sangue bom, recebeu o WebVasco no Cinestudio, em Jacarepagu\u00e1\/RJ, aonde sempre grava o Programa Est\u00fadio Cabe\u00e7a, do canal Music Box Brazil.<\/p>\n<p>Simp\u00e1tico, gentil, inteligente, irreverente, boa pra\u00e7a e acima de tudo vasca\u00edno, Vinny mostrou n\u00e3o s\u00f3 entender de m\u00fasica e filosofia, mas tamb\u00e9m de futebol.<\/p>\n<p><strong>Voc\u00ea acha que a torcida do Vasco da Gama precisa requebrar e sacodir a poeira no Campeonato Brasileiro de 2018? <\/strong><\/p>\n<p>Sim. Partindo do Estadual precisamos ter muita f\u00e9 e apoiar o time. Ainda falta um refor\u00e7o de peso.<\/p>\n<p><strong>O que voc\u00ea achou do novo uniforme, sendo a Diadora o fornecedor de material esportivo? <\/strong><\/p>\n<p>Reparei a falta de patroc\u00ednio. Eu particularmente gosto da camisa mais limpa, tipo a de 1998, que foi campe\u00e3 da Libertadores.<\/p>\n<p><strong>Voc\u00ea acha que se o Alexandre Campello n\u00e3o fizer uma boa gest\u00e3o o bicho vai pegar?<\/strong><\/p>\n<p>Eu acho que seja quem for o presidente do Cruzmaltino \u00e9 preciso conhecimento, principalmente na \u00e1rea comercial, porque a marca \u00e9 muito forte.<\/p>\n<p><strong>O Gigante da Colina passou muito tempo desacreditado, na sua opini\u00e3o a equipe est\u00e1 novamente subindo a ladeira desportiva? <\/strong><\/p>\n<p>Na verdade estamos muito longe do que realmente o Vasco \u00e9. Das gl\u00f3rias de outrora. Nos acostumamos com pouco. Precisamos deixar os tr\u00eas rebaixamentos l\u00e1 pra tr\u00e1s, e partir para as grandes conquistas como em um passado n\u00e3o t\u00e3o distante assim. Espero que essa ladeira nos leve ao estrelato novamente.<\/p>\n<p><strong>O torcedor vasca\u00edno gostaria de dizer para os t\u00edtulos: te encontrar de novo? <\/strong><\/p>\n<p>Sim, como gostaria de encontrar de novo o Brasileiro. A postura do time tem de ser vitoriosa. At\u00e9, porque, o campe\u00e3o brasileiro sempre \u00e9 temido na Copa Libertadores.<\/p>\n<p><strong>Uh! Tiazinha foi um sucesso cheio de sensualidade, quem seria a atual \u201cTiazinha\u201d vasca\u00edna, a musa do Caldeir\u00e3o? <\/strong><\/p>\n<p>A Fernanda Abreu \u2013 que \u00e9 gostosa pessoalmente \u2013 ser\u00e1 sempre a musa vasca\u00edna. Ela \u00e9 madura, linda e especial.<\/p>\n<p><strong>Mesmo tendo nascido em Sampa, sempre torceu para o Mach\u00e3o da Gama? <\/strong><\/p>\n<p>Nasci na cidade de Leme, mas vim para c\u00e1 com um ano de idade. E como todo vasca\u00edno tamb\u00e9m sou um pouco palmeirense.<\/p>\n<p><strong>J\u00e1 pensou em fazer uma m\u00fasica para o Vasco? <\/strong><\/p>\n<p>Nunca pensei, pelo fato de mexer com a minha paix\u00e3o (e de tantas outras). O fato de misturar raz\u00e3o e emo\u00e7\u00e3o algumas vezes complica.<\/p>\n<p><strong>Como foi o sofrimento com os tr\u00eas rebaixamentos? <\/strong><\/p>\n<p>Sofri igualmente em todos. O primeiro eu n\u00e3o acreditei, mas apoiei o time na S\u00e9rie B. Eu vinha da Regi\u00e3o dos Lagos com a minha fam\u00edlia, n\u00e3o aguentei, parei em uma lanchonete de estrada para acompanhar a partida e sofri muito ao t\u00e9rmino do jogo.<\/p>\n<p><strong> O que voc\u00ea espera para o Cruzmaltino nos tr\u00eas pr\u00f3ximos anos? <\/strong><\/p>\n<p>Nesse exato momento temos uma equipe de m\u00e9dia para ruim, tudo poder\u00e1 mudar ao longo da temporada, mas a situa\u00e7\u00e3o atual \u00e9 essa. Se continuar assim ser\u00e1 bem complicado ganhar alguma coisa. Temos um grande goleiro e com a sa\u00edda do Nen\u00ea, que \u00e9 inteligente perdemos mais ainda. Falta um goleador, um armador, bons laterais. Zagueiros experientes&#8230;<\/p>\n<p><strong>O clube mexeu mesmo a cadeira ou o Alexandre Campello \u00e9 s\u00f3 um laranja do Eurico Miranda?<\/strong><\/p>\n<p>A compara\u00e7\u00e3o Lula e Dilma te responde? Sorriu. Mas independente disso o Campello poder\u00e1 ouvir todas as correntes, mas seguir somente o que for melhor para o Vasco.<\/p>\n<p><strong>O que te fez um torcedor apaixonado? <\/strong><\/p>\n<p>Minha av\u00f3. Em S\u00e3o Paulo ela torcia para o Palmeiras, a\u00ed quando nos mudamos para o Rio, ela passou torcer para o Vasco (por essa irmandade). J\u00e1 crescido conheci o Roberto Dinamite e o Zanata, que refor\u00e7ou mais meu lado torcedor. Vale dizer, que todo o resto da minha fam\u00edlia torcia para aquele time advers\u00e1rio que nem vou citar. Vou te contar uma coisa: Fui um dos poucos caras que fez gol no Mazar\u00f3pi. Era um jogo de artistas. O gol foi contra, mas foi nele n\u00e3o \u00e9? (Disparou com muito bom humor).<\/p>\n<p><strong> Qual o melhor treinador do Gigante da Colina de todos os tempos? Por que?<\/strong><\/p>\n<p>Na minha opini\u00e3o o Lopes (Ant\u00f4nio), por todos os t\u00edtulos que ele conquistou no clube. Gosto de t\u00e9cnico mais tradicional, aquele que coloca para o plantel com rigor o que acredita ser o melhor.<\/p>\n<p><strong> A letra V, de Vinny, de Vasco, de Virtude, de Vencer, o que representa para voc\u00ea no futebol?<\/strong><\/p>\n<p>Vit\u00f3ria \u00e9 a melhor defini\u00e7\u00e3o. Quando eu era molequinho, morava no Turano, pegava aquelas fichas de \u00f4nibus branca e pintava a faixa diagonal preta para jogar futebol de bot\u00e3o no ch\u00e3o da rua. Desde pequeno fa\u00e7o a liga\u00e7\u00e3o das palavras Vasco e campe\u00e3o.<\/p>\n<p><strong> Se n\u00e3o fosse torcedor do Vasc\u00e3o, para qual time torceria?<\/strong><\/p>\n<p>Palmeiras, pela liga\u00e7\u00e3o. \u00c9 autom\u00e1tico esse racioc\u00ednio.<\/p>\n<p><strong> FOTOGRAFIAS: BY LUIZ CARLOS ROCHA, COM COLABORA\u00c7\u00c3O DE NATALY MONTEIRO.<\/strong><\/p>\n<p><a href=\"https:\/\/webvasco.com\/artigos\/wp-content\/uploads\/2018\/01\/IMG-20180124-WA0027.jpg\"><img loading=\"lazy\" decoding=\"async\" class=\"alignnone size-medium wp-image-8463\" src=\"https:\/\/webvasco.com\/artigos\/wp-content\/uploads\/2018\/01\/IMG-20180124-WA0027-300x277.jpg\" alt=\"\" width=\"300\" height=\"277\" srcset=\"https:\/\/webvasco.com\/artigos\/wp-content\/uploads\/2018\/01\/IMG-20180124-WA0027-300x277.jpg 300w, https:\/\/webvasco.com\/artigos\/wp-content\/uploads\/2018\/01\/IMG-20180124-WA0027-150x139.jpg 150w, https:\/\/webvasco.com\/artigos\/wp-content\/uploads\/2018\/01\/IMG-20180124-WA0027.jpg 632w\" sizes=\"auto, (max-width: 300px) 100vw, 300px\" \/><\/a> <a href=\"https:\/\/webvasco.com\/artigos\/wp-content\/uploads\/2018\/01\/IMG-20180124-WA0026.jpg\"><img loading=\"lazy\" decoding=\"async\" class=\"alignnone size-medium wp-image-8462\" src=\"https:\/\/webvasco.com\/artigos\/wp-content\/uploads\/2018\/01\/IMG-20180124-WA0026-300x294.jpg\" alt=\"\" width=\"300\" height=\"294\" srcset=\"https:\/\/webvasco.com\/artigos\/wp-content\/uploads\/2018\/01\/IMG-20180124-WA0026-300x294.jpg 300w, https:\/\/webvasco.com\/artigos\/wp-content\/uploads\/2018\/01\/IMG-20180124-WA0026-150x147.jpg 150w, https:\/\/webvasco.com\/artigos\/wp-content\/uploads\/2018\/01\/IMG-20180124-WA0026-768x751.jpg 768w, https:\/\/webvasco.com\/artigos\/wp-content\/uploads\/2018\/01\/IMG-20180124-WA0026.jpg 928w\" sizes=\"auto, (max-width: 300px) 100vw, 300px\" \/><\/a> <a href=\"https:\/\/webvasco.com\/artigos\/wp-content\/uploads\/2018\/01\/IMG-20180124-WA0025.jpg\"><img loading=\"lazy\" decoding=\"async\" class=\"alignnone size-medium wp-image-8461\" src=\"https:\/\/webvasco.com\/artigos\/wp-content\/uploads\/2018\/01\/IMG-20180124-WA0025-300x232.jpg\" alt=\"\" width=\"300\" height=\"232\" srcset=\"https:\/\/webvasco.com\/artigos\/wp-content\/uploads\/2018\/01\/IMG-20180124-WA0025-300x232.jpg 300w, https:\/\/webvasco.com\/artigos\/wp-content\/uploads\/2018\/01\/IMG-20180124-WA0025-150x116.jpg 150w, https:\/\/webvasco.com\/artigos\/wp-content\/uploads\/2018\/01\/IMG-20180124-WA0025-768x593.jpg 768w, https:\/\/webvasco.com\/artigos\/wp-content\/uploads\/2018\/01\/IMG-20180124-WA0025-1024x791.jpg 1024w, https:\/\/webvasco.com\/artigos\/wp-content\/uploads\/2018\/01\/IMG-20180124-WA0025.jpg 1108w\" sizes=\"auto, (max-width: 300px) 100vw, 300px\" \/><\/a> <a href=\"https:\/\/webvasco.com\/artigos\/wp-content\/uploads\/2018\/01\/IMG_20180124_192000656.jpg\"><img loading=\"lazy\" decoding=\"async\" class=\"alignnone size-medium wp-image-8460\" src=\"https:\/\/webvasco.com\/artigos\/wp-content\/uploads\/2018\/01\/IMG_20180124_192000656-300x221.jpg\" alt=\"\" width=\"300\" height=\"221\" srcset=\"https:\/\/webvasco.com\/artigos\/wp-content\/uploads\/2018\/01\/IMG_20180124_192000656-300x221.jpg 300w, https:\/\/webvasco.com\/artigos\/wp-content\/uploads\/2018\/01\/IMG_20180124_192000656-150x110.jpg 150w, https:\/\/webvasco.com\/artigos\/wp-content\/uploads\/2018\/01\/IMG_20180124_192000656-768x565.jpg 768w, https:\/\/webvasco.com\/artigos\/wp-content\/uploads\/2018\/01\/IMG_20180124_192000656-1024x754.jpg 1024w\" sizes=\"auto, (max-width: 300px) 100vw, 300px\" \/><\/a> <a href=\"https:\/\/webvasco.com\/artigos\/wp-content\/uploads\/2018\/01\/IMG_20180124_192253060.jpg\"><img loading=\"lazy\" decoding=\"async\" class=\"alignnone size-medium wp-image-8459\" src=\"https:\/\/webvasco.com\/artigos\/wp-content\/uploads\/2018\/01\/IMG_20180124_192253060-300x238.jpg\" alt=\"\" width=\"300\" height=\"238\" srcset=\"https:\/\/webvasco.com\/artigos\/wp-content\/uploads\/2018\/01\/IMG_20180124_192253060-300x238.jpg 300w, https:\/\/webvasco.com\/artigos\/wp-content\/uploads\/2018\/01\/IMG_20180124_192253060-150x119.jpg 150w, https:\/\/webvasco.com\/artigos\/wp-content\/uploads\/2018\/01\/IMG_20180124_192253060-768x610.jpg 768w, https:\/\/webvasco.com\/artigos\/wp-content\/uploads\/2018\/01\/IMG_20180124_192253060-1024x814.jpg 1024w\" sizes=\"auto, (max-width: 300px) 100vw, 300px\" \/><\/a> <a href=\"https:\/\/webvasco.com\/artigos\/wp-content\/uploads\/2018\/01\/IMG_20180124_192757533.jpg\"><img loading=\"lazy\" decoding=\"async\" class=\"alignnone size-medium wp-image-8458\" src=\"https:\/\/webvasco.com\/artigos\/wp-content\/uploads\/2018\/01\/IMG_20180124_192757533-235x300.jpg\" alt=\"\" width=\"235\" height=\"300\" srcset=\"https:\/\/webvasco.com\/artigos\/wp-content\/uploads\/2018\/01\/IMG_20180124_192757533-235x300.jpg 235w, https:\/\/webvasco.com\/artigos\/wp-content\/uploads\/2018\/01\/IMG_20180124_192757533-118x150.jpg 118w, https:\/\/webvasco.com\/artigos\/wp-content\/uploads\/2018\/01\/IMG_20180124_192757533-768x980.jpg 768w, https:\/\/webvasco.com\/artigos\/wp-content\/uploads\/2018\/01\/IMG_20180124_192757533-803x1024.jpg 803w, https:\/\/webvasco.com\/artigos\/wp-content\/uploads\/2018\/01\/IMG_20180124_192757533.jpg 2000w\" sizes=\"auto, (max-width: 235px) 100vw, 235px\" \/><\/a> <a href=\"https:\/\/webvasco.com\/artigos\/wp-content\/uploads\/2018\/01\/IMG_20180124_191943417.jpg\"><img loading=\"lazy\" decoding=\"async\" class=\"alignnone size-medium wp-image-8457\" src=\"https:\/\/webvasco.com\/artigos\/wp-content\/uploads\/2018\/01\/IMG_20180124_191943417-172x300.jpg\" alt=\"\" width=\"172\" height=\"300\" srcset=\"https:\/\/webvasco.com\/artigos\/wp-content\/uploads\/2018\/01\/IMG_20180124_191943417-172x300.jpg 172w, https:\/\/webvasco.com\/artigos\/wp-content\/uploads\/2018\/01\/IMG_20180124_191943417-86x150.jpg 86w, https:\/\/webvasco.com\/artigos\/wp-content\/uploads\/2018\/01\/IMG_20180124_191943417-768x1340.jpg 768w, https:\/\/webvasco.com\/artigos\/wp-content\/uploads\/2018\/01\/IMG_20180124_191943417-587x1024.jpg 587w\" sizes=\"auto, (max-width: 172px) 100vw, 172px\" \/><\/a> <a href=\"https:\/\/webvasco.com\/artigos\/wp-content\/uploads\/2018\/01\/IMG_20180124_192036170.jpg\"><img loading=\"lazy\" decoding=\"async\" class=\"alignnone size-medium wp-image-8456\" src=\"https:\/\/webvasco.com\/artigos\/wp-content\/uploads\/2018\/01\/IMG_20180124_192036170-300x208.jpg\" alt=\"\" width=\"300\" height=\"208\" srcset=\"https:\/\/webvasco.com\/artigos\/wp-content\/uploads\/2018\/01\/IMG_20180124_192036170-300x208.jpg 300w, https:\/\/webvasco.com\/artigos\/wp-content\/uploads\/2018\/01\/IMG_20180124_192036170-150x104.jpg 150w, https:\/\/webvasco.com\/artigos\/wp-content\/uploads\/2018\/01\/IMG_20180124_192036170-768x533.jpg 768w, https:\/\/webvasco.com\/artigos\/wp-content\/uploads\/2018\/01\/IMG_20180124_192036170-1024x710.jpg 1024w\" sizes=\"auto, (max-width: 300px) 100vw, 300px\" \/><\/a><\/p>\n","protected":false},"excerpt":{"rendered":"<p>Nascido no interior de S\u00e3o Paulo, Vin\u00edcius Bonotto Conrado, de 51 anos, abandonou o 9\u00ba&#8230;<\/p>\n","protected":false},"author":7,"featured_media":8456,"comment_status":"open","ping_status":"closed","sticky":false,"template":"","format":"standard","meta":{"footnotes":""},"categories":[4],"tags":[],"class_list":["post-8455","post","type-post","status-publish","format-standard","has-post-thumbnail","hentry","category-luizcarlosrocha"],"_links":{"self":[{"href":"https:\/\/webvasco.com\/artigos\/wp-json\/wp\/v2\/posts\/8455","targetHints":{"allow":["GET"]}}],"collection":[{"href":"https:\/\/webvasco.com\/artigos\/wp-json\/wp\/v2\/posts"}],"about":[{"href":"https:\/\/webvasco.com\/artigos\/wp-json\/wp\/v2\/types\/post"}],"author":[{"embeddable":true,"href":"https:\/\/webvasco.com\/artigos\/wp-json\/wp\/v2\/users\/7"}],"replies":[{"embeddable":true,"href":"https:\/\/webvasco.com\/artigos\/wp-json\/wp\/v2\/comments?post=8455"}],"version-history":[{"count":4,"href":"https:\/\/webvasco.com\/artigos\/wp-json\/wp\/v2\/posts\/8455\/revisions"}],"predecessor-version":[{"id":8467,"href":"https:\/\/webvasco.com\/artigos\/wp-json\/wp\/v2\/posts\/8455\/revisions\/8467"}],"wp:featuredmedia":[{"embeddable":true,"href":"https:\/\/webvasco.com\/artigos\/wp-json\/wp\/v2\/media\/8456"}],"wp:attachment":[{"href":"https:\/\/webvasco.com\/artigos\/wp-json\/wp\/v2\/media?parent=8455"}],"wp:term":[{"taxonomy":"category","embeddable":true,"href":"https:\/\/webvasco.com\/artigos\/wp-json\/wp\/v2\/categories?post=8455"},{"taxonomy":"post_tag","embeddable":true,"href":"https:\/\/webvasco.com\/artigos\/wp-json\/wp\/v2\/tags?post=8455"}],"curies":[{"name":"wp","href":"https:\/\/api.w.org\/{rel}","templated":true}]}}