{"id":8468,"date":"2018-02-01T16:24:25","date_gmt":"2018-02-01T19:24:25","guid":{"rendered":"http:\/\/webvasco.com\/artigos\/colunistas\/luizcarlosrocha\/styletext-align-stylefont-size-22pt-line-height-107-font-family-arial-sans-serifbotou-de-quatro-e-creu\/"},"modified":"2018-02-01T16:33:56","modified_gmt":"2018-02-01T19:33:56","slug":"styletext-align-stylefont-size-22pt-line-height-107-font-family-arial-sans-serifbotou-de-quatro-e-creu","status":"publish","type":"post","link":"https:\/\/webvasco.com\/artigos\/colunistas\/luizcarlosrocha\/styletext-align-stylefont-size-22pt-line-height-107-font-family-arial-sans-serifbotou-de-quatro-e-creu\/","title":{"rendered":"BOTOU DE QUATRO E CREU!"},"content":{"rendered":"<p>A m\u00eddia negativa, a imprensa marrom, hostilizou o Vasco da Gama afirmando que o mesmo garantiu uma vaga na Copa Libertadores da Am\u00e9rica por sorte, e que faria vergonha nela. Assim como afirmaram com todas as letras que seria rebaixado no Campeonato Brasileiro de 2017, na qual garantiu a participa\u00e7\u00e3o na competi\u00e7\u00e3o intercontinental. Pois \u00e9. O futebol tem dessas coisas. O troco para jornalistas insensatos veio r\u00e1pido. O Cruzmaltino venceu por 4 a 0 (dois gols de Evander, Yago Pikachu e Rildo) o Universidad de Concepci\u00f3n, em pleno Chile, e praticamente garantiu a presen\u00e7a na pr\u00f3xima fase da Liberta!<\/p>\n<p>Na pr\u00f3xima quarta-feira, dia 07 de fevereiro, \u00e0s 21h45m, em S\u00e3o Janu\u00e1rio &#8211; diante do resultado de ontem &#8211; poder\u00e1 perder por at\u00e9 tr\u00eas gols de diferen\u00e7a. Mas certamente os meninos do treinador Z\u00e9 Ricardo n\u00e3o deixar\u00e3o isso acontecer, pelo contr\u00e1rio, em casa far\u00e3o de tudo para ser uma grande festa. Por\u00e9m, \u00e9 pensar no compromisso de domingo, pelo Campeonato Carioca, tamb\u00e9m na Colina Hist\u00f3rica, \u00e0s 17h, contra o Volta Redonda.<\/p>\n<p>Voltando a partida no Chile, o Gigante atuou com muita personalidade. Evander operando em uma posi\u00e7\u00e3o confort\u00e1vel dentro de campo foi muito \u00fatil. O garoto Paulinho tamb\u00e9m se destacou por seus dribles m\u00e1gicos e maturidade impec\u00e1vel. Wagner mostrou seguran\u00e7a, e Rildo que entrou em seu lugar t\u00e9cnica e oportunismo. Riascos mesmo sem a pegada futebol\u00edstica ideal foi infinitamente melhor do que o Andr\u00e9s Rios, que n\u00e3o deveria ser nem suplente. Martin Silva pouco exigido, por\u00e9m r\u00edgido quando foi necess\u00e1rio.<\/p>\n<p>O creu n\u00e3o foi no Universidad, e sim naqueles que n\u00e3o acreditaram no Vasc\u00e3o. Ou melhor, nas pessoas que desdenharam de um Gigante Centen\u00e1rio. Tem gente que mal entende do seu pr\u00f3prio time, e sai afirmando inverdade da equipe alheia. \u00c9 preciso estudar, para entender o futebol! A verdade \u00e9 que foi um gol para cada advers\u00e1rio: um para o Exclu\u00eddo, um para a Flor da S\u00e9rie C, um para a TV que n\u00e3o deve ser nomeada e um para a CBF. O alvinegro n\u00e3o \u00e9 advers\u00e1rio, \u00e9 um irm\u00e3o menor que temos muito carinho. Aquele que se espelha no primog\u00eanito para um dia ser Gigante!<\/p>\n<p><strong>VERGONHA (MAIS DE 4 ANOS!):<\/strong><\/p>\n<p>DEPOIS DE AGUARDAR <strong> 54 MESES, OU SEJA, 4 ANOS E 7 MESES! (CARRO DESDE 10 DE JUNHO DE 2013)<\/strong> COM O CARRO PRESO NA OFICINA DA ABOLI\u00c7\u00c3O VE\u00cdCULOS COM APENAS 729 KM RODADOS, EM UM PROCESSO COM 8 VOLUMES, NA 1\u00aa VARA CIVEL, DA COMARCA DE NITER\u00d3I\/RJ, REGIONAL OCE\u00c2NICA, A SENTEN\u00c7A FOI INDEFERIR TODOS OS MEUS PEDIDOS E AINDA CONDENAR EM 10% DE CUSTAS JUDICIAIS. OU SEJA, FIQUEI SEM CARRO ESSE TEMPO TODO (MESMO PAGANDO \u00c0 VISTA POR ELE), JUNTEI PROVAS COMO REGISTRO DE OCORR\u00caNCIA DA POL\u00cdCIA CIVIL\/RJ, BOLETIM DE OCORR\u00caNCIA DA POLICIA MILITAR\/RJ, ORDENS DE SERVI\u00c7O, MAIS DE 600 FOTOGRAFIAS, MAIS DE 40 \u00c1UDIOS, NOTAS FISCAIS, NOTAS DE T\u00c1XI, PRONTU\u00c1RIOS M\u00c9DICOS, POIS NESTE PER\u00cdODO TIVE PROBLEMAS DE SA\u00daDE, BEM COMO MEUS FAMILIARES, TENDO UMA FILHA QUE HOJE TEM APENAS 5 ANOS, NA \u00c9POCA POUCO MAIS DE 1 ANINHO. VALE LEMBRAR, QUE OS PRIMEIROS DEFEITOS SE DERAM QUANDO O CARRO TINHA MENOS DE 30 KM RODADOS. TUDO ISSO PARA NADA. QUEM GOSTOU DO RESULTADO DA DOUTA MAGRISTRADA FORAM AS EMPRESAS R\u00c9S \u2013 QUE ME LESARAM \u2013 ABOLI\u00c7\u00c3O VE\u00cdCULOS E VW DO BRASIL <strong>(PROCESSO: No 0016370-44.2013.8.19.0212).<\/strong><\/p>\n","protected":false},"excerpt":{"rendered":"<p>A m\u00eddia negativa, a imprensa marrom, hostilizou o Vasco da Gama afirmando que o mesmo&#8230;<\/p>\n","protected":false},"author":7,"featured_media":0,"comment_status":"open","ping_status":"closed","sticky":false,"template":"","format":"standard","meta":{"footnotes":""},"categories":[4],"tags":[],"class_list":["post-8468","post","type-post","status-publish","format-standard","hentry","category-luizcarlosrocha"],"_links":{"self":[{"href":"https:\/\/webvasco.com\/artigos\/wp-json\/wp\/v2\/posts\/8468","targetHints":{"allow":["GET"]}}],"collection":[{"href":"https:\/\/webvasco.com\/artigos\/wp-json\/wp\/v2\/posts"}],"about":[{"href":"https:\/\/webvasco.com\/artigos\/wp-json\/wp\/v2\/types\/post"}],"author":[{"embeddable":true,"href":"https:\/\/webvasco.com\/artigos\/wp-json\/wp\/v2\/users\/7"}],"replies":[{"embeddable":true,"href":"https:\/\/webvasco.com\/artigos\/wp-json\/wp\/v2\/comments?post=8468"}],"version-history":[{"count":1,"href":"https:\/\/webvasco.com\/artigos\/wp-json\/wp\/v2\/posts\/8468\/revisions"}],"predecessor-version":[{"id":8469,"href":"https:\/\/webvasco.com\/artigos\/wp-json\/wp\/v2\/posts\/8468\/revisions\/8469"}],"wp:attachment":[{"href":"https:\/\/webvasco.com\/artigos\/wp-json\/wp\/v2\/media?parent=8468"}],"wp:term":[{"taxonomy":"category","embeddable":true,"href":"https:\/\/webvasco.com\/artigos\/wp-json\/wp\/v2\/categories?post=8468"},{"taxonomy":"post_tag","embeddable":true,"href":"https:\/\/webvasco.com\/artigos\/wp-json\/wp\/v2\/tags?post=8468"}],"curies":[{"name":"wp","href":"https:\/\/api.w.org\/{rel}","templated":true}]}}