{"id":8471,"date":"2018-02-05T16:37:07","date_gmt":"2018-02-05T19:37:07","guid":{"rendered":"http:\/\/webvasco.com\/artigos\/colunistas\/luizcarlosrocha\/novo-vasco-velhas-praticas\/"},"modified":"2018-02-05T16:37:07","modified_gmt":"2018-02-05T19:37:07","slug":"novo-vasco-velhas-praticas","status":"publish","type":"post","link":"https:\/\/webvasco.com\/artigos\/colunistas\/luizcarlosrocha\/novo-vasco-velhas-praticas\/","title":{"rendered":"NOVO VASCO, VELHAS PR\u00c1TICAS!"},"content":{"rendered":"<p>De nada adiantou o Vasco da Gama vencer, ontem, em S\u00e3o Janu\u00e1rio o fraco Volta Redonda, por 3 a 1, com gols de Thiago Galhardo, aos 20 segundos de jogo, Bruno Costa (contra) e Bruno Cosendey (um gola\u00e7o que o Tadeu Schmidt n\u00e3o mencionou ser um belo feito, preferindo enaltecer outros menos expressivos), se a classifica\u00e7\u00e3o para as Semifinais do Campeonato Carioca n\u00e3o vingou.<\/p>\n<p>Bastava ter ficado em segundo lugar no Grupo B, composto de Bangu, Cabofriense, Povo do Gueto, Nova Igua\u00e7u, Volta Redonda e o pr\u00f3prio Cruzmaltino. Logo, n\u00e3o conseguir a segunda posi\u00e7\u00e3o em um pequeno ajuntamento de equipes consideradas pequenas \u00e9 o fim dos tempos! Levar de 2 a 0 para o Time do \u201cCastor\u201d, em casa na abertura da competi\u00e7\u00e3o deu para perceber o que nos reserva o plantel vasca\u00edno.<\/p>\n<p>Depois, foi a vez da Cabofriense \u201ctirar onda\u201d conosco, 2 a 1, em Bacax\u00e1. Foram seis pontos que fizeram a diferen\u00e7a. Certamente o presidente Alexandre Apelo, digo Campello ir\u00e1 \u201cconfortar\u201d a Imensa Torcida t\u00e3o pac\u00edfica, digo, Feliz alegando que o time atualmente disputa a pr\u00e9 Libertadores, com muitas chances de passar de fase. Ora, contra uma equipe universit\u00e1ria de \u201ccabe\u00e7as de bagre\u201d? Fa\u00e7a-me rir!<\/p>\n<p>Quero ver quando \u201ccome\u00e7ar de verdade\u201d a Copa Libertadores, com stafe forte. Um elenco que tem o goleiro titular mediano, n\u00e3o tem laterais, pois Judas (Ramon) que \u00e9 o melhorzinho vive no Departamento M\u00e9dico (local aonde o presidente deveria estar). O miolo de zaga \u00e9 uma avenida. No meio algumas pe\u00e7as salvam-se. O ataque \u00e9 de nervos! O treinador um aprendiz gente boa que serve para pelejas regionais, s\u00f3 isso.<\/p>\n<p>Quarta-feira, dia 07 de fevereiro, \u00e0s 21h45m, o Vasco da Gama iludir\u00e1 mais uma vez o torcedor, dever\u00e1 ganhar ou empatar com o Universidad de Concepci\u00f3n e assim passar de fase. Enquanto isso a Caixa Preta (que \u00e9 o bendito HD) que dever\u00e1 ser aberto e a mudan\u00e7a no Estatuto para que possamos ter elei\u00e7\u00f5es diretas em 2020 nada se fala, pelo contr\u00e1rio \u00e9 sumariamente abafado! Uma l\u00e1stima! Pobre Vasco, definhando aos poucos!<\/p>\n<p><strong>VERGONHA (MAIS DE 4 ANOS!):<\/strong><\/p>\n<p>DEPOIS DE AGUARDAR <strong> 54 MESES, OU SEJA, 4 ANOS E 7 MESES! (CARRO DESDE 10 DE JUNHO DE 2013)<\/strong> COM O CARRO PRESO NA OFICINA DA ABOLI\u00c7\u00c3O VE\u00cdCULOS COM APENAS 729 KM RODADOS, EM UM PROCESSO COM 8 VOLUMES, NA 1\u00aa VARA CIVEL, DA COMARCA DE NITER\u00d3I\/RJ, REGIONAL OCE\u00c2NICA, A SENTEN\u00c7A FOI INDEFERIR TODOS OS MEUS PEDIDOS E AINDA CONDENAR EM 10% DE CUSTAS JUDICIAIS. OU SEJA, FIQUEI SEM CARRO ESSE TEMPO TODO (MESMO PAGANDO \u00c0 VISTA POR ELE), JUNTEI PROVAS COMO REGISTRO DE OCORR\u00caNCIA DA POL\u00cdCIA CIVIL\/RJ, BOLETIM DE OCORR\u00caNCIA DA POLICIA MILITAR\/RJ, ORDENS DE SERVI\u00c7O, MAIS DE 600 FOTOGRAFIAS, MAIS DE 40 \u00c1UDIOS, NOTAS FISCAIS, NOTAS DE T\u00c1XI, PRONTU\u00c1RIOS M\u00c9DICOS, POIS NESTE PER\u00cdODO TIVE PROBLEMAS DE SA\u00daDE, BEM COMO MEUS FAMILIARES, TENDO UMA FILHA QUE HOJE TEM APENAS 5 ANOS, NA \u00c9POCA POUCO MAIS DE 1 ANINHO. VALE LEMBRAR, QUE OS PRIMEIROS DEFEITOS SE DERAM QUANDO O CARRO TINHA MENOS DE 30 KM RODADOS. TUDO ISSO PARA NADA. QUEM GOSTOU DO RESULTADO DA DOUTA MAGRISTRADA FORAM AS EMPRESAS R\u00c9S \u2013 QUE ME LESARAM \u2013 ABOLI\u00c7\u00c3O VE\u00cdCULOS E VW DO BRASIL <strong>(PROCESSO: No 0016370-44.2013.8.19.0212).<\/strong><\/p>\n<p><strong>AP\u00d3S AS TODAS AS PARTIDAS DO VASC\u00c3O EM MEU PERFIL DO FACEBOOK (QUEM QUISER RECEBER AS CR\u00d4NICAS DE PRIMEIRA M\u00c3O \u00c9 S\u00d3 ME ADICIONAR), E NO SITE WEBVASCO (www.webvasco.com), TEM A OPINI\u00c3O DO JORNALISTA LUIZ CARLOS ROCHA. LEIAM! COMPARTILHEM E CURTAM! VASCA\u00cdNOS UNIDOS JAMAIS SER\u00c3O VENCIDOS.<\/strong><\/p>\n","protected":false},"excerpt":{"rendered":"<p>De nada adiantou o Vasco da Gama vencer, ontem, em S\u00e3o Janu\u00e1rio o fraco Volta&#8230;<\/p>\n","protected":false},"author":7,"featured_media":0,"comment_status":"open","ping_status":"closed","sticky":false,"template":"","format":"standard","meta":{"footnotes":""},"categories":[4],"tags":[],"class_list":["post-8471","post","type-post","status-publish","format-standard","hentry","category-luizcarlosrocha"],"_links":{"self":[{"href":"https:\/\/webvasco.com\/artigos\/wp-json\/wp\/v2\/posts\/8471","targetHints":{"allow":["GET"]}}],"collection":[{"href":"https:\/\/webvasco.com\/artigos\/wp-json\/wp\/v2\/posts"}],"about":[{"href":"https:\/\/webvasco.com\/artigos\/wp-json\/wp\/v2\/types\/post"}],"author":[{"embeddable":true,"href":"https:\/\/webvasco.com\/artigos\/wp-json\/wp\/v2\/users\/7"}],"replies":[{"embeddable":true,"href":"https:\/\/webvasco.com\/artigos\/wp-json\/wp\/v2\/comments?post=8471"}],"version-history":[{"count":0,"href":"https:\/\/webvasco.com\/artigos\/wp-json\/wp\/v2\/posts\/8471\/revisions"}],"wp:attachment":[{"href":"https:\/\/webvasco.com\/artigos\/wp-json\/wp\/v2\/media?parent=8471"}],"wp:term":[{"taxonomy":"category","embeddable":true,"href":"https:\/\/webvasco.com\/artigos\/wp-json\/wp\/v2\/categories?post=8471"},{"taxonomy":"post_tag","embeddable":true,"href":"https:\/\/webvasco.com\/artigos\/wp-json\/wp\/v2\/tags?post=8471"}],"curies":[{"name":"wp","href":"https:\/\/api.w.org\/{rel}","templated":true}]}}