{"id":8472,"date":"2018-02-08T21:53:24","date_gmt":"2018-02-09T00:53:24","guid":{"rendered":"http:\/\/webvasco.com\/artigos\/colunistas\/luizcarlosrocha\/6-a-0\/"},"modified":"2018-02-08T21:53:24","modified_gmt":"2018-02-09T00:53:24","slug":"6-a-0","status":"publish","type":"post","link":"https:\/\/webvasco.com\/artigos\/colunistas\/luizcarlosrocha\/6-a-0\/","title":{"rendered":"6 a 0!"},"content":{"rendered":"<p>Deu a l\u00f3gica. Depois de vencer o Universidad de Concepci\u00f3n, no Chile, por 4 a 0, ontem, em S\u00e3o Janu\u00e1rio, pelo jogo de volta, foi 2 a 0. Com gols de Paulinho e Yago Pikachu, ainda na etapa vestibular, o Vasco da Gama garantiu a vaga na Terceira Fase da Copa Libertadores da Am\u00e9rica.<\/p>\n<p>Agora o Gigante da Colina aguarda o resultado que envolve a partida entre os bolivianos: Jorge Wilstermann e Oriente Petrolero, para saber qual ser\u00e1 o advers\u00e1rio. A defini\u00e7\u00e3o do local das pelejas (ida e volta) depender\u00e1 destas equipes. A data j\u00e1 \u00e9 certa como os dias 14 e 21 deste m\u00eas.<\/p>\n<p>Mas o treinador Z\u00e9 Ricardo ter\u00e1 muitos problemas para resolver. O indisciplinado Erazo, que gratuitamente, e em lance fora da bola que acertou o zagueiro Pacheco precisa de uma severa corre\u00e7\u00e3o. Afinal, o estilo bad boy n\u00e3o cabe mais no futebol moderno.<\/p>\n<p>Essa zaga do Vasco \u00e9 realmente uma avenida. O miolo \u00e9 terr\u00edvel. Os laterais s\u00e3o p\u00edfios. O que salva um pouco \u00e9 o goleiro Mart\u00edn Silva. Porque Judas (Ramon) n\u00e3o volta? Tem de parar de mimimi e justificar o alto sal\u00e1rio, em vez de \u201cenrolar\u201d no Departamento M\u00e9dico. No meio Evander, Wagner e Paulinho s\u00e3o bons.<\/p>\n<p>Se o Rio (de Janeiro) est\u00e1 cada dia mais desacreditado, por ser um Estado falido, como vou botar f\u00e9 em Rios? Atualmente o Rio \u00e9 insuport\u00e1vel, que dir\u00e1 Rios! A situa\u00e7\u00e3o do Rio \u00e9 ca\u00f3tica. J\u00e1 do Rios \u00e9 irrevers\u00edvel. Este atleta n\u00e3o pode ser reserva, que dir\u00e1 titular. A melhor solu\u00e7\u00e3o seria jogar ele na correnteza e deixar seguir Rio abaixo!<\/p>\n<p><strong>PAULINHO:<\/strong> A noite foi especial para Paulinho. Al\u00e9m do Vasco passar de fase na Libertadores, o menino de apenas 17 anos bateu um recorde. \u00c9 o atleta mais jovem da hist\u00f3ria do Cruzmaltino que fez gol na competi\u00e7\u00e3o intercontinental. A marca era do amigo de plantel Evander, que tamb\u00e9m \u00e9 meia, por\u00e9m com 19 anos.<\/p>\n<p><strong>VERGONHA (MAIS DE 4 ANOS!):<\/strong><\/p>\n<p>DEPOIS DE AGUARDAR <strong> 54 MESES, OU SEJA, 4 ANOS E 7 MESES! (CARRO DESDE 10 DE JUNHO DE 2013)<\/strong> COM O CARRO PRESO NA OFICINA DA ABOLI\u00c7\u00c3O VE\u00cdCULOS COM APENAS 729 KM RODADOS, EM UM PROCESSO COM 8 VOLUMES, NA 1\u00aa VARA CIVEL, DA COMARCA DE NITER\u00d3I\/RJ, REGIONAL OCE\u00c2NICA, A SENTEN\u00c7A FOI INDEFERIR TODOS OS MEUS PEDIDOS E AINDA CONDENAR EM 10% DE CUSTAS JUDICIAIS. OU SEJA, FIQUEI SEM CARRO ESSE TEMPO TODO (MESMO PAGANDO \u00c0 VISTA POR ELE), JUNTEI PROVAS COMO REGISTRO DE OCORR\u00caNCIA DA POL\u00cdCIA CIVIL\/RJ, BOLETIM DE OCORR\u00caNCIA DA POLICIA MILITAR\/RJ, ORDENS DE SERVI\u00c7O, MAIS DE 600 FOTOGRAFIAS, MAIS DE 40 \u00c1UDIOS, NOTAS FISCAIS, NOTAS DE T\u00c1XI, PRONTU\u00c1RIOS M\u00c9DICOS, POIS NESTE PER\u00cdODO TIVE PROBLEMAS DE SA\u00daDE, BEM COMO MEUS FAMILIARES, TENDO UMA FILHA QUE HOJE TEM APENAS 5 ANOS, NA \u00c9POCA POUCO MAIS DE 1 ANINHO. VALE LEMBRAR, QUE OS PRIMEIROS DEFEITOS SE DERAM QUANDO O CARRO TINHA MENOS DE 30 KM RODADOS. TUDO ISSO PARA NADA. QUEM GOSTOU DO RESULTADO DA DOUTA MAGRISTRADA FORAM AS EMPRESAS R\u00c9S \u2013 QUE ME LESARAM \u2013 ABOLI\u00c7\u00c3O VE\u00cdCULOS E VW DO BRASIL <strong>(PROCESSO: No 0016370-44.2013.8.19.0212).<\/strong><\/p>\n<p><strong>AP\u00d3S AS TODAS AS PARTIDAS DO VASC\u00c3O EM MEU PERFIL DO FACEBOOK (QUEM QUISER RECEBER AS CR\u00d4NICAS DE PRIMEIRA M\u00c3O \u00c9 S\u00d3 ME ADICIONAR), E NO SITE WEBVASCO (www.webvasco.com), TEM A OPINI\u00c3O DO JORNALISTA LUIZ CARLOS ROCHA. LEIAM! COMPARTILHEM E CURTAM! VASCA\u00cdNOS UNIDOS JAMAIS SER\u00c3O VENCIDOS.<\/strong><\/p>\n","protected":false},"excerpt":{"rendered":"<p>Deu a l\u00f3gica. Depois de vencer o Universidad de Concepci\u00f3n, no Chile, por 4 a&#8230;<\/p>\n","protected":false},"author":7,"featured_media":0,"comment_status":"open","ping_status":"closed","sticky":false,"template":"","format":"standard","meta":{"footnotes":""},"categories":[4],"tags":[],"class_list":["post-8472","post","type-post","status-publish","format-standard","hentry","category-luizcarlosrocha"],"_links":{"self":[{"href":"https:\/\/webvasco.com\/artigos\/wp-json\/wp\/v2\/posts\/8472","targetHints":{"allow":["GET"]}}],"collection":[{"href":"https:\/\/webvasco.com\/artigos\/wp-json\/wp\/v2\/posts"}],"about":[{"href":"https:\/\/webvasco.com\/artigos\/wp-json\/wp\/v2\/types\/post"}],"author":[{"embeddable":true,"href":"https:\/\/webvasco.com\/artigos\/wp-json\/wp\/v2\/users\/7"}],"replies":[{"embeddable":true,"href":"https:\/\/webvasco.com\/artigos\/wp-json\/wp\/v2\/comments?post=8472"}],"version-history":[{"count":0,"href":"https:\/\/webvasco.com\/artigos\/wp-json\/wp\/v2\/posts\/8472\/revisions"}],"wp:attachment":[{"href":"https:\/\/webvasco.com\/artigos\/wp-json\/wp\/v2\/media?parent=8472"}],"wp:term":[{"taxonomy":"category","embeddable":true,"href":"https:\/\/webvasco.com\/artigos\/wp-json\/wp\/v2\/categories?post=8472"},{"taxonomy":"post_tag","embeddable":true,"href":"https:\/\/webvasco.com\/artigos\/wp-json\/wp\/v2\/tags?post=8472"}],"curies":[{"name":"wp","href":"https:\/\/api.w.org\/{rel}","templated":true}]}}