{"id":8474,"date":"2018-02-15T16:55:59","date_gmt":"2018-02-15T19:55:59","guid":{"rendered":"http:\/\/webvasco.com\/artigos\/colunistas\/luizcarlosrocha\/styletext-align-stylefont-size22-0ptline-height107font-familyarialsans-serifbeijinho-beijinho-e-pau-pau\/"},"modified":"2018-02-15T17:05:23","modified_gmt":"2018-02-15T20:05:23","slug":"styletext-align-stylefont-size22-0ptline-height107font-familyarialsans-serifbeijinho-beijinho-e-pau-pau","status":"publish","type":"post","link":"https:\/\/webvasco.com\/artigos\/colunistas\/luizcarlosrocha\/styletext-align-stylefont-size22-0ptline-height107font-familyarialsans-serifbeijinho-beijinho-e-pau-pau\/","title":{"rendered":"BEIJINHO, BEIJINHO E PAU, PAU!"},"content":{"rendered":"<p>A noite foi realmente da letra P. Com gols de Paul\u00e3o, Paulinho, Pikachu e Rildo (este foi intruso no bom sentido, Rildo, digo, risos) o Vasco da Gama goleou ontem, o Jorge Wilstermann, por 4 a 0, em S\u00e3o Janu\u00e1rio, ficando em uma posi\u00e7\u00e3o muito confort\u00e1vel para o confronto de volta, dia 21, quarta-feira que vem, na Bol\u00edvia, podendo perder por at\u00e9 tr\u00eas gols de diferen\u00e7a, na Copa Libertadores, para entrar na fase de Grupos.<\/p>\n<p>Quem disse que figurinha repetida n\u00e3o completa \u00e1lbum? Ledo engano. Muitas vezes n\u00e3o s\u00f3 conclui, como tamb\u00e9m faz-se um reserva. Contra o Universidad de Concepci\u00f3n, no Chile, a primeira partida foi exatamente por 4 a 0, e na volta 2 a 0. Quem sabe na altitude de 2.800 metros de Sucre (Bol\u00edvia) n\u00e3o repetimos o 2 a 0? O fato \u00e9 que a Imprensa Marrom deve estar muito arrependida de julgar que o Mach\u00e3o da Gama iria retornar a S\u00e9rie B, em 2018, ao t\u00e9rmino do Brasileir\u00e3o passado.<\/p>\n<p>Ainda no contexto da noite do P, PQP hein jornalistas de meia pataca? O que falar de ontem?<\/p>\n<p>O Cruzmaltino atuou de forma impec\u00e1vel. O treinador Z\u00e9 Ricardo est\u00e1 conseguindo fazer um bom trabalho diante de um plantel limitado. Ele consegue mesclar for\u00e7a de vontade daqueles que tem talento moderado, e sugar o que h\u00e1 de melhor dos verdadeiros craques. A filosofia do Z\u00e9 \u00e9 a simplicidade. Tem apresentado resultados satisfat\u00f3rios.<\/p>\n<p>Blindado, o time do Z\u00e9 \u00e9 praticamente um orgasmo. \u00c9 Pau l\u00e1 atr\u00e1s (Paul\u00e3o) o tempo todo. Nas recentes partidas Pika tem colocado as bolas para dentro (Pikachu). Na frente n\u00e3o \u00e9 diferente, \u00e9 Pau novamente (Paulinho). Isso tudo, porque aqui no Rio (Andr\u00e9s Rios), em terra de malandro, deu mole para o Ricard\u00e3o (Ricardo), vai ficar Galhudo (digo, Galhardo)! N\u00e3o riu do trocadilho? Mas o Vasco Ril do (Rildo) advers\u00e1rio!<\/p>\n<p>Para a Imensa Torcida Bem Feliz: beijinho, beijinho. Para os secadores que n\u00e3o acreditaram e falaram asneiras: pau, pau!<\/p>\n<p><strong>VERGONHA (MAIS DE 4 ANOS!):<\/strong><\/p>\n<p>DEPOIS DE AGUARDAR <strong> 55 MESES, OU SEJA, 4 ANOS E 8 MESES! (CARRO DESDE 10 DE JUNHO DE 2013)<\/strong> COM O CARRO PRESO NA OFICINA DA ABOLI\u00c7\u00c3O VE\u00cdCULOS COM APENAS 729 KM RODADOS, EM UM PROCESSO COM 8 VOLUMES, NA 1\u00aa VARA CIVEL, DA COMARCA DE NITER\u00d3I\/RJ, REGIONAL OCE\u00c2NICA, A SENTEN\u00c7A FOI INDEFERIR TODOS OS MEUS PEDIDOS E AINDA CONDENAR EM 10% DE CUSTAS JUDICIAIS. OU SEJA, FIQUEI SEM CARRO ESSE TEMPO TODO (MESMO PAGANDO \u00c0 VISTA POR ELE), JUNTEI PROVAS COMO REGISTRO DE OCORR\u00caNCIA DA POL\u00cdCIA CIVIL\/RJ, BOLETIM DE OCORR\u00caNCIA DA POLICIA MILITAR\/RJ, ORDENS DE SERVI\u00c7O, MAIS DE 600 FOTOGRAFIAS, MAIS DE 40 \u00c1UDIOS, NOTAS FISCAIS, NOTAS DE T\u00c1XI, PRONTU\u00c1RIOS M\u00c9DICOS, POIS NESTE PER\u00cdODO TIVE PROBLEMAS DE SA\u00daDE, BEM COMO MEUS FAMILIARES, TENDO UMA FILHA QUE HOJE TEM APENAS 5 ANOS, NA \u00c9POCA POUCO MAIS DE 1 ANINHO. VALE LEMBRAR, QUE OS PRIMEIROS DEFEITOS SE DERAM QUANDO O CARRO TINHA MENOS DE 30 KM RODADOS. TUDO ISSO PARA NADA. QUEM GOSTOU DO RESULTADO DA DOUTA MAGRISTRADA FORAM AS EMPRESAS R\u00c9S \u2013 QUE ME LESARAM \u2013 ABOLI\u00c7\u00c3O VE\u00cdCULOS E VW DO BRASIL <strong>(PROCESSO: No 0016370-44.2013.8.19.0212).<\/strong><\/p>\n<p><strong>AP\u00d3S AS TODAS AS PARTIDAS DO VASC\u00c3O EM MEU PERFIL DO FACEBOOK (QUEM QUISER RECEBER AS CR\u00d4NICAS DE PRIMEIRA M\u00c3O \u00c9 S\u00d3 ME ADICIONAR), E NO SITE WEBVASCO (www.webvasco.com), TEM A OPINI\u00c3O DO JORNALISTA LUIZ CARLOS ROCHA. LEIAM! COMPARTILHEM E CURTAM! VASCA\u00cdNOS UNIDOS JAMAIS SER\u00c3O VENCIDOS.<\/strong><\/p>\n<p>&nbsp;<\/p>\n","protected":false},"excerpt":{"rendered":"<p>A noite foi realmente da letra P. Com gols de Paul\u00e3o, Paulinho, Pikachu e Rildo&#8230;<\/p>\n","protected":false},"author":7,"featured_media":0,"comment_status":"open","ping_status":"closed","sticky":false,"template":"","format":"standard","meta":{"footnotes":""},"categories":[4],"tags":[],"class_list":["post-8474","post","type-post","status-publish","format-standard","hentry","category-luizcarlosrocha"],"_links":{"self":[{"href":"https:\/\/webvasco.com\/artigos\/wp-json\/wp\/v2\/posts\/8474","targetHints":{"allow":["GET"]}}],"collection":[{"href":"https:\/\/webvasco.com\/artigos\/wp-json\/wp\/v2\/posts"}],"about":[{"href":"https:\/\/webvasco.com\/artigos\/wp-json\/wp\/v2\/types\/post"}],"author":[{"embeddable":true,"href":"https:\/\/webvasco.com\/artigos\/wp-json\/wp\/v2\/users\/7"}],"replies":[{"embeddable":true,"href":"https:\/\/webvasco.com\/artigos\/wp-json\/wp\/v2\/comments?post=8474"}],"version-history":[{"count":1,"href":"https:\/\/webvasco.com\/artigos\/wp-json\/wp\/v2\/posts\/8474\/revisions"}],"predecessor-version":[{"id":8475,"href":"https:\/\/webvasco.com\/artigos\/wp-json\/wp\/v2\/posts\/8474\/revisions\/8475"}],"wp:attachment":[{"href":"https:\/\/webvasco.com\/artigos\/wp-json\/wp\/v2\/media?parent=8474"}],"wp:term":[{"taxonomy":"category","embeddable":true,"href":"https:\/\/webvasco.com\/artigos\/wp-json\/wp\/v2\/categories?post=8474"},{"taxonomy":"post_tag","embeddable":true,"href":"https:\/\/webvasco.com\/artigos\/wp-json\/wp\/v2\/tags?post=8474"}],"curies":[{"name":"wp","href":"https:\/\/api.w.org\/{rel}","templated":true}]}}