{"id":8476,"date":"2018-02-22T23:08:51","date_gmt":"2018-02-23T02:08:51","guid":{"rendered":"http:\/\/webvasco.com\/artigos\/colunistas\/luizcarlosrocha\/stylefont-family-arial-sans-serif-font-size-16pt-text-align-centerso-martin-salva\/"},"modified":"2018-02-23T07:33:22","modified_gmt":"2018-02-23T10:33:22","slug":"stylefont-family-arial-sans-serif-font-size-16pt-text-align-centerso-martin-salva","status":"publish","type":"post","link":"https:\/\/webvasco.com\/artigos\/colunistas\/luizcarlosrocha\/stylefont-family-arial-sans-serif-font-size-16pt-text-align-centerso-martin-salva\/","title":{"rendered":"S\u00d3 MART\u00cdN SALVA!"},"content":{"rendered":"<p>Baseado no Vers\u00edculo B\u00edblico Jo\u00e3o 14:6, que diz ser Jesus o caminho, a verdade e a vida, na qual ningu\u00e9m chega ao Pai sen\u00e3o por ele, um slogan popular sempre circulou entre os devotos: S\u00f3 Jesus Salva! Outro termo religioso \u00e9: Santo de casa n\u00e3o faz milagre! Pois \u00e9. S\u00e3o Janu\u00e1rio resolveu fazer um mix dos referidos apontamentos e determinou que S\u00e3o Mart\u00edn tamb\u00e9m salva, ainda que somente na vida desportiva. Ap\u00f3s defender tr\u00eas cobran\u00e7as de p\u00eanaltis, o goleiro uruguaio garantiu ao Vasco da Gama a perman\u00eancia na Copa Libertadores da Am\u00e9rica, ontem, em Sucre, na Bol\u00edvia.<\/p>\n<p>O Cruzmaltino na partida de ida, da Terceira Fase da competi\u00e7\u00e3o, havia goleado o Jorge Wilstermann, por 4 a 0, na semana passada, na Colina. Poderia perder neste jogo de volta por at\u00e9 tr\u00eas gols de diferen\u00e7a. Era praticamente a classifica\u00e7\u00e3o antecipada. Mas a diretoria vasca\u00edna planejou mal, n\u00e3o foi com a antecipa\u00e7\u00e3o devida para que o time pudesse acostumar-se com a altitude, e quase viu a vaga para a Fase Grupos ir por ralo abaixo.<\/p>\n<p>Logo nos primeiros minutos a equipe da casa inaugurou o marcador, e antes de findar a etapa vestibular j\u00e1 vencia o Gigante da Colina por 3 a 0. Na volta do intervalo a postura mudou, mesmo assim os pupilos de Z\u00e9 Ricardo tomaram mais um gol. Esse resultado era ruim. E ficou ainda pior depois que o infantil Thiago Galhardo jogou uma bola em cima do atleta advers\u00e1rio, sendo devidamente expulso pela arbitragem.<\/p>\n<p>Por\u00e9m, mesmo o Jorge Wilstermann, marcando com Cristian Ch\u00e1vez, Pedriel e Zenteno (o zagueiro marcou duas vezes), o Mach\u00e3o da Gama venceu na disputa de p\u00eanaltis, por 3 a 2, com o arqueiro Mart\u00edn Silva evitando de tomar gols em tr\u00eas oportunidades, garantindo assim a vaga no Grupo 5, que ter\u00e1 al\u00e9m dele, Cruzeiro, Racing (da Argentina) e Universidad de Chile.<\/p>\n<p>N\u00e3o \u00e9 compreens\u00edvel as cobran\u00e7as de qualquer maneira de Des\u00e1bato e Rildo, que perderam suas chances. Afinal, como na velha m\u00e1xima: P\u00eanalti \u00e9 coisa que n\u00e3o se desperdi\u00e7a! \u00c9 preciso treinar mais, ou escalar melhor os cobradores. Enfim, mesmo com os jogadores de linha atuando de maneira p\u00edfia, tudo deu certo.<\/p>\n<p>S\u00f3 Martin Salva!<\/p>\n<p><strong>VERGONHA (MAIS DE 4 ANOS!):<\/strong><\/p>\n<p>DEPOIS DE AGUARDAR <strong> 55 MESES, OU SEJA, 4 ANOS E 8 MESES! (CARRO DESDE 10 DE JUNHO DE 2013)<\/strong> COM O CARRO PRESO NA OFICINA DA ABOLI\u00c7\u00c3O VE\u00cdCULOS COM APENAS 729 KM RODADOS, EM UM PROCESSO COM 8 VOLUMES, NA 1\u00aa VARA CIVEL, DA COMARCA DE NITER\u00d3I\/RJ, REGIONAL OCE\u00c2NICA, A SENTEN\u00c7A FOI INDEFERIR TODOS OS MEUS PEDIDOS E AINDA CONDENAR EM 10% DE CUSTAS JUDICIAIS. OU SEJA, FIQUEI SEM CARRO ESSE TEMPO TODO (MESMO PAGANDO \u00c0 VISTA POR ELE), JUNTEI PROVAS COMO REGISTRO DE OCORR\u00caNCIA DA POL\u00cdCIA CIVIL\/RJ, BOLETIM DE OCORR\u00caNCIA DA POLICIA MILITAR\/RJ, ORDENS DE SERVI\u00c7O, MAIS DE 600 FOTOGRAFIAS, MAIS DE 40 \u00c1UDIOS, NOTAS FISCAIS, NOTAS DE T\u00c1XI, PRONTU\u00c1RIOS M\u00c9DICOS, POIS NESTE PER\u00cdODO TIVE PROBLEMAS DE SA\u00daDE, BEM COMO MEUS FAMILIARES, TENDO UMA FILHA QUE HOJE TEM APENAS 5 ANOS, NA \u00c9POCA POUCO MAIS DE 1 ANINHO. VALE LEMBRAR, QUE OS PRIMEIROS DEFEITOS SE DERAM QUANDO O CARRO TINHA MENOS DE 30 KM RODADOS. TUDO ISSO PARA NADA. QUEM GOSTOU DO RESULTADO DA DOUTA MAGRISTRADA FORAM AS EMPRESAS R\u00c9S \u2013 QUE ME LESARAM \u2013 ABOLI\u00c7\u00c3O VE\u00cdCULOS E VW DO BRASIL <strong>(PROCESSO: No 0016370-44.2013.8.19.0212).<\/strong><\/p>\n<p><strong>AP\u00d3S AS TODAS AS PARTIDAS DO VASC\u00c3O EM MEU PERFIL DO FACEBOOK (QUEM QUISER RECEBER AS CR\u00d4NICAS DE PRIMEIRA M\u00c3O \u00c9 S\u00d3 ME ADICIONAR), E NO SITE WEBVASCO (www.webvasco.com), TEM A OPINI\u00c3O DO JORNALISTA LUIZ CARLOS ROCHA. LEIAM! COMPARTILHEM E CURTAM! VASCA\u00cdNOS UNIDOS JAMAIS SER\u00c3O VENCIDOS.<\/strong><\/p>\n","protected":false},"excerpt":{"rendered":"<p>Baseado no Vers\u00edculo B\u00edblico Jo\u00e3o 14:6, que diz ser Jesus o caminho, a verdade e&#8230;<\/p>\n","protected":false},"author":7,"featured_media":0,"comment_status":"open","ping_status":"closed","sticky":false,"template":"","format":"standard","meta":{"footnotes":""},"categories":[4],"tags":[],"class_list":["post-8476","post","type-post","status-publish","format-standard","hentry","category-luizcarlosrocha"],"_links":{"self":[{"href":"https:\/\/webvasco.com\/artigos\/wp-json\/wp\/v2\/posts\/8476","targetHints":{"allow":["GET"]}}],"collection":[{"href":"https:\/\/webvasco.com\/artigos\/wp-json\/wp\/v2\/posts"}],"about":[{"href":"https:\/\/webvasco.com\/artigos\/wp-json\/wp\/v2\/types\/post"}],"author":[{"embeddable":true,"href":"https:\/\/webvasco.com\/artigos\/wp-json\/wp\/v2\/users\/7"}],"replies":[{"embeddable":true,"href":"https:\/\/webvasco.com\/artigos\/wp-json\/wp\/v2\/comments?post=8476"}],"version-history":[{"count":1,"href":"https:\/\/webvasco.com\/artigos\/wp-json\/wp\/v2\/posts\/8476\/revisions"}],"predecessor-version":[{"id":8478,"href":"https:\/\/webvasco.com\/artigos\/wp-json\/wp\/v2\/posts\/8476\/revisions\/8478"}],"wp:attachment":[{"href":"https:\/\/webvasco.com\/artigos\/wp-json\/wp\/v2\/media?parent=8476"}],"wp:term":[{"taxonomy":"category","embeddable":true,"href":"https:\/\/webvasco.com\/artigos\/wp-json\/wp\/v2\/categories?post=8476"},{"taxonomy":"post_tag","embeddable":true,"href":"https:\/\/webvasco.com\/artigos\/wp-json\/wp\/v2\/tags?post=8476"}],"curies":[{"name":"wp","href":"https:\/\/api.w.org\/{rel}","templated":true}]}}