{"id":8479,"date":"2018-02-25T23:45:14","date_gmt":"2018-02-26T02:45:14","guid":{"rendered":"http:\/\/webvasco.com\/artigos\/colunistas\/luizcarlosrocha\/stylefont-family-arial-sans-serif-font-size-14pt-text-align-justifyja-me-passaram-a-mao-na-bunda-stylefont-family-arial-sans-serif-font-size-14pt-text-align-justifye-ainda\/"},"modified":"2018-02-27T09:00:26","modified_gmt":"2018-02-27T12:00:26","slug":"stylefont-family-arial-sans-serif-font-size-14pt-text-align-justifyja-me-passaram-a-mao-na-bunda-stylefont-family-arial-sans-serif-font-size-14pt-text-align-justifye-ainda","status":"publish","type":"post","link":"https:\/\/webvasco.com\/artigos\/colunistas\/luizcarlosrocha\/stylefont-family-arial-sans-serif-font-size-14pt-text-align-justifyja-me-passaram-a-mao-na-bunda-stylefont-family-arial-sans-serif-font-size-14pt-text-align-justifye-ainda\/","title":{"rendered":"J\u00c1 ME PASSARAM A M\u00c3O NA BUNDA, E AINDA N\u00c3O COMI NINGU\u00c9M!"},"content":{"rendered":"<p>Na partida entre os patr\u00edcios Portuguesa e Vasco da Gama, v\u00e1lida pela Segunda Rodada, da Ta\u00e7a Rio (Segunda Fase), do Campeonato Carioca, no Est\u00e1dio Giulite Coutinho, em \u00c9dson Passos, Baixada Fluminense, os mandantes venceram o time reserva dos visitantes, por 1 a 0, gol de Tiago Amaral. O resultado foi ruim para o Cruzmaltino, que est\u00e1 em terceiro colocado do Grupo B, com nenhum ponto ganho, na tabela de classifica\u00e7\u00e3o.<\/p>\n<p>Mesmo dando prioridade para a Copa Libertadores da Am\u00e9rica, o Gigante da Colina \u2013 que n\u00e3o fez nada bonito na Ta\u00e7a Guanabara \u2013 tem de conquistar a Ta\u00e7a Rio, ou somar o maior n\u00famero de pontos poss\u00edvel, se quiser sonhar com o t\u00edtulo regional. Isto, porque, o esculhambado Carioc\u00e3o, na qual disputavam a final os campe\u00f5es dos turnos, agora n\u00e3o \u00e9 mais assim. Far\u00e3o um quadrangular os campe\u00f5es das Ta\u00e7as Rio e Guanabara, e os dois melhores colocados na soma de todas as partidas da competi\u00e7\u00e3o.<\/p>\n<p>Sendo assim, o Mach\u00e3o da Gama precisa (e muito) pontuar. Por isso a can\u00e7\u00e3o Vira-vira, dos Mamonas Assassinas, febre musical nos anos 90, definiu bem a peleja de hoje: \u201cFui convidado pra uma tal de suruba. N\u00e3o pude ir, Maria foi no meu lugar\u201d (O Carioca \u00e9 mesmo uma suruba e o time reserva que foi no lugar&#8230;).<\/p>\n<p>E mais: \u201cNeste raio de suruba. J\u00e1 me passaram a m\u00e3o na bunda. E ainda n\u00e3o comi ningu\u00e9m!\u201d (Nesse pensamento pequeno de dar prioridade a uma competi\u00e7\u00e3o, est\u00e3o mesmo passando a m\u00e3o nas n\u00e1degas do Vasco. N\u00e3o venceu, nem convenceu? Ent\u00e3o n\u00e3o vai comer ningu\u00e9m). A pr\u00f3xima partida do Cruzmaltino ser\u00e1 quinta-feira, dia 01 de mar\u00e7o, \u00e0s 19h30m, em S\u00e3o Janu\u00e1rio, contra o Maca\u00e9, v\u00e1lido pela Primeira Rodada da competi\u00e7\u00e3o.<\/p>\n<p><strong>VERGONHA (MAIS DE 4 ANOS!):<\/strong><\/p>\n<p>DEPOIS DE AGUARDAR <strong> 55 MESES, OU SEJA, 4 ANOS E 8 MESES! (CARRO DESDE 10 DE JUNHO DE 2013)<\/strong> COM O CARRO PRESO NA OFICINA DA ABOLI\u00c7\u00c3O VE\u00cdCULOS COM APENAS 729 KM RODADOS, EM UM PROCESSO COM 8 VOLUMES, NA 1\u00aa VARA CIVEL, DA COMARCA DE NITER\u00d3I\/RJ, REGIONAL OCE\u00c2NICA, A SENTEN\u00c7A FOI INDEFERIR TODOS OS MEUS PEDIDOS E AINDA CONDENAR EM 10% DE CUSTAS JUDICIAIS. OU SEJA, FIQUEI SEM CARRO ESSE TEMPO TODO (MESMO PAGANDO \u00c0 VISTA POR ELE), JUNTEI PROVAS COMO REGISTRO DE OCORR\u00caNCIA DA POL\u00cdCIA CIVIL\/RJ, BOLETIM DE OCORR\u00caNCIA DA POLICIA MILITAR\/RJ, ORDENS DE SERVI\u00c7O, MAIS DE 600 FOTOGRAFIAS, MAIS DE 40 \u00c1UDIOS, NOTAS FISCAIS, NOTAS DE T\u00c1XI, PRONTU\u00c1RIOS M\u00c9DICOS, POIS NESTE PER\u00cdODO TIVE PROBLEMAS DE SA\u00daDE, BEM COMO MEUS FAMILIARES, TENDO UMA FILHA QUE HOJE TEM APENAS 5 ANOS, NA \u00c9POCA POUCO MAIS DE 1 ANINHO. VALE LEMBRAR, QUE OS PRIMEIROS DEFEITOS SE DERAM QUANDO O CARRO TINHA MENOS DE 30 KM RODADOS. TUDO ISSO PARA NADA. QUEM GOSTOU DO RESULTADO DA DOUTA MAGRISTRADA FORAM AS EMPRESAS R\u00c9S \u2013 QUE ME LESARAM \u2013 ABOLI\u00c7\u00c3O VE\u00cdCULOS E VW DO BRASIL <strong>(PROCESSO: No 0016370-44.2013.8.19.0212).<\/strong><\/p>\n<p><strong>AP\u00d3S AS TODAS AS PARTIDAS DO VASC\u00c3O EM MEU PERFIL DO FACEBOOK (QUEM QUISER RECEBER AS CR\u00d4NICAS DE PRIMEIRA M\u00c3O \u00c9 S\u00d3 ME ADICIONAR), E NO SITE WEBVASCO (www.webvasco.com), TEM A OPINI\u00c3O DO JORNALISTA LUIZ CARLOS ROCHA. LEIAM! COMPARTILHEM E CURTAM! VASCA\u00cdNOS UNIDOS JAMAIS SER\u00c3O VENCIDOS.<\/strong><\/p>\n","protected":false},"excerpt":{"rendered":"<p>Na partida entre os patr\u00edcios Portuguesa e Vasco da Gama, v\u00e1lida pela Segunda Rodada, da&#8230;<\/p>\n","protected":false},"author":7,"featured_media":0,"comment_status":"open","ping_status":"closed","sticky":false,"template":"","format":"standard","meta":{"footnotes":""},"categories":[4],"tags":[],"class_list":["post-8479","post","type-post","status-publish","format-standard","hentry","category-luizcarlosrocha"],"_links":{"self":[{"href":"https:\/\/webvasco.com\/artigos\/wp-json\/wp\/v2\/posts\/8479","targetHints":{"allow":["GET"]}}],"collection":[{"href":"https:\/\/webvasco.com\/artigos\/wp-json\/wp\/v2\/posts"}],"about":[{"href":"https:\/\/webvasco.com\/artigos\/wp-json\/wp\/v2\/types\/post"}],"author":[{"embeddable":true,"href":"https:\/\/webvasco.com\/artigos\/wp-json\/wp\/v2\/users\/7"}],"replies":[{"embeddable":true,"href":"https:\/\/webvasco.com\/artigos\/wp-json\/wp\/v2\/comments?post=8479"}],"version-history":[{"count":1,"href":"https:\/\/webvasco.com\/artigos\/wp-json\/wp\/v2\/posts\/8479\/revisions"}],"predecessor-version":[{"id":8492,"href":"https:\/\/webvasco.com\/artigos\/wp-json\/wp\/v2\/posts\/8479\/revisions\/8492"}],"wp:attachment":[{"href":"https:\/\/webvasco.com\/artigos\/wp-json\/wp\/v2\/media?parent=8479"}],"wp:term":[{"taxonomy":"category","embeddable":true,"href":"https:\/\/webvasco.com\/artigos\/wp-json\/wp\/v2\/categories?post=8479"},{"taxonomy":"post_tag","embeddable":true,"href":"https:\/\/webvasco.com\/artigos\/wp-json\/wp\/v2\/tags?post=8479"}],"curies":[{"name":"wp","href":"https:\/\/api.w.org\/{rel}","templated":true}]}}