{"id":8480,"date":"2018-02-26T13:53:30","date_gmt":"2018-02-26T16:53:30","guid":{"rendered":"http:\/\/webvasco.com\/artigos\/?p=8480"},"modified":"2018-02-27T09:04:06","modified_gmt":"2018-02-27T12:04:06","slug":"elas-o-professor-delegada-martha-rocha","status":"publish","type":"post","link":"https:\/\/webvasco.com\/artigos\/temas\/elas-e-o-professor\/elas-o-professor-delegada-martha-rocha\/","title":{"rendered":"ELAS &amp; O PROFESSOR &#8211; DELEGADA MARTHA ROCHA"},"content":{"rendered":"<p><strong>ELAS &amp; O PROFESSOR<\/strong><\/p>\n<p><strong>POR LUIZ CARLOS ROCHA<\/strong><\/p>\n<p>A entrevista deste m\u00eas de fevereiro de 2018, com Martha Rocha \u00e9 dedicada \u00e0 linda <strong>\u00darsulla Rocha<\/strong>, na qual faz-me trabalhar melhor a cada dia.<\/p>\n<p><strong>MARTHA ROCHA<\/strong>, vasca\u00edna fervorosa, taurina, 59 anos, delegada da Pol\u00edcia Civil do Estado do Rio de Janeiro, deputada estadual pelo PDT, criada no bairro da Penha (sub\u00farbio carioca), filha de portugueses, especialista em Direitos Humanos, pela Universidade C\u00e2ndido Mendes (UCAM), em Direito Penal e Processo Penal, pela Universidade Est\u00e1cio de S\u00e1 (UNESA), e em Administra\u00e7\u00e3o P\u00fablica, pela Universidade do Estado do Rio de Janeiro (UERJ). Tamb\u00e9m em sua vida acad\u00eamica h\u00e1 o Curso Superior de Pol\u00edcia ministrado pela UERJ. A delegada que \u00e9 graduada em direito pela Universidade Federal do Rio de Janeiro (UFRJ), participou da cria\u00e7\u00e3o das Delegacias Especializadas de Atendimento \u00e0 Mulher (DEAMs). Ela foi chefe do Departamento Geral de Pol\u00edcia Especializada (DGPE), bem como corregedora da PCERJ. Dra. Martha chegou brilhantemente ao cargo mais alto da institui\u00e7\u00e3o, foi Chefe de Pol\u00edcia.<\/p>\n<p><strong> O delegado Ant\u00f4nio Lopes foi um treinador que marcou \u00e9poca no Vasco da Gama? <\/strong><\/p>\n<p>Foi um bom delegado, bom colega e bom treinador. Ele \u00e9 muito querido no Vasco e na Pol\u00edcia Civil.<\/p>\n<p><strong>A gest\u00e3o Eurico Miranda foi um estupro \u00e0 torcida vasca\u00edna? <\/strong><\/p>\n<p>N\u00e3o voto para presidente do clube. Mas o presidente dos meus sonhos era Amadeu Pinto da Rocha, que infelizmente n\u00e3o est\u00e1 mais aqui (respondeu elegantemente).<\/p>\n<p><strong> Para que o presidente Alexandre Campello chegasse ao cargo voc\u00ea acredita que houve alguma conduta il\u00edcita? <\/strong><\/p>\n<p>A ilicitude s\u00f3 poder\u00e1 ser avaliada pelo Poder Judici\u00e1rio, mas os caminhos que levaram ele \u00e0 presid\u00eancia foram esquisitos. De qualquer forma, ele (Alexandre Campello) t\u00eam a grande oportunidade de fazer a diferen\u00e7a.<\/p>\n<p><strong> O time est\u00e1 surpreendendo na Copa Libertadores, ou na sua opini\u00e3o j\u00e1 era esperado esse rendimento? <\/strong><\/p>\n<p>Sempre fico feliz com o Vasco. Quando as vit\u00f3rias n\u00e3o acontecem, sempre aguardo que dias melhores vir\u00e3o. Desta forma n\u00e3o me decepciono.<\/p>\n<p><strong> Que tipo de a\u00e7\u00e3o, no que tange ao marketing \u00e9 preciso ser feita para que o torcedor vire s\u00f3cio do clube? <\/strong><\/p>\n<p>\u00c9 preciso trazer para dentro do clube a quest\u00e3o de ter atrativos al\u00e9m do futebol.<\/p>\n<p><strong> O ditado popular que nem todo flamenguista \u00e9 bandido, mas todo bandido \u00e9 flamenguista procede? <\/strong><\/p>\n<p>Evidente que n\u00e3o. Me deparei com muitos transgressores da Lei que torciam para outros times.<\/p>\n<p><strong> Qual jogador \u00e9 injusti\u00e7ado pela Imensa Torcida Bem Feliz?<\/strong><\/p>\n<p>N\u00e3o sei dizer. Mas aponto o Juninho (Pernambucano) como o mais amado.<\/p>\n<p><strong> O n\u00e3o reconhecimento da equival\u00eancia a Libertadores por parte da Conmebol para o t\u00edtulo de Campe\u00e3o Sul Americano invicto, em 1948, \u00e9 um crime?<\/strong><\/p>\n<p>Com certeza \u00e9 uma injusti\u00e7a!<\/p>\n<p><strong> Ao perder um p\u00eanalti, diante do Corinthians, em 2000, em pleno Est\u00e1dio do Maracan\u00e3, pelo Mundial de Clubes da FIFA, o Edmundo merece condena\u00e7\u00e3o ou absolvi\u00e7\u00e3o? <\/strong><\/p>\n<p>Sempre absolvi\u00e7\u00e3o. Afinal, ningu\u00e9m perde uma cobran\u00e7a de p\u00eanalti por vontade pr\u00f3pria. Ademais, ele j\u00e1 foi punido o suficiente nesses 18 anos. Ele n\u00e3o falhou como vasca\u00edno, e sim como atleta, que \u00e9 perfeitamente compreens\u00edvel.<\/p>\n<p><strong> Os erros de Eurico Miranda s\u00e3o dolosos ou culposos?<\/strong><\/p>\n<p>O Eurico n\u00e3o faz que n\u00e3o seja de forma pensada e deliberada.<\/p>\n<p><strong> No direito Caio, T\u00edcio e M\u00e9vio s\u00e3o sempre refer\u00eancia. Quem s\u00e3o esses personagens na figura dos atletas?<\/strong><\/p>\n<p>O Fernand\u00e3o do v\u00f4lei e o Juninho (Reizinho).<\/p>\n<p><strong> Ganhar do Fluminense \u00e9 praticar um delito da Lei Maria da Penha, ou da Lei 7538\/17 (agressor de mulher ser\u00e1 multado)? <\/strong>Prefiro n\u00e3o responder. Mas posso afirmar, que o enfrentamento da viol\u00eancia contra a mulher deve ser uma luta, um compromisso de todos n\u00f3s.<\/p>\n<p><strong>O Cruzmaltino foi apequenado nos \u00faltimos anos, devido a gest\u00f5es insuficientes?<\/strong><\/p>\n<p>Ainda bem que o clube \u00e9 maior do que todas as gest\u00f5es.<\/p>\n<p><strong>Euriquinho (Eurico Brand\u00e3o) \u00e9 coautor dos devaneios de seu pai?<\/strong><\/p>\n<p>N\u00e3o sei, mas vejo que ele vive a sombra do pai.<\/p>\n<p><strong>Na sua alma de delegada competente e honesta que \u00e9s, quando sabe de algo errado no clube tem vontade de prender Ali Bab\u00e1 e os 40 ladr\u00f5es?<\/strong><\/p>\n<p>Me diga quem \u00e9 o Ali Bab\u00e1, e quais crimes ele cometeu, que lhe responderei.<\/p>\n<p><strong>FOTOGRAFIAS: BY LUIZ CARLOS ROCHA, COM COLABORA\u00c7\u00c3O DA ASSESSORA \u00c9RIKA DE CASTRO.<\/strong><\/p>\n<p><a href=\"https:\/\/webvasco.com\/artigos\/wp-content\/uploads\/2018\/02\/09.jpg\"><img loading=\"lazy\" decoding=\"async\" class=\"alignnone size-medium wp-image-8489\" src=\"https:\/\/webvasco.com\/artigos\/wp-content\/uploads\/2018\/02\/09-282x300.jpg\" alt=\"\" width=\"282\" height=\"300\" srcset=\"https:\/\/webvasco.com\/artigos\/wp-content\/uploads\/2018\/02\/09-282x300.jpg 282w, https:\/\/webvasco.com\/artigos\/wp-content\/uploads\/2018\/02\/09-141x150.jpg 141w, https:\/\/webvasco.com\/artigos\/wp-content\/uploads\/2018\/02\/09-768x818.jpg 768w, https:\/\/webvasco.com\/artigos\/wp-content\/uploads\/2018\/02\/09-961x1024.jpg 961w\" sizes=\"auto, (max-width: 282px) 100vw, 282px\" \/><\/a> <a href=\"https:\/\/webvasco.com\/artigos\/wp-content\/uploads\/2018\/02\/10.jpg\"><img loading=\"lazy\" decoding=\"async\" class=\"alignnone size-medium wp-image-8490\" src=\"https:\/\/webvasco.com\/artigos\/wp-content\/uploads\/2018\/02\/10-300x295.jpg\" alt=\"\" width=\"300\" height=\"295\" srcset=\"https:\/\/webvasco.com\/artigos\/wp-content\/uploads\/2018\/02\/10-300x295.jpg 300w, https:\/\/webvasco.com\/artigos\/wp-content\/uploads\/2018\/02\/10-150x147.jpg 150w, https:\/\/webvasco.com\/artigos\/wp-content\/uploads\/2018\/02\/10-768x754.jpg 768w, https:\/\/webvasco.com\/artigos\/wp-content\/uploads\/2018\/02\/10-1024x1005.jpg 1024w\" sizes=\"auto, (max-width: 300px) 100vw, 300px\" \/><\/a> <a href=\"https:\/\/webvasco.com\/artigos\/wp-content\/uploads\/2018\/02\/08.jpg\"><img loading=\"lazy\" decoding=\"async\" class=\"alignnone size-medium wp-image-8488\" src=\"https:\/\/webvasco.com\/artigos\/wp-content\/uploads\/2018\/02\/08-194x300.jpg\" alt=\"\" width=\"194\" height=\"300\" srcset=\"https:\/\/webvasco.com\/artigos\/wp-content\/uploads\/2018\/02\/08-194x300.jpg 194w, https:\/\/webvasco.com\/artigos\/wp-content\/uploads\/2018\/02\/08-97x150.jpg 97w, https:\/\/webvasco.com\/artigos\/wp-content\/uploads\/2018\/02\/08-768x1186.jpg 768w, https:\/\/webvasco.com\/artigos\/wp-content\/uploads\/2018\/02\/08-663x1024.jpg 663w, https:\/\/webvasco.com\/artigos\/wp-content\/uploads\/2018\/02\/08.jpg 1896w\" sizes=\"auto, (max-width: 194px) 100vw, 194px\" \/><\/a> <a href=\"https:\/\/webvasco.com\/artigos\/wp-content\/uploads\/2018\/02\/07.jpg\"><img loading=\"lazy\" decoding=\"async\" class=\"alignnone size-medium wp-image-8487\" src=\"https:\/\/webvasco.com\/artigos\/wp-content\/uploads\/2018\/02\/07-300x219.jpg\" alt=\"\" width=\"300\" height=\"219\" srcset=\"https:\/\/webvasco.com\/artigos\/wp-content\/uploads\/2018\/02\/07-300x219.jpg 300w, https:\/\/webvasco.com\/artigos\/wp-content\/uploads\/2018\/02\/07-150x110.jpg 150w, https:\/\/webvasco.com\/artigos\/wp-content\/uploads\/2018\/02\/07-768x561.jpg 768w, https:\/\/webvasco.com\/artigos\/wp-content\/uploads\/2018\/02\/07-1024x748.jpg 1024w\" sizes=\"auto, (max-width: 300px) 100vw, 300px\" \/><\/a> <a href=\"https:\/\/webvasco.com\/artigos\/wp-content\/uploads\/2018\/02\/06.jpg\"><img loading=\"lazy\" decoding=\"async\" class=\"alignnone size-medium wp-image-8486\" src=\"https:\/\/webvasco.com\/artigos\/wp-content\/uploads\/2018\/02\/06-225x300.jpg\" alt=\"\" width=\"225\" height=\"300\" srcset=\"https:\/\/webvasco.com\/artigos\/wp-content\/uploads\/2018\/02\/06-225x300.jpg 225w, https:\/\/webvasco.com\/artigos\/wp-content\/uploads\/2018\/02\/06-113x150.jpg 113w, https:\/\/webvasco.com\/artigos\/wp-content\/uploads\/2018\/02\/06-768x1024.jpg 768w\" sizes=\"auto, (max-width: 225px) 100vw, 225px\" \/><\/a> <a href=\"https:\/\/webvasco.com\/artigos\/wp-content\/uploads\/2018\/02\/05.jpg\"><img loading=\"lazy\" decoding=\"async\" class=\"alignnone size-medium wp-image-8485\" src=\"https:\/\/webvasco.com\/artigos\/wp-content\/uploads\/2018\/02\/05-300x215.jpg\" alt=\"\" width=\"300\" height=\"215\" srcset=\"https:\/\/webvasco.com\/artigos\/wp-content\/uploads\/2018\/02\/05-300x215.jpg 300w, https:\/\/webvasco.com\/artigos\/wp-content\/uploads\/2018\/02\/05-150x107.jpg 150w, https:\/\/webvasco.com\/artigos\/wp-content\/uploads\/2018\/02\/05-768x550.jpg 768w, https:\/\/webvasco.com\/artigos\/wp-content\/uploads\/2018\/02\/05-1024x733.jpg 1024w\" sizes=\"auto, (max-width: 300px) 100vw, 300px\" \/><\/a> <a href=\"https:\/\/webvasco.com\/artigos\/wp-content\/uploads\/2018\/02\/04.jpg\"><img loading=\"lazy\" decoding=\"async\" class=\"alignnone size-medium wp-image-8484\" src=\"https:\/\/webvasco.com\/artigos\/wp-content\/uploads\/2018\/02\/04-200x300.jpg\" alt=\"\" width=\"200\" height=\"300\" srcset=\"https:\/\/webvasco.com\/artigos\/wp-content\/uploads\/2018\/02\/04-200x300.jpg 200w, https:\/\/webvasco.com\/artigos\/wp-content\/uploads\/2018\/02\/04-100x150.jpg 100w, https:\/\/webvasco.com\/artigos\/wp-content\/uploads\/2018\/02\/04-768x1151.jpg 768w, https:\/\/webvasco.com\/artigos\/wp-content\/uploads\/2018\/02\/04-683x1024.jpg 683w, https:\/\/webvasco.com\/artigos\/wp-content\/uploads\/2018\/02\/04.jpg 854w\" sizes=\"auto, (max-width: 200px) 100vw, 200px\" \/><\/a> <a href=\"https:\/\/webvasco.com\/artigos\/wp-content\/uploads\/2018\/02\/03.jpg\"><img loading=\"lazy\" decoding=\"async\" class=\"alignnone size-medium wp-image-8483\" src=\"https:\/\/webvasco.com\/artigos\/wp-content\/uploads\/2018\/02\/03-300x252.jpg\" alt=\"\" width=\"300\" height=\"252\" srcset=\"https:\/\/webvasco.com\/artigos\/wp-content\/uploads\/2018\/02\/03-300x252.jpg 300w, https:\/\/webvasco.com\/artigos\/wp-content\/uploads\/2018\/02\/03-150x126.jpg 150w, https:\/\/webvasco.com\/artigos\/wp-content\/uploads\/2018\/02\/03-768x644.jpg 768w, https:\/\/webvasco.com\/artigos\/wp-content\/uploads\/2018\/02\/03-1024x858.jpg 1024w\" sizes=\"auto, (max-width: 300px) 100vw, 300px\" \/><\/a> <a href=\"https:\/\/webvasco.com\/artigos\/wp-content\/uploads\/2018\/02\/02.jpg\"><img loading=\"lazy\" decoding=\"async\" class=\"alignnone size-medium wp-image-8482\" src=\"https:\/\/webvasco.com\/artigos\/wp-content\/uploads\/2018\/02\/02-261x300.jpg\" alt=\"\" width=\"261\" height=\"300\" srcset=\"https:\/\/webvasco.com\/artigos\/wp-content\/uploads\/2018\/02\/02-261x300.jpg 261w, https:\/\/webvasco.com\/artigos\/wp-content\/uploads\/2018\/02\/02-131x150.jpg 131w, https:\/\/webvasco.com\/artigos\/wp-content\/uploads\/2018\/02\/02-768x882.jpg 768w, https:\/\/webvasco.com\/artigos\/wp-content\/uploads\/2018\/02\/02-891x1024.jpg 891w\" sizes=\"auto, (max-width: 261px) 100vw, 261px\" \/><\/a> <a href=\"https:\/\/webvasco.com\/artigos\/wp-content\/uploads\/2018\/02\/01.jpg\"><img loading=\"lazy\" decoding=\"async\" class=\"alignnone size-medium wp-image-8481\" src=\"https:\/\/webvasco.com\/artigos\/wp-content\/uploads\/2018\/02\/01-300x260.jpg\" alt=\"\" width=\"300\" height=\"260\" srcset=\"https:\/\/webvasco.com\/artigos\/wp-content\/uploads\/2018\/02\/01-300x260.jpg 300w, https:\/\/webvasco.com\/artigos\/wp-content\/uploads\/2018\/02\/01-150x130.jpg 150w, https:\/\/webvasco.com\/artigos\/wp-content\/uploads\/2018\/02\/01-768x665.jpg 768w, https:\/\/webvasco.com\/artigos\/wp-content\/uploads\/2018\/02\/01-1024x887.jpg 1024w, https:\/\/webvasco.com\/artigos\/wp-content\/uploads\/2018\/02\/01.jpg 1728w\" sizes=\"auto, (max-width: 300px) 100vw, 300px\" \/><\/a><\/p>\n","protected":false},"excerpt":{"rendered":"<p>ELAS &amp; O PROFESSOR POR LUIZ CARLOS ROCHA A entrevista deste m\u00eas de fevereiro de&#8230;<\/p>\n","protected":false},"author":7,"featured_media":8483,"comment_status":"open","ping_status":"closed","sticky":false,"template":"","format":"standard","meta":{"footnotes":""},"categories":[27],"tags":[],"class_list":["post-8480","post","type-post","status-publish","format-standard","has-post-thumbnail","hentry","category-elas-e-o-professor"],"_links":{"self":[{"href":"https:\/\/webvasco.com\/artigos\/wp-json\/wp\/v2\/posts\/8480","targetHints":{"allow":["GET"]}}],"collection":[{"href":"https:\/\/webvasco.com\/artigos\/wp-json\/wp\/v2\/posts"}],"about":[{"href":"https:\/\/webvasco.com\/artigos\/wp-json\/wp\/v2\/types\/post"}],"author":[{"embeddable":true,"href":"https:\/\/webvasco.com\/artigos\/wp-json\/wp\/v2\/users\/7"}],"replies":[{"embeddable":true,"href":"https:\/\/webvasco.com\/artigos\/wp-json\/wp\/v2\/comments?post=8480"}],"version-history":[{"count":3,"href":"https:\/\/webvasco.com\/artigos\/wp-json\/wp\/v2\/posts\/8480\/revisions"}],"predecessor-version":[{"id":8494,"href":"https:\/\/webvasco.com\/artigos\/wp-json\/wp\/v2\/posts\/8480\/revisions\/8494"}],"wp:featuredmedia":[{"embeddable":true,"href":"https:\/\/webvasco.com\/artigos\/wp-json\/wp\/v2\/media\/8483"}],"wp:attachment":[{"href":"https:\/\/webvasco.com\/artigos\/wp-json\/wp\/v2\/media?parent=8480"}],"wp:term":[{"taxonomy":"category","embeddable":true,"href":"https:\/\/webvasco.com\/artigos\/wp-json\/wp\/v2\/categories?post=8480"},{"taxonomy":"post_tag","embeddable":true,"href":"https:\/\/webvasco.com\/artigos\/wp-json\/wp\/v2\/tags?post=8480"}],"curies":[{"name":"wp","href":"https:\/\/api.w.org\/{rel}","templated":true}]}}