{"id":8495,"date":"2018-03-02T14:29:36","date_gmt":"2018-03-02T17:29:36","guid":{"rendered":"http:\/\/webvasco.com\/artigos\/colunistas\/luizcarlosrocha\/stylefont-family-arial-sans-serif-font-size-14pt-text-align-justifymaca-e-doente\/"},"modified":"2018-03-03T10:07:47","modified_gmt":"2018-03-03T13:07:47","slug":"stylefont-family-arial-sans-serif-font-size-14pt-text-align-justifymaca-e-doente","status":"publish","type":"post","link":"https:\/\/webvasco.com\/artigos\/colunistas\/luizcarlosrocha\/stylefont-family-arial-sans-serif-font-size-14pt-text-align-justifymaca-e-doente\/","title":{"rendered":"MACA \u00c9 DOENTE!"},"content":{"rendered":"<p>Quem precisa de maca \u00e9 doente! Na saud\u00e1vel peleja entre Vasco da Gama e Maca\u00e9, deu a l\u00f3gica. O Gigante da Colina, de virada, bateu o visitante, em S\u00e3o Janu\u00e1rio. Charles abriu o placar. Andr\u00e9s Rios igualou o marcador, mas foi Riascos quem decretou a vit\u00f3ria. Com o resultado, o Cruzmaltino j\u00e1 \u00e9 o vice-l\u00edder do Grupo B, com tr\u00eas pontos (de seis) ganhos.<\/p>\n<p>Ao sair na frente o time do interior achou que ganharia do todo poderoso Mach\u00e3o da Gama. Por\u00e9m, a velha m\u00e1xima diz: \u201cO Vasco \u00e9 o time da virada, o time do amor!\u201d. E foi assim. A partida da Segunda Rodada, da Ta\u00e7a Rio, do Campeonato Carioca serviu para dar mais confian\u00e7a ainda para os pupilos do treinador Z\u00e9 Ricardo.<\/p>\n<p>A cidade de Maca\u00e9, no interior do Rio de Janeiro, \u00e9 conhecida como a Capital Nacional do Petr\u00f3leo. A Colina Hist\u00f3rica \u00e9 conhecida como a Capital Nacional da Virada! Isso \u00e9 Vasco! O Pr\u00f3ximo desafio ser\u00e1 domingo, dia 04, \u00e0s 19h30m, no Est\u00e1dio Kl\u00e9ber de Andrade, em Cariacica, no Esp\u00edrito Santo.<\/p>\n<p><strong>CAIXA:<\/strong> O presidente Alexandre Campello est\u00e1 tentando viabilizar a volta da Caixa Econ\u00f4mica Federal, como patrocinador m\u00e1ster do futebol do Vasco da Gama. Segundo informa\u00e7\u00f5es fidedignas o cartola ir\u00e1 at\u00e9 Bras\u00edlia\/DF para tratar pessoalmente do assunto. Mas \u00e9 preciso avisar ao m\u00e9dico que o clube necessita estar em dia com o Governo Federal, principalmente no que tange ao PROFUT. Caso contr\u00e1rio ser\u00e1 apenas um belo passeio as custas do Cruzmaltino.<\/p>\n<p><strong>VERGONHA (MAIS DE 4 ANOS!):<\/strong><\/p>\n<p>DEPOIS DE AGUARDAR <strong> 55 MESES, OU SEJA, 4 ANOS E 8 MESES! (CARRO DESDE 10 DE JUNHO DE 2013)<\/strong> COM O CARRO PRESO NA OFICINA DA ABOLI\u00c7\u00c3O VE\u00cdCULOS COM APENAS 729 KM RODADOS, EM UM PROCESSO COM 8 VOLUMES, NA 1\u00aa VARA CIVEL, DA COMARCA DE NITER\u00d3I\/RJ, REGIONAL OCE\u00c2NICA, A SENTEN\u00c7A FOI INDEFERIR TODOS OS MEUS PEDIDOS E AINDA CONDENAR EM 10% DE CUSTAS JUDICIAIS. OU SEJA, FIQUEI SEM CARRO ESSE TEMPO TODO (MESMO PAGANDO \u00c0 VISTA POR ELE), JUNTEI PROVAS COMO REGISTRO DE OCORR\u00caNCIA DA POL\u00cdCIA CIVIL\/RJ, BOLETIM DE OCORR\u00caNCIA DA POLICIA MILITAR\/RJ, ORDENS DE SERVI\u00c7O, MAIS DE 600 FOTOGRAFIAS, MAIS DE 40 \u00c1UDIOS, NOTAS FISCAIS, NOTAS DE T\u00c1XI, PRONTU\u00c1RIOS M\u00c9DICOS, POIS NESTE PER\u00cdODO TIVE PROBLEMAS DE SA\u00daDE, BEM COMO MEUS FAMILIARES, TENDO UMA FILHA QUE HOJE TEM APENAS 5 ANOS, NA \u00c9POCA POUCO MAIS DE 1 ANINHO. VALE LEMBRAR, QUE OS PRIMEIROS DEFEITOS SE DERAM QUANDO O CARRO TINHA MENOS DE 30 KM RODADOS. TUDO ISSO PARA NADA. QUEM GOSTOU DO RESULTADO DA DOUTA MAGRISTRADA FORAM AS EMPRESAS R\u00c9S \u2013 QUE ME LESARAM \u2013 ABOLI\u00c7\u00c3O VE\u00cdCULOS E VW DO BRASIL <strong>(PROCESSO: No 0016370-44.2013.8.19.0212).<\/strong><\/p>\n<p><strong>AP\u00d3S AS TODAS AS PARTIDAS DO VASC\u00c3O EM MEU PERFIL DO FACEBOOK (QUEM QUISER RECEBER AS CR\u00d4NICAS DE PRIMEIRA M\u00c3O \u00c9 S\u00d3 ME ADICIONAR), E NO SITE WEBVASCO (www.webvasco.com), TEM A OPINI\u00c3O DO JORNALISTA LUIZ CARLOS ROCHA. LEIAM! COMPARTILHEM E CURTAM! VASCA\u00cdNOS UNIDOS JAMAIS SER\u00c3O VENCIDOS.<\/strong><\/p>\n","protected":false},"excerpt":{"rendered":"<p>Quem precisa de maca \u00e9 doente! Na saud\u00e1vel peleja entre Vasco da Gama e Maca\u00e9,&#8230;<\/p>\n","protected":false},"author":7,"featured_media":0,"comment_status":"open","ping_status":"closed","sticky":false,"template":"","format":"standard","meta":{"footnotes":""},"categories":[4],"tags":[],"class_list":["post-8495","post","type-post","status-publish","format-standard","hentry","category-luizcarlosrocha"],"_links":{"self":[{"href":"https:\/\/webvasco.com\/artigos\/wp-json\/wp\/v2\/posts\/8495","targetHints":{"allow":["GET"]}}],"collection":[{"href":"https:\/\/webvasco.com\/artigos\/wp-json\/wp\/v2\/posts"}],"about":[{"href":"https:\/\/webvasco.com\/artigos\/wp-json\/wp\/v2\/types\/post"}],"author":[{"embeddable":true,"href":"https:\/\/webvasco.com\/artigos\/wp-json\/wp\/v2\/users\/7"}],"replies":[{"embeddable":true,"href":"https:\/\/webvasco.com\/artigos\/wp-json\/wp\/v2\/comments?post=8495"}],"version-history":[{"count":1,"href":"https:\/\/webvasco.com\/artigos\/wp-json\/wp\/v2\/posts\/8495\/revisions"}],"predecessor-version":[{"id":8497,"href":"https:\/\/webvasco.com\/artigos\/wp-json\/wp\/v2\/posts\/8495\/revisions\/8497"}],"wp:attachment":[{"href":"https:\/\/webvasco.com\/artigos\/wp-json\/wp\/v2\/media?parent=8495"}],"wp:term":[{"taxonomy":"category","embeddable":true,"href":"https:\/\/webvasco.com\/artigos\/wp-json\/wp\/v2\/categories?post=8495"},{"taxonomy":"post_tag","embeddable":true,"href":"https:\/\/webvasco.com\/artigos\/wp-json\/wp\/v2\/tags?post=8495"}],"curies":[{"name":"wp","href":"https:\/\/api.w.org\/{rel}","templated":true}]}}