{"id":8499,"date":"2018-03-08T22:58:42","date_gmt":"2018-03-09T01:58:42","guid":{"rendered":"http:\/\/webvasco.com\/artigos\/colunistas\/luizcarlosrocha\/ali-viada\/"},"modified":"2018-03-08T22:58:42","modified_gmt":"2018-03-09T01:58:42","slug":"ali-viada","status":"publish","type":"post","link":"https:\/\/webvasco.com\/artigos\/colunistas\/luizcarlosrocha\/ali-viada\/","title":{"rendered":"ALI VIADA!"},"content":{"rendered":"<p>\u00c0s v\u00e9speras \u2013 ontem \u2013 do Dia Internacional da Mulher (original ou gen\u00e9rica), em homenagem, o Vasco da Gama n\u00e3o bateu na mulherzinha e ficou no 0 a 0 com o FlormimenC, no Est\u00e1dio Nilton Santos, o Engenh\u00e3o. A partida para l\u00e1 de fresca foi v\u00e1lida pela Quarta Rodada, da Ta\u00e7a Rio, Segundo Turno do Campeonato Carioca.<\/p>\n<p>Diante da aliviada (a palavra separada \u00e9 mais pertinente), digo, resultado o Cruzmaltino assumiu a vice-lideran\u00e7a do Grupo B, com sete pontos ganhos, em doze disputados. H\u00e1 quem diga que as chances desperdi\u00e7adas no jogo \u2013 principalmente por parte do atacante Rildo \u2013 foi proposital para n\u00e3o magoar o sens\u00edvel advers\u00e1rio com uma poss\u00edvel vit\u00f3ria.<\/p>\n<p>\u00c9 certo afirmar inclusive, que na atual fase que o Brasil vive, a pol\u00edtica Mi mi mi, na qual n\u00e3o pode haver nenhum tipo de discrimina\u00e7\u00e3o, pois todos s\u00e3o iguais e merecem o mesmo respeito, que \u00e9 um Princ\u00edpio basilar da Constitui\u00e7\u00e3o da Rep\u00fablica, em seu artigo quinto, que a isonomia deve se fazer presente sempre.<\/p>\n<p>Partindo deste racioc\u00ednio mo\u00e7as de fam\u00edlia ou meninas dadivosas tem direito ao Dia Internacional da Mulher. Por\u00e9m, muitos torcedores n\u00e3o t\u00eam acesso as mesmas. Sendo assim, alguns cartolas s\u00e3o carinhosamente apelidados pela sigla FDP, e com certeza muito reverenciados por tabela neste dia t\u00e3o especial. Afinal, felicita\u00e7\u00f5es s\u00e3o felicita\u00e7\u00f5es!<\/p>\n<p><strong>ESCOLA:<\/strong> Parab\u00e9ns ao Col\u00e9gio Vasco da Gama, que completa hoje 14 anos de funda\u00e7\u00e3o. Destaque para a Profa. Nhataly Souza, que leciona no Fundamental 2, bem como no Ensino M\u00e9dio, ofertando o seu saber aos jovens alunos. Somente com a educa\u00e7\u00e3o o destino dos atletas ser\u00e1 mais promissor. Parab\u00e9ns ao Club de Regatas Vasco da Gama!<\/p>\n<p><strong>VERGONHA (MAIS DE 4 ANOS!):<\/strong><\/p>\n<p>DEPOIS DE AGUARDAR <strong> 55 MESES, OU SEJA, 4 ANOS E 8 MESES! (CARRO DESDE 10 DE JUNHO DE 2013)<\/strong> COM O CARRO PRESO NA OFICINA DA ABOLI\u00c7\u00c3O VE\u00cdCULOS COM APENAS 729 KM RODADOS, EM UM PROCESSO COM 8 VOLUMES, NA 1\u00aa VARA CIVEL, DA COMARCA DE NITER\u00d3I\/RJ, REGIONAL OCE\u00c2NICA, A SENTEN\u00c7A FOI INDEFERIR TODOS OS MEUS PEDIDOS E AINDA CONDENAR EM 10% DE CUSTAS JUDICIAIS. OU SEJA, FIQUEI SEM CARRO ESSE TEMPO TODO (MESMO PAGANDO \u00c0 VISTA POR ELE), JUNTEI PROVAS COMO REGISTRO DE OCORR\u00caNCIA DA POL\u00cdCIA CIVIL\/RJ, BOLETIM DE OCORR\u00caNCIA DA POLICIA MILITAR\/RJ, ORDENS DE SERVI\u00c7O, MAIS DE 600 FOTOGRAFIAS, MAIS DE 40 \u00c1UDIOS, NOTAS FISCAIS, NOTAS DE T\u00c1XI, PRONTU\u00c1RIOS M\u00c9DICOS, POIS NESTE PER\u00cdODO TIVE PROBLEMAS DE SA\u00daDE, BEM COMO MEUS FAMILIARES, TENDO UMA FILHA QUE HOJE TEM APENAS 5 ANOS, NA \u00c9POCA POUCO MAIS DE 1 ANINHO. VALE LEMBRAR, QUE OS PRIMEIROS DEFEITOS SE DERAM QUANDO O CARRO TINHA MENOS DE 30 KM RODADOS. TUDO ISSO PARA NADA. QUEM GOSTOU DO RESULTADO DA DOUTA MAGRISTRADA FORAM AS EMPRESAS R\u00c9S \u2013 QUE ME LESARAM \u2013 ABOLI\u00c7\u00c3O VE\u00cdCULOS E VW DO BRASIL <strong>(PROCESSO: No 0016370-44.2013.8.19.0212).<\/strong><\/p>\n<p><strong>AP\u00d3S AS TODAS AS PARTIDAS DO VASC\u00c3O EM MEU PERFIL DO FACEBOOK (QUEM QUISER RECEBER AS CR\u00d4NICAS DE PRIMEIRA M\u00c3O \u00c9 S\u00d3 ME ADICIONAR), E NO SITE WEBVASCO (www.webvasco.com), TEM A OPINI\u00c3O DO JORNALISTA LUIZ CARLOS ROCHA. LEIAM! COMPARTILHEM E CURTAM! VASCA\u00cdNOS UNIDOS JAMAIS SER\u00c3O VENCIDOS.<\/strong><\/p>\n","protected":false},"excerpt":{"rendered":"<p>\u00c0s v\u00e9speras \u2013 ontem \u2013 do Dia Internacional da Mulher (original ou gen\u00e9rica), em homenagem,&#8230;<\/p>\n","protected":false},"author":7,"featured_media":0,"comment_status":"open","ping_status":"closed","sticky":false,"template":"","format":"standard","meta":{"footnotes":""},"categories":[4],"tags":[],"class_list":["post-8499","post","type-post","status-publish","format-standard","hentry","category-luizcarlosrocha"],"_links":{"self":[{"href":"https:\/\/webvasco.com\/artigos\/wp-json\/wp\/v2\/posts\/8499","targetHints":{"allow":["GET"]}}],"collection":[{"href":"https:\/\/webvasco.com\/artigos\/wp-json\/wp\/v2\/posts"}],"about":[{"href":"https:\/\/webvasco.com\/artigos\/wp-json\/wp\/v2\/types\/post"}],"author":[{"embeddable":true,"href":"https:\/\/webvasco.com\/artigos\/wp-json\/wp\/v2\/users\/7"}],"replies":[{"embeddable":true,"href":"https:\/\/webvasco.com\/artigos\/wp-json\/wp\/v2\/comments?post=8499"}],"version-history":[{"count":0,"href":"https:\/\/webvasco.com\/artigos\/wp-json\/wp\/v2\/posts\/8499\/revisions"}],"wp:attachment":[{"href":"https:\/\/webvasco.com\/artigos\/wp-json\/wp\/v2\/media?parent=8499"}],"wp:term":[{"taxonomy":"category","embeddable":true,"href":"https:\/\/webvasco.com\/artigos\/wp-json\/wp\/v2\/categories?post=8499"},{"taxonomy":"post_tag","embeddable":true,"href":"https:\/\/webvasco.com\/artigos\/wp-json\/wp\/v2\/tags?post=8499"}],"curies":[{"name":"wp","href":"https:\/\/api.w.org\/{rel}","templated":true}]}}