{"id":850,"date":"2014-05-26T23:30:56","date_gmt":"2014-05-27T02:30:56","guid":{"rendered":"http:\/\/webvasco.com\/artigos\/?p=850"},"modified":"2014-05-26T23:46:48","modified_gmt":"2014-05-27T02:46:48","slug":"entre-lisboa-e-joinville-o-vcuo-institucional","status":"publish","type":"post","link":"https:\/\/webvasco.com\/artigos\/colunistas\/entre-lisboa-e-joinville-o-vcuo-institucional\/","title":{"rendered":"Entre Lisboa e Joinville, o v&aacute;cuo institucional"},"content":{"rendered":"<div dir=\"ltr\">\n<div><span style=\"color:rgb(51,51,51);font-size:15px;line-height:21px\">S\u00e1bado \u00e0 tarde, um dos poucos momentos em que estou em casa nessa minha vida corrida entre responder por meus compromissos pessoais e profissionais. Tenho, na minha frente, duas op\u00e7\u00f5es no mesmo hor\u00e1rio que, para muitos milh\u00f5es de pessoas, parecem ser uma verdadeira \u201cprova\u00e7\u00e3o divina\u201d: a final de uma UEFA Champions League, transmitida para todo o Brasil para TV aberta e atingindo um total de mais de um bilh\u00e3o de espectadores ligados nos acontecimentos pelo mundo inteiro; e mais um jogo por essa famigerada s\u00e9rie B, entre Joinville e um time vestido de branco, preto e com uma cruz-de-malta no peito dizendo ser Vasco. Em uma verdadeira escolha entre a cruz e a espada, pergunto-lhes quais foram as suas escolhas: assistir \u00e0 final do maior torneio de clubes do mundo ou assistir a esse Vasco jogar?<\/span><\/p>\n<\/div>\n<div>\n<p style=\"margin:0px 0px 10px;padding:0px;border:0px;outline:0px;font-size:15px;vertical-align:baseline;color:rgb(51,51,51);line-height:21px\">Conforme outrora descrito, uma verdadeira \u201cprova\u00e7\u00e3o divina\u201d para aproximadamente dezesseis milh\u00f5es de pessoas, n\u00famero estimado de torcedores vasca\u00ednos espalhados por todo o Brasil. Para quem n\u00e3o \u00e9 vasca\u00edno e n\u00e3o entra nessa de \u201csecar ao advers\u00e1rio a qualquer custo\u201d, n\u00e3o teve nem o que pensar: a escolha foi assistir ao cl\u00e1ssico madrilenho decidindo o t\u00edtulo no belo Est\u00e1dio da Luz, em Lisboa. Para n\u00f3s, vasca\u00ednos, a dif\u00edcil escolha entre escolher entre ver esse time do Vasco jogar e assistir \u00e0 grande decis\u00e3o europeia.<\/p>\n<p><\/p>\n<p style=\"margin:0px 0px 10px;padding:0px;border:0px;outline:0px;font-size:15px;vertical-align:baseline;color:rgb(51,51,51);line-height:21px\">Confesso-lhes de cora\u00e7\u00e3o, e mesmo sabendo das \u201cpedras que poder\u00e3o ser atiradas sobre mim\u201d tal como Maria Madalena e a par\u00e1bola b\u00edblica, que desde o final do jogo contra o Sampaio Correia eu n\u00e3o tive d\u00favidas sobre o que escolheria assistir: \u00e0 final da UEFA Champions League. Perdoem-me, mas de fato n\u00e3o conseguiria assistir a mais uma partida entre dois times fracos, sendo um deles (o nosso), mais uma vez mal escalado, mesmo em que pese \u00e0s perdas de jogadores primordiais para dar alguma qualidade a esse plantel, tais como Martin Silva, Guinaz\u00fa e Thalles.<\/p>\n<p><\/p>\n<p style=\"margin:0px 0px 10px;padding:0px;border:0px;outline:0px;font-size:15px;vertical-align:baseline;color:rgb(51,51,51);line-height:21px\">N\u00e3o \u00e9 quest\u00e3o, para mim, ser menos vasca\u00edno do que a quem, por exemplo, quis at\u00e9 mesmo pegar uma vaga na caravana com as torcidas organizadas vasca\u00ednas que se propuseram a ir para Joinville. Mas quem assim quiser considerar, tudo bem: vivemos, felizmente, em um pa\u00eds que ainda se permite a liberdade de express\u00e3o de certas opini\u00f5es, tais como essa. A quest\u00e3o \u00e9 n\u00e3o suportar mais nem um cent\u00edmetro do que passei a chamar de \u201cVasco fake\u201d. Certa vez, li ap\u00f3s uma derrota para o Olaria no certame carioca de 2010 de um ex-colunista desse s\u00edtio \u2013 Jo\u00e3o V\u00edtor Carvalho \u2013 algo que n\u00e3o esque\u00e7o at\u00e9 hoje: no alto de sua revolta perante \u00e0quela derrota, ele fez um texto pequeno, poupando maiores falat\u00f3rios, e sugeriu-nos na \u00e9poca: \u201cvoc\u00ea quer ter alguma alegria com o Vasco, ainda? <a href=\"http:\/\/www.youtube.com\"><\/a><a href=\"http:\/\/www.youtube.com\">www.youtube.com<\/a> . Digita l\u00e1 Edmundo, Rom\u00e1rio, Brasileir\u00e3o 1997, 2000, Libertadores 1998..\u201d E por a\u00ed vai&#8230;<\/p>\n<p><\/p>\n<p style=\"margin:0px 0px 10px;padding:0px;border:0px;outline:0px;font-size:15px;vertical-align:baseline;color:rgb(51,51,51);line-height:21px\">Sendo muito sincero, at\u00e9 mesmo em um grau de confiss\u00e3o no qual jamais gostaria de escrever-lhes, mas n\u00e3o vejo mais perspectiva nesse momento de o Vasco voltar \u00e0queles bons tempos que somente o <a href=\"http:\/\/youtube.com\">youtube.com<\/a> e a sala de trof\u00e9us em S\u00e3o Janu\u00e1rio s\u00e3o capazes de registrar. Com a gest\u00e3o Roberto, chance ZERO! Por consequ\u00eancia e motivo esse que torna, para mim, a imagem de Roberto ainda mais \u201cmanchada\u201d para mim, por motivos que podem ser pol\u00edticos ele pr\u00f3prio, Roberto, deve saber que em condi\u00e7\u00f5es conscientes de uma torcida sofrida h\u00e1 tempos n\u00e3o h\u00e1 a menor hip\u00f3tese de uma reelei\u00e7\u00e3o para mais tr\u00eas anos. E se isso viesse a acontecer, eu j\u00e1 come\u00e7aria a desconfiar que n\u00e3o somente os dirigentes do clube, mas seu pr\u00f3prio quadro de associados que s\u00e3o os que elegem o Presidente, a troco de s\u00f3 DEUS sabe o qu\u00ea, se acostumaram a pensar como pequenos, portanto, merecedores de tudo o que o Vasco est\u00e1 passando.<\/p>\n<p><\/p>\n<p style=\"margin:0px 0px 10px;padding:0px;border:0px;outline:0px;font-size:15px;vertical-align:baseline;color:rgb(51,51,51);line-height:21px\">E ao observar aos nomes daqueles que, oficialmente, j\u00e1 se lan\u00e7aram candidatos \u00e0 sucess\u00e3o Presidencial, concluo que se forem esses mesmos para mim, dificilmente, o atual panorama ir\u00e1 mudar. E nesse caso, nem em longo prazo&#8230;<\/p>\n<p><\/p>\n<p style=\"margin:0px 0px 10px;padding:0px;border:0px;outline:0px;font-size:15px;vertical-align:baseline;color:rgb(51,51,51);line-height:21px\"><strong style=\"margin:0px;padding:0px;border:0px;outline:0px;vertical-align:baseline;color:rgb(68,68,68);font-family:Arial,&#39;Times New Roman&#39;,serif\">A bravura contra a elite<\/strong><\/p>\n<p><\/p>\n<p style=\"margin:0px 0px 10px;padding:0px;border:0px;outline:0px;font-size:15px;vertical-align:baseline;color:rgb(51,51,51);line-height:21px\">Pelo canal concorrente \u00e0 m\u00eddia \u201ctoda-poderosa\u201d desse pa\u00eds, ESPN (sem querer fazer algum tipo de propaganda publicit\u00e1ria, apenas mostrando que existem op\u00e7\u00f5es melhores do que o mau jornalismo da Globo), assisti ao duelo desigual entre os dois times de Madrid. De um lado, o \u201cgal\u00e1ctico\u201d Real, poderoso, detentor de um dos lados da polariza\u00e7\u00e3o \u00e0 espanhola, o mesmo modelo que est\u00e3o em processo de implanta\u00e7\u00e3o aqui, no futebol brasileiro, em beneficio dos \u201cqueridinhos\u201d j\u00e1 conhecidos por todos. De outro, o bravo Atl\u00e9tico, que ressurgiu das cinzas, visitou a segunda divis\u00e3o espanhola faz nem tanto tempo. Ainda que o dinheiro ainda seja MUITO curto em rela\u00e7\u00e3o ao seu rival local, reconquistou o respeito, venceu a Copa do Rei ano passado, superou a ele pr\u00f3prio, Real, e ao outro lado da polariza\u00e7\u00e3o, Barcelona. Num duelo tal como \u201cDavi e Golias\u201d, por apenas dois minutos n\u00e3o presenciamos a hist\u00f3ria ser escrita da forma mais brava que lhe restava, haja vista o pouco capital de investimento que ainda possui.<\/p>\n<p><\/p>\n<p style=\"margin:0px 0px 10px;padding:0px;border:0px;outline:0px;font-size:15px;vertical-align:baseline;color:rgb(51,51,51);line-height:21px\">Por essas raz\u00f5es expostas, discordo dos que propagaram, como formadores de opini\u00f5es, das maiores m\u00eddias esportivas do pa\u00eds de que seria \u201ca derrota do futebol arte frente ao time que n\u00e3o quis jogo\u201d. Na verdade, foi a derrota de um modelo que poderia come\u00e7ar a ser rompido. O futebol espanhol \u00e9 a representa\u00e7\u00e3o fidedigna da falta de competitividade e elitiza\u00e7\u00e3o que N\u00c3O queremos em certame algum. Ainda que tenha ganho a Liga h\u00e1 quase dez dias, \u00e9 evidente que nova vit\u00f3ria na Liga mais importante do planeta significaria maior for\u00e7a na luta contra essa discrimina\u00e7\u00e3o entre Real Madrid e Barcelona para com os demais oponentes; e tamb\u00e9m uma atenua\u00e7\u00e3o e fortifica\u00e7\u00e3o \u00e0 luta daqueles que vislumbram n\u00e3o deixar que o futebol brasileiro, em breve, se torne campeonato de \u201ccartas marcadas\u201d impostas pela larga diferen\u00e7a de capacidade de investimento entre dois e mais dezoito clubes. Contra esse modelo desigual, o Atl\u00e9tico lutou com as \u201carmas\u201d que tinha, portanto, antes de torcer pela justi\u00e7a em campo h\u00e1 de se observar a injusti\u00e7a fora dele.<\/p>\n<p><\/p>\n<p style=\"margin:0px 0px 10px;padding:0px;border:0px;outline:0px;font-size:15px;vertical-align:baseline;color:rgb(51,51,51);line-height:21px\">Em tempo: obviamente, em meus sonhos \u2013 a cada dia mais ut\u00f3picos \u2013 que ostento de ver um Vasco, novamente, respeitado como Real e Barcelona, j\u00e1 me contentaria nesse momento hist\u00f3rico em ver o Vasco respeitado como o Atl\u00e9tico de Madrid. Se n\u00e3o \u00e9 o primor de time, \u00e9 bravo para brigar at\u00e9 a \u00faltima bola, ou at\u00e9 que o cansa\u00e7o mostrado na prorroga\u00e7\u00e3o o supere. \u00c9 bravo ao ponto de n\u00e3o se intimidar perante \u00e0 grandeza que o rico capital de investimento que o Real o imp\u00f5em, e crer que, ainda sim, \u00e9 poss\u00edvel, tal como quase foi. Acima de tudo, foi bravo para ressurgir das cinzas e reaparecer, em meio aos grandes, tal como grande que j\u00e1 foi um dia. Infelizmente, no entanto, o Vasco encontra-se institucionalmente e em termos de time, hoje, mais para Getafe do que para Atl\u00e9tico.<\/p>\n<p><\/p>\n<p style=\"margin:0px 0px 10px;padding:0px;border:0px;outline:0px;font-size:15px;vertical-align:baseline;color:rgb(51,51,51);line-height:21px\">Ah, mas j\u00e1 iria esquecendo: mesmo entre \u201ctrancos e barrancos\u201d, o Getafe ainda consegue ser da primeira divis\u00e3o em seu pa\u00eds&#8230;<\/p>\n<p><\/p>\n<p style=\"margin:0px 0px 10px;padding:0px;border:0px;outline:0px;font-size:15px;vertical-align:baseline;color:rgb(51,51,51);line-height:21px\"><strong style=\"margin:0px;padding:0px;border:0px;outline:0px;vertical-align:baseline;color:rgb(68,68,68);font-family:Arial,&#39;Times New Roman&#39;,serif\">Not\u00edcias da Corte<\/strong><\/p>\n<p><\/p>\n<p style=\"margin:0px 0px 10px;padding:0px;border:0px;outline:0px;font-size:15px;vertical-align:baseline;color:rgb(51,51,51);line-height:21px\">No \u00faltimo s\u00e1bado, cogitou-se pelas m\u00eddias vasca\u00ednas a respeito da possibilidade do Conselheiro Fiscal Jo\u00e3o Marcos Amorim, cujo grupo de origem \u00e9 a Cruzada Vasca\u00edna e que comp\u00f5e junto com o grupo Pr\u00f3-Vasco a chapa \u201c\u00c9 Vasco\u201d, ser o candidato \u00e0 sucess\u00e3o Presidencial de Roberto, nas pr\u00f3ximas elei\u00e7\u00f5es.<\/p>\n<p><\/p>\n<p style=\"margin:0px 0px 10px;padding:0px;border:0px;outline:0px;font-size:15px;vertical-align:baseline;color:rgb(51,51,51);line-height:21px\">H\u00e1 algum tempo, escrevi um artigo intitulado \u201cS\u00f3 a profissionaliza\u00e7\u00e3o salva?\u201d, enfatizando a necessidade de se haver a profissionaliza\u00e7\u00e3o com compet\u00eancia, mas tamb\u00e9m enxergar na profissionaliza\u00e7\u00e3o de toda a diretoria eleita, desde o Presidente como aos seus pares, como \u00fanico caminho para que pessoas capacitadas e que tenham, ainda, sua vida pessoal a ser constru\u00edda a dedicar maior parte de seu tempo usando suas compet\u00eancias para ajudar a reerguer o clube, devolvendo-lhe (ao Vasco) sua real condi\u00e7\u00e3o de GIGANTE, e assim conciliar a essas duas partes de grande import\u00e2ncia.<\/p>\n<p><\/p>\n<p style=\"margin:0px 0px 10px;padding:0px;border:0px;outline:0px;font-size:15px;vertical-align:baseline;color:rgb(51,51,51);line-height:21px\">Sob essa vis\u00e3o argumento que, caso assim j\u00e1 fosse, poder\u00edamos pensar, seriamente, em profissionais competentes, capacitados e mesmo que n\u00e3o admitindo abertamente na posi\u00e7\u00e3o de Presidente do clube, de forma a promover uma grande reestrutura\u00e7\u00e3o em TUDO no clube. Escrevo, especificamente nesse momento, sobre Rodrigo Caetano: para mim, o nome que seria ideal e MUITO mais confi\u00e1vel de apostar do que dirigentes amadores de \u201cpassados j\u00e1 dados no clube\u201d ou em outros que s\u00e3o ou que participaram ativamente da presente gest\u00e3o que reduziu o Vasco ao que estamos a ver, agora, e que hoje ou s\u00e3o candidatos \u00e0 Presidente ou apoiam a algum, excetuando a poucos que se salvam desses desastres do que foi e do que \u00e9.<\/p>\n<p><\/p>\n<p style=\"margin:0px 0px 10px;padding:0px;border:0px;outline:0px;font-size:15px;vertical-align:baseline;color:rgb(51,51,51);line-height:21px\">Jo\u00e3o Marcos \u00e9 participante ativo de O \u00daNICO poder que, de fato, funciona no clube. Conheci sua pessoa, seu car\u00e1ter e sua compet\u00eancia quando na \u00e9poca em que fiz parte de um grupo pol\u00edtico. Contudo, possui uma vida ainda a consolidar, e tenho d\u00favidas somente se o seu tempo dispon\u00edvel seria suficiente para conciliar o mais alto cargo de um clube com a necessidade de manter suas atividades profissionais. Afora esse fator, n\u00e3o tenho d\u00favidas que, se apoiado por um grupo que tenha projetos e que lhe d\u00ea respaldo, poderia ser um bom nome para sucess\u00e3o, MUITO MELHOR do que \u00e0queles que se lan\u00e7aram, at\u00e9 ent\u00e3o.<\/p>\n<p><\/p>\n<p style=\"margin:0px 0px 10px;padding:0px;border:0px;outline:0px;font-size:15px;vertical-align:baseline;color:rgb(51,51,51);line-height:21px\"><strong style=\"margin:0px;padding:0px;border:0px;outline:0px;vertical-align:baseline;color:rgb(68,68,68);font-family:Arial,&#39;Times New Roman&#39;,serif\">\u201cToques finais\u201d<\/strong><\/p>\n<p><\/p>\n<p style=\"margin:0px 0px 10px;padding:0px;border:0px;outline:0px;font-size:15px;vertical-align:baseline;color:rgb(51,51,51);line-height:21px\">1\u00ba) Nesse tempo em que se espera mais que a atual fornecedora de material esportivo esteja LONGE do clube daqui a alguns meses, a mesma lan\u00e7a sua camisa do clube em dupla face com a da sele\u00e7\u00e3o brasileira. Sou capaz de crer, nesse momento hist\u00f3rico do pa\u00eds no qual vivemos, que se a mesma lan\u00e7asse a dupla face da camisa do Vasco com a de Portugal, venderia MUITO mais do que a rec\u00e9m-lan\u00e7ada. Eu, pr\u00f3prio, seria um dos que a compraria.<\/p>\n<p><\/p>\n<p style=\"margin:0px 0px 10px;padding:0px;border:0px;outline:0px;font-size:15px;vertical-align:baseline;color:rgb(51,51,51);line-height:21px\">2\u00ba) O lado triste dessa hist\u00f3ria \u00e9 saber que, ap\u00f3s esse lan\u00e7amento, \u00e9 prov\u00e1vel que a atual fornecedora ainda fique algum tempo mais no clube. Enquanto isso, o Fluminense com a metade dos torcedores do Vasco ganhar\u00e1 algo em torno de DEZESSETE MILH\u00d5ES DE REAIS POR ANO da Adidas, al\u00e9m de ser uma marca de repercuss\u00e3o internacional.<\/p>\n<p><\/p>\n<p style=\"margin:0px 0px 10px;padding:0px;border:0px;outline:0px;font-size:15px;vertical-align:baseline;color:rgb(51,51,51);line-height:21px\">3\u00ba) Como j\u00e1 se previa, Thalles foi para a \u201cvitrine\u201d com a sele\u00e7\u00e3o de j\u00faniores, e conforme j\u00e1 consta no notici\u00e1rio, j\u00e1 h\u00e1 grandes clubes interessados em seus direitos federativos. Dificilmente, emplaca at\u00e9 final do ano no Vasco, infelizmente. \u00c9 vend\u00ea-lo para fechar o \u201crombo\u201d aberto e deixado pelos Michel Alves, Nei, Renato Silva, d\u00edvidas de ex-dirigentes que ofenderam deliberadamente a terceiros e quem paga, agora, \u00e9 o Vasco, e por a\u00ed vai&#8230;<\/p>\n<p>\n<\/div>\n<p>\n<\/div>\n<p><\/p>\n","protected":false},"excerpt":{"rendered":"<p>S\u00e1bado \u00e0 tarde, um dos poucos momentos em que estou em casa nessa minha vida&#8230;<\/p>\n","protected":false},"author":12,"featured_media":341,"comment_status":"open","ping_status":"closed","sticky":false,"template":"","format":"standard","meta":{"footnotes":""},"categories":[3],"tags":[],"class_list":["post-850","post","type-post","status-publish","format-standard","has-post-thumbnail","hentry","category-colunistas"],"_links":{"self":[{"href":"https:\/\/webvasco.com\/artigos\/wp-json\/wp\/v2\/posts\/850","targetHints":{"allow":["GET"]}}],"collection":[{"href":"https:\/\/webvasco.com\/artigos\/wp-json\/wp\/v2\/posts"}],"about":[{"href":"https:\/\/webvasco.com\/artigos\/wp-json\/wp\/v2\/types\/post"}],"author":[{"embeddable":true,"href":"https:\/\/webvasco.com\/artigos\/wp-json\/wp\/v2\/users\/12"}],"replies":[{"embeddable":true,"href":"https:\/\/webvasco.com\/artigos\/wp-json\/wp\/v2\/comments?post=850"}],"version-history":[{"count":0,"href":"https:\/\/webvasco.com\/artigos\/wp-json\/wp\/v2\/posts\/850\/revisions"}],"wp:featuredmedia":[{"embeddable":true,"href":"https:\/\/webvasco.com\/artigos\/wp-json\/wp\/v2\/media\/341"}],"wp:attachment":[{"href":"https:\/\/webvasco.com\/artigos\/wp-json\/wp\/v2\/media?parent=850"}],"wp:term":[{"taxonomy":"category","embeddable":true,"href":"https:\/\/webvasco.com\/artigos\/wp-json\/wp\/v2\/categories?post=850"},{"taxonomy":"post_tag","embeddable":true,"href":"https:\/\/webvasco.com\/artigos\/wp-json\/wp\/v2\/tags?post=850"}],"curies":[{"name":"wp","href":"https:\/\/api.w.org\/{rel}","templated":true}]}}