{"id":8500,"date":"2018-03-10T23:57:14","date_gmt":"2018-03-11T02:57:14","guid":{"rendered":"http:\/\/webvasco.com\/artigos\/colunistas\/luizcarlosrocha\/sambou-2\/"},"modified":"2018-03-10T23:57:14","modified_gmt":"2018-03-11T02:57:14","slug":"sambou-2","status":"publish","type":"post","link":"https:\/\/webvasco.com\/artigos\/colunistas\/luizcarlosrocha\/sambou-2\/","title":{"rendered":"SAMBOU!"},"content":{"rendered":"<p>O time da terra do Samba, o Madureira, requebrou, ou melhor, dan\u00e7ou diante do Vasco da Gama, no Est\u00e1dio de Mo\u00e7a Bonita, em Bangu, Zona Oeste Carioca, hoje. Com o placar de 3 a 1 (gols de Evander, Andr\u00e9s Rios e Rildo, descontou Igor Catatau), o Cruzmaltino praticamente garantiu a vaga para a Semifinal da Ta\u00e7a Rio, Segundo Turno do Campeonato Regional.<\/p>\n<p>O Gigante da Colina disputou a partida com um time suplente, poupando os titulares para a estreia da Libertadores. Embora a garotada n\u00e3o tenha tanta experi\u00eancia, os meninos da base deram conta do recado, e a Mo\u00e7a Bonita sambou em tr\u00eas cores.<\/p>\n<p>Conquanto tenha perdido um gol na cara do goleiro Jonathan, o menino Evander foi o destaque do jogo. Al\u00e9m de um dos gols em favor do time de S\u00e3o Janu\u00e1rio fez belas tabelinhas com seus companheiros, e deu passes importantes. O meia \u00e9 um diamante bruto, que se bem lapidado dar\u00e1 trabalho aos advers\u00e1rios, e bons frutos ao clube.<\/p>\n<p>Agora \u00e9 pensar na partida contra a Universidad de Chile, pela Liberta, em S\u00e3o Janu\u00e1rio, \u00e0s 21h30m, ter\u00e7a-feira, dia 13 de mar\u00e7o. Depois, no domingo, dia 18, encerra sua participa\u00e7\u00e3o na Ta\u00e7a Rio jogando o cl\u00e1ssico com o Botafogo, \u00e0s 16h, no Est\u00e1dio Nilton Santos, o Engenh\u00e3o.<\/p>\n<p><strong>VERGONHA (MAIS DE 4 ANOS!):<\/strong><\/p>\n<p>DEPOIS DE AGUARDAR <strong> 57 MESES, OU SEJA, 4 ANOS E 9 MESES! (CARRO DESDE 10 DE JUNHO DE 2013)<\/strong> COM O CARRO PRESO NA OFICINA DA ABOLI\u00c7\u00c3O VE\u00cdCULOS COM APENAS 729 KM RODADOS, EM UM PROCESSO COM 8 VOLUMES, NA 1\u00aa VARA CIVEL, DA COMARCA DE NITER\u00d3I\/RJ, REGIONAL OCE\u00c2NICA, A SENTEN\u00c7A FOI INDEFERIR TODOS OS MEUS PEDIDOS E AINDA CONDENAR EM 10% DE CUSTAS JUDICIAIS. OU SEJA, FIQUEI SEM CARRO ESSE TEMPO TODO (MESMO PAGANDO \u00c0 VISTA POR ELE), JUNTEI PROVAS COMO REGISTRO DE OCORR\u00caNCIA DA POL\u00cdCIA CIVIL\/RJ, BOLETIM DE OCORR\u00caNCIA DA POLICIA MILITAR\/RJ, ORDENS DE SERVI\u00c7O, MAIS DE 600 FOTOGRAFIAS, MAIS DE 40 \u00c1UDIOS, NOTAS FISCAIS, NOTAS DE T\u00c1XI, PRONTU\u00c1RIOS M\u00c9DICOS, POIS NESTE PER\u00cdODO TIVE PROBLEMAS DE SA\u00daDE, BEM COMO MEUS FAMILIARES, TENDO UMA FILHA QUE HOJE TEM APENAS 5 ANOS, NA \u00c9POCA POUCO MAIS DE 1 ANINHO. VALE LEMBRAR, QUE OS PRIMEIROS DEFEITOS SE DERAM QUANDO O CARRO TINHA MENOS DE 30 KM RODADOS. TUDO ISSO PARA NADA. QUEM GOSTOU DO RESULTADO DA DOUTA MAGRISTRADA FORAM AS EMPRESAS R\u00c9S \u2013 QUE ME LESARAM \u2013 ABOLI\u00c7\u00c3O VE\u00cdCULOS E VW DO BRASIL <strong>(PROCESSO: No 0016370-44.2013.8.19.0212).<\/strong><\/p>\n<p><strong>AP\u00d3S AS TODAS AS PARTIDAS DO VASC\u00c3O EM MEU PERFIL DO FACEBOOK (QUEM QUISER RECEBER AS CR\u00d4NICAS DE PRIMEIRA M\u00c3O \u00c9 S\u00d3 ME ADICIONAR), E NO SITE WEBVASCO (www.webvasco.com), TEM A OPINI\u00c3O DO JORNALISTA LUIZ CARLOS ROCHA. LEIAM! COMPARTILHEM E CURTAM! VASCA\u00cdNOS UNIDOS JAMAIS SER\u00c3O VENCIDOS.<\/strong><\/p>\n","protected":false},"excerpt":{"rendered":"<p>O time da terra do Samba, o Madureira, requebrou, ou melhor, dan\u00e7ou diante do Vasco&#8230;<\/p>\n","protected":false},"author":7,"featured_media":0,"comment_status":"open","ping_status":"closed","sticky":false,"template":"","format":"standard","meta":{"footnotes":""},"categories":[4],"tags":[],"class_list":["post-8500","post","type-post","status-publish","format-standard","hentry","category-luizcarlosrocha"],"_links":{"self":[{"href":"https:\/\/webvasco.com\/artigos\/wp-json\/wp\/v2\/posts\/8500","targetHints":{"allow":["GET"]}}],"collection":[{"href":"https:\/\/webvasco.com\/artigos\/wp-json\/wp\/v2\/posts"}],"about":[{"href":"https:\/\/webvasco.com\/artigos\/wp-json\/wp\/v2\/types\/post"}],"author":[{"embeddable":true,"href":"https:\/\/webvasco.com\/artigos\/wp-json\/wp\/v2\/users\/7"}],"replies":[{"embeddable":true,"href":"https:\/\/webvasco.com\/artigos\/wp-json\/wp\/v2\/comments?post=8500"}],"version-history":[{"count":0,"href":"https:\/\/webvasco.com\/artigos\/wp-json\/wp\/v2\/posts\/8500\/revisions"}],"wp:attachment":[{"href":"https:\/\/webvasco.com\/artigos\/wp-json\/wp\/v2\/media?parent=8500"}],"wp:term":[{"taxonomy":"category","embeddable":true,"href":"https:\/\/webvasco.com\/artigos\/wp-json\/wp\/v2\/categories?post=8500"},{"taxonomy":"post_tag","embeddable":true,"href":"https:\/\/webvasco.com\/artigos\/wp-json\/wp\/v2\/tags?post=8500"}],"curies":[{"name":"wp","href":"https:\/\/api.w.org\/{rel}","templated":true}]}}