{"id":8501,"date":"2018-03-14T17:10:50","date_gmt":"2018-03-14T20:10:50","guid":{"rendered":"http:\/\/webvasco.com\/artigos\/colunistas\/luizcarlosrocha\/onde-enfiou-a-velinha\/"},"modified":"2018-03-14T17:10:50","modified_gmt":"2018-03-14T20:10:50","slug":"onde-enfiou-a-velinha","status":"publish","type":"post","link":"https:\/\/webvasco.com\/artigos\/colunistas\/luizcarlosrocha\/onde-enfiou-a-velinha\/","title":{"rendered":"ONDE ENFIOU A VELINHA?"},"content":{"rendered":"<p>Em noite de anivers\u00e1rio do treinador Z\u00e9 Ricardo, S\u00e3o Janu\u00e1rio lotado v\u00ea a Universidad do Chile bater o Vasco da Gama, por 1 a 0, gol de Araos, aos 31 minutos da etapa complementar, testemunhando assim uma p\u00e9ssima estreia na Copa Libertadores da Am\u00e9rica. Com o p\u00edfio resultado, o Cruzmaltino amarga a terceira coloca\u00e7\u00e3o (de quatro participantes), no Grupo 5, com nenhum ponto ganho (em tr\u00eas disputados) e saldo negativo de um gol.<\/p>\n<p>A competi\u00e7\u00e3o continental supramencionada n\u00e3o \u00e9 para qualquer Z\u00e9 Ruela comandar uma equipe que j\u00e1 foi campe\u00e3 em duas edi\u00e7\u00f5es (1948 e 1998). Os erros cometidos ontem, pelo Bacalhau foram infantis, que jamais um time de v\u00e1rzea cometeria. Paul\u00e3o \u00e9 nome de seguran\u00e7a de prost\u00edbulo! Esse atleta n\u00e3o joga rigorosamente nada. Ali\u00e1s a defesa inteira \u00e9 uma l\u00e1stima. N\u00e3o h\u00e1 um atleta que pode-se considerar mediano.<\/p>\n<p>Outro que n\u00e3o deveria passar perto da Colina Hist\u00f3rica \u00e9 Andr\u00e9s Rios. Pois de atacante ele n\u00e3o tem nada. A n\u00e3o ser que seja de nervos do torcedor vasca\u00edno. Visivelmente jogador de empres\u00e1rio. Enquanto a mentalidade do clube for fortalecer \u2013 ou seria locupletar? \u2013 empres\u00e1rios-vampiros a sa\u00fade financeira estar\u00e1 cada vez mais decadente. \u00c9 preciso investir mais na base (com seriedade e sem interfer\u00eancia de sanguessugas), para colher no futuro. Assim faz-se administra\u00e7\u00e3o desportiva.<\/p>\n<p>A pr\u00f3xima partida do Vasco, pela Libertadores, ser\u00e1 dia 04 de abril, contra o Cruzeiro, em Minas. Por\u00e9m, antes disso, domingo, dia 18, pela Ta\u00e7a Rio jogar\u00e1 o cl\u00e1ssico contra o Botafogo, \u00e0s 16h, no Engenh\u00e3o.<\/p>\n<p>Mas voltando ao anivers\u00e1rio: O chopp colocaram \u00e1gua. O bal\u00e3o estava sem ar. O bolo azedou. Os convidados sa\u00edram reclamando \u2013 com toda a raz\u00e3o neste caso- e xingando os anfitri\u00f5es. Contudo, ainda assim foi lucro, pois a Imensa Torcida Bem Feliz (maltratada) poderia cantarolar em coro: \u201cChegou a hora de apagar a Velhinha (neste caso velhinho, com manias e indument\u00e1rias antigas)&#8230;\u201d<\/p>\n<p><strong>VERGONHA (MAIS DE 4 ANOS!):<\/strong><\/p>\n<p>DEPOIS DE AGUARDAR <strong> 57 MESES, OU SEJA, 4 ANOS E 9 MESES! (CARRO DESDE 10 DE JUNHO DE 2013)<\/strong> COM O CARRO PRESO NA OFICINA DA ABOLI\u00c7\u00c3O VE\u00cdCULOS COM APENAS 729 KM RODADOS, EM UM PROCESSO COM 8 VOLUMES, NA 1\u00aa VARA CIVEL, DA COMARCA DE NITER\u00d3I\/RJ, REGIONAL OCE\u00c2NICA, A SENTEN\u00c7A FOI INDEFERIR TODOS OS MEUS PEDIDOS E AINDA CONDENAR EM 10% DE CUSTAS JUDICIAIS. OU SEJA, FIQUEI SEM CARRO ESSE TEMPO TODO (MESMO PAGANDO \u00c0 VISTA POR ELE), JUNTEI PROVAS COMO REGISTRO DE OCORR\u00caNCIA DA POL\u00cdCIA CIVIL\/RJ, BOLETIM DE OCORR\u00caNCIA DA POLICIA MILITAR\/RJ, ORDENS DE SERVI\u00c7O, MAIS DE 600 FOTOGRAFIAS, MAIS DE 40 \u00c1UDIOS, NOTAS FISCAIS, NOTAS DE T\u00c1XI, PRONTU\u00c1RIOS M\u00c9DICOS, POIS NESTE PER\u00cdODO TIVE PROBLEMAS DE SA\u00daDE, BEM COMO MEUS FAMILIARES, TENDO UMA FILHA QUE HOJE TEM APENAS 5 ANOS, NA \u00c9POCA POUCO MAIS DE 1 ANINHO. VALE LEMBRAR, QUE OS PRIMEIROS DEFEITOS SE DERAM QUANDO O CARRO TINHA MENOS DE 30 KM RODADOS. TUDO ISSO PARA NADA. QUEM GOSTOU DO RESULTADO DA DOUTA MAGRISTRADA FORAM AS EMPRESAS R\u00c9S \u2013 QUE ME LESARAM \u2013 ABOLI\u00c7\u00c3O VE\u00cdCULOS E VW DO BRASIL <strong>(PROCESSO: No 0016370-44.2013.8.19.0212).<\/strong><\/p>\n<p><strong>AP\u00d3S AS TODAS AS PARTIDAS DO VASC\u00c3O EM MEU PERFIL DO FACEBOOK (QUEM QUISER RECEBER AS CR\u00d4NICAS DE PRIMEIRA M\u00c3O \u00c9 S\u00d3 ME ADICIONAR), E NO SITE WEBVASCO (www.webvasco.com), TEM A OPINI\u00c3O DO JORNALISTA LUIZ CARLOS ROCHA. LEIAM! COMPARTILHEM E CURTAM! VASCA\u00cdNOS UNIDOS JAMAIS SER\u00c3O VENCIDOS.<\/strong><\/p>\n","protected":false},"excerpt":{"rendered":"<p>Em noite de anivers\u00e1rio do treinador Z\u00e9 Ricardo, S\u00e3o Janu\u00e1rio lotado v\u00ea a Universidad do&#8230;<\/p>\n","protected":false},"author":7,"featured_media":0,"comment_status":"open","ping_status":"closed","sticky":false,"template":"","format":"standard","meta":{"footnotes":""},"categories":[4],"tags":[],"class_list":["post-8501","post","type-post","status-publish","format-standard","hentry","category-luizcarlosrocha"],"_links":{"self":[{"href":"https:\/\/webvasco.com\/artigos\/wp-json\/wp\/v2\/posts\/8501","targetHints":{"allow":["GET"]}}],"collection":[{"href":"https:\/\/webvasco.com\/artigos\/wp-json\/wp\/v2\/posts"}],"about":[{"href":"https:\/\/webvasco.com\/artigos\/wp-json\/wp\/v2\/types\/post"}],"author":[{"embeddable":true,"href":"https:\/\/webvasco.com\/artigos\/wp-json\/wp\/v2\/users\/7"}],"replies":[{"embeddable":true,"href":"https:\/\/webvasco.com\/artigos\/wp-json\/wp\/v2\/comments?post=8501"}],"version-history":[{"count":0,"href":"https:\/\/webvasco.com\/artigos\/wp-json\/wp\/v2\/posts\/8501\/revisions"}],"wp:attachment":[{"href":"https:\/\/webvasco.com\/artigos\/wp-json\/wp\/v2\/media?parent=8501"}],"wp:term":[{"taxonomy":"category","embeddable":true,"href":"https:\/\/webvasco.com\/artigos\/wp-json\/wp\/v2\/categories?post=8501"},{"taxonomy":"post_tag","embeddable":true,"href":"https:\/\/webvasco.com\/artigos\/wp-json\/wp\/v2\/tags?post=8501"}],"curies":[{"name":"wp","href":"https:\/\/api.w.org\/{rel}","templated":true}]}}