{"id":8502,"date":"2018-03-19T11:44:17","date_gmt":"2018-03-19T14:44:17","guid":{"rendered":"http:\/\/webvasco.com\/artigos\/colunistas\/luizcarlosrocha\/riascos-mandou-a-letra\/"},"modified":"2018-03-19T11:44:17","modified_gmt":"2018-03-19T14:44:17","slug":"riascos-mandou-a-letra","status":"publish","type":"post","link":"https:\/\/webvasco.com\/artigos\/colunistas\/luizcarlosrocha\/riascos-mandou-a-letra\/","title":{"rendered":"RIASCOS MANDOU A LETRA!"},"content":{"rendered":"<p>Vasco da Gama bateu ontem, o Botafogo por 3 a 2, em pleno Est\u00e1dio Nilton Santos, o Engenh\u00e3o, em tarde de muitas emo\u00e7\u00f5es \u2013 como diz o vasca\u00edno Roberto Carlos \u2013 na Ta\u00e7a Rio, Segundo Turno do Campeonato Carioca. A partida v\u00e1lida pela \u00faltima rodada da fase de grupos foi testemunhada por 12.647 torcedores presentes. Com o resultado, o Cruzmaltino ficou em primeiro lugar na tabela de classifica\u00e7\u00e3o do Grupo B, somando 13 pontos ganhos.<\/p>\n<p>O jogo da semifinal, na qual o Gigante da Colina enfrentar\u00e1 o Alvinegro, ser\u00e1 quarta-feira, dia 21 de mar\u00e7o, \u00e0s 21h45m, no mesmo Engenh\u00e3o. A vantagem do empate para a equipe de S\u00e3o Janu\u00e1rio se deu devido a coloca\u00e7\u00e3o na tabela de classifica\u00e7\u00e3o. O Vasco encerrou a participa\u00e7\u00e3o no Grupo B como primeiro colocado, e o Botafogo segundo na disputado do C.<\/p>\n<p>No espet\u00e1culo de 5 gols marcaram para o Mach\u00e3o da Gama: Riascos (gola\u00e7o de letra), Andr\u00e9s Rios e Paulinho. Para a Cachorrada: Rodrigo Lindoso e Brenner. Fora o baile! Deu a escrita, pois o Vasc\u00e3o tem uma performance melhor em confrontos diretos. S\u00f3 para n\u00e3o perder a piada: Quem foi o segundo colocado no Grupo B? O vice? Sempre eles, os Exclu\u00eddos!<\/p>\n<p><strong>HOSPITAL:<\/strong> Jo\u00e3o Paulo em duelo contra Rildo levou a pior. Teve fratura na perna em tr\u00eas partes. Saiu de campo na hora. O volante foi operado e passa bem. Logo ap\u00f3s, o mesmo Rildo, em dividida com o lateral direito Marcinho, teve uma Luxa\u00e7\u00e3o no ombro e tamb\u00e9m saiu de ambul\u00e2ncia. H\u00e1 quem diga que o meia sofreu a Lei do Retorno. J\u00e1 o atacante Brenner, mesmo machucado e usando uma touca de nata\u00e7\u00e3o, ainda conseguiu levar o Botafogo ao empate, fazendo seu gol de cabe\u00e7a, e n\u00e3o foi parar no hospital.<\/p>\n<p><strong>VERGONHA (MAIS DE 4 ANOS!):<\/strong><\/p>\n<p>DEPOIS DE AGUARDAR <strong> 57 MESES, OU SEJA, 4 ANOS E 9 MESES! (CARRO DESDE 10 DE JUNHO DE 2013)<\/strong> COM O CARRO PRESO NA OFICINA DA ABOLI\u00c7\u00c3O VE\u00cdCULOS COM APENAS 729 KM RODADOS, EM UM PROCESSO COM 8 VOLUMES, NA 1\u00aa VARA CIVEL, DA COMARCA DE NITER\u00d3I\/RJ, REGIONAL OCE\u00c2NICA, A SENTEN\u00c7A FOI INDEFERIR TODOS OS MEUS PEDIDOS E AINDA CONDENAR EM 10% DE CUSTAS JUDICIAIS. OU SEJA, FIQUEI SEM CARRO ESSE TEMPO TODO (MESMO PAGANDO \u00c0 VISTA POR ELE), JUNTEI PROVAS COMO REGISTRO DE OCORR\u00caNCIA DA POL\u00cdCIA CIVIL\/RJ, BOLETIM DE OCORR\u00caNCIA DA POLICIA MILITAR\/RJ, ORDENS DE SERVI\u00c7O, MAIS DE 600 FOTOGRAFIAS, MAIS DE 40 \u00c1UDIOS, NOTAS FISCAIS, NOTAS DE T\u00c1XI, PRONTU\u00c1RIOS M\u00c9DICOS, POIS NESTE PER\u00cdODO TIVE PROBLEMAS DE SA\u00daDE, BEM COMO MEUS FAMILIARES, TENDO UMA FILHA QUE HOJE TEM APENAS 5 ANOS, NA \u00c9POCA POUCO MAIS DE 1 ANINHO. VALE LEMBRAR, QUE OS PRIMEIROS DEFEITOS SE DERAM QUANDO O CARRO TINHA MENOS DE 30 KM RODADOS. TUDO ISSO PARA NADA. QUEM GOSTOU DO RESULTADO DA DOUTA MAGRISTRADA FORAM AS EMPRESAS R\u00c9S \u2013 QUE ME LESARAM \u2013 ABOLI\u00c7\u00c3O VE\u00cdCULOS E VW DO BRASIL <strong>(PROCESSO: No 0016370-44.2013.8.19.0212).<\/strong><\/p>\n<p><strong>AP\u00d3S AS TODAS AS PARTIDAS DO VASC\u00c3O EM MEU PERFIL DO FACEBOOK (QUEM QUISER RECEBER AS CR\u00d4NICAS DE PRIMEIRA M\u00c3O \u00c9 S\u00d3 ME ADICIONAR), E NO SITE WEBVASCO (www.webvasco.com), TEM A OPINI\u00c3O DO JORNALISTA LUIZ CARLOS ROCHA. LEIAM! COMPARTILHEM E CURTAM! VASCA\u00cdNOS UNIDOS JAMAIS SER\u00c3O VENCIDOS.<\/strong><\/p>\n","protected":false},"excerpt":{"rendered":"<p>Vasco da Gama bateu ontem, o Botafogo por 3 a 2, em pleno Est\u00e1dio Nilton&#8230;<\/p>\n","protected":false},"author":7,"featured_media":0,"comment_status":"open","ping_status":"closed","sticky":false,"template":"","format":"standard","meta":{"footnotes":""},"categories":[4],"tags":[],"class_list":["post-8502","post","type-post","status-publish","format-standard","hentry","category-luizcarlosrocha"],"_links":{"self":[{"href":"https:\/\/webvasco.com\/artigos\/wp-json\/wp\/v2\/posts\/8502","targetHints":{"allow":["GET"]}}],"collection":[{"href":"https:\/\/webvasco.com\/artigos\/wp-json\/wp\/v2\/posts"}],"about":[{"href":"https:\/\/webvasco.com\/artigos\/wp-json\/wp\/v2\/types\/post"}],"author":[{"embeddable":true,"href":"https:\/\/webvasco.com\/artigos\/wp-json\/wp\/v2\/users\/7"}],"replies":[{"embeddable":true,"href":"https:\/\/webvasco.com\/artigos\/wp-json\/wp\/v2\/comments?post=8502"}],"version-history":[{"count":0,"href":"https:\/\/webvasco.com\/artigos\/wp-json\/wp\/v2\/posts\/8502\/revisions"}],"wp:attachment":[{"href":"https:\/\/webvasco.com\/artigos\/wp-json\/wp\/v2\/media?parent=8502"}],"wp:term":[{"taxonomy":"category","embeddable":true,"href":"https:\/\/webvasco.com\/artigos\/wp-json\/wp\/v2\/categories?post=8502"},{"taxonomy":"post_tag","embeddable":true,"href":"https:\/\/webvasco.com\/artigos\/wp-json\/wp\/v2\/tags?post=8502"}],"curies":[{"name":"wp","href":"https:\/\/api.w.org\/{rel}","templated":true}]}}