{"id":8504,"date":"2018-03-22T14:15:41","date_gmt":"2018-03-22T17:15:41","guid":{"rendered":"http:\/\/webvasco.com\/artigos\/colunistas\/luizcarlosrocha\/melancia\/"},"modified":"2018-03-22T14:15:41","modified_gmt":"2018-03-22T17:15:41","slug":"melancia","status":"publish","type":"post","link":"https:\/\/webvasco.com\/artigos\/colunistas\/luizcarlosrocha\/melancia\/","title":{"rendered":"MELANCIA!"},"content":{"rendered":"<p>A noite tinha tudo para ser boa, e, sobretudo, comemorativa. Mas como diziam os antigos, certos alimentos, em determinados hor\u00e1rios d\u00e1 indigest\u00e3o. O incompetente goleiro Gabriel F\u00e9lix entregou o jogo e a classifica\u00e7\u00e3o para o Botafogo, ao ser respons\u00e1vel por quase tudo de errado que aconteceu na partida de ontem, no Est\u00e1dio Nilton Santos, pela Semifinal da Ta\u00e7a Rio (2\u00ba Turno do Campeonato Carioca). Resultado: 3 a 2 para a Cachorrada (Brenner, Luiz Fernando e Igor Rabello para os donos da casa. Erazo e Riascos descontaram)!<\/p>\n<p>N\u00e3o foi s\u00f3 o fardo da elimina\u00e7\u00e3o, mas principalmente porque o Vasco da Gama dependia apenas de um simples empate com uma equipe que s\u00f3 se classificou com a ajuda do Exclu\u00eddo da G\u00e1vea, pelo saldo de gols. Ou seja, o An\u00e3o da Colina (nem de longe merece ser chamado de Gigante) conseguiu perder a partida e a classifica\u00e7\u00e3o para a final\u00edssima do Returno para uma equipe de v\u00e1rzea melhorada! Que l\u00e1stima!<\/p>\n<p>Com a culpa quase que exclusiva, o arqueiro Gabriel F\u00e9lix pode ser mesmo considerado um goleiro-melancia. Isto, porque, por fora o atleta \u00e9 nitidamente longe do peso ideal, e ainda est\u00e1 verde para assumir a posi\u00e7\u00e3o no time \u2013 mesmo que de suplente \u2013 e por dentro vermelho de vergonha por ser respons\u00e1vel (neste caso irrespons\u00e1vel) por falhas bisonhas! A Imensa Torcida Bem (In) Feliz jamais pensou que teria saudades do companheiro de posi\u00e7\u00e3o Jordi, mas creio que seria melhor op\u00e7\u00e3o por duas diferen\u00e7as. Embora o n\u00edvel t\u00e9cnico seja o mesmo, Jordi \u00e9 mais esbelto e t\u00eam mais sorte.<\/p>\n<p>Enquanto estiver digerindo essa melancia, o treinador Z\u00e9 Ruela, digo Z\u00e9 Ricardo, poder\u00e1 assistir confortavelmente a final domingo no sof\u00e1 de sua casa, ou quem sabe ir ao confronto contra o Botafogo com o pano de ch\u00e3o de sua prefer\u00eancia. Afinal, ele nunca deveria ter sa\u00eddo de l\u00e1.<\/p>\n<p><strong>VERGONHA (MAIS DE 4 ANOS!):<\/strong><\/p>\n<p>DEPOIS DE AGUARDAR <strong> 57 MESES, OU SEJA, 4 ANOS E 9 MESES! (CARRO DESDE 10 DE JUNHO DE 2013)<\/strong> COM O CARRO PRESO NA OFICINA DA ABOLI\u00c7\u00c3O VE\u00cdCULOS COM APENAS 729 KM RODADOS, EM UM PROCESSO COM 8 VOLUMES, NA 1\u00aa VARA CIVEL, DA COMARCA DE NITER\u00d3I\/RJ, REGIONAL OCE\u00c2NICA, A SENTEN\u00c7A FOI INDEFERIR TODOS OS MEUS PEDIDOS E AINDA CONDENAR EM 10% DE CUSTAS JUDICIAIS. OU SEJA, FIQUEI SEM CARRO ESSE TEMPO TODO (MESMO PAGANDO \u00c0 VISTA POR ELE), JUNTEI PROVAS COMO REGISTRO DE OCORR\u00caNCIA DA POL\u00cdCIA CIVIL\/RJ, BOLETIM DE OCORR\u00caNCIA DA POLICIA MILITAR\/RJ, ORDENS DE SERVI\u00c7O, MAIS DE 600 FOTOGRAFIAS, MAIS DE 40 \u00c1UDIOS, NOTAS FISCAIS, NOTAS DE T\u00c1XI, PRONTU\u00c1RIOS M\u00c9DICOS, POIS NESTE PER\u00cdODO TIVE PROBLEMAS DE SA\u00daDE, BEM COMO MEUS FAMILIARES, TENDO UMA FILHA QUE HOJE TEM APENAS 5 ANOS, NA \u00c9POCA POUCO MAIS DE 1 ANINHO. VALE LEMBRAR, QUE OS PRIMEIROS DEFEITOS SE DERAM QUANDO O CARRO TINHA MENOS DE 30 KM RODADOS. TUDO ISSO PARA NADA. QUEM GOSTOU DO RESULTADO DA DOUTA MAGRISTRADA FORAM AS EMPRESAS R\u00c9S \u2013 QUE ME LESARAM \u2013 ABOLI\u00c7\u00c3O VE\u00cdCULOS E VW DO BRASIL <strong>(PROCESSO: No 0016370-44.2013.8.19.0212).<\/strong><\/p>\n<p><strong>AP\u00d3S AS TODAS AS PARTIDAS DO VASC\u00c3O EM MEU PERFIL DO FACEBOOK (QUEM QUISER RECEBER AS CR\u00d4NICAS DE PRIMEIRA M\u00c3O \u00c9 S\u00d3 ME ADICIONAR), E NO SITE WEBVASCO (www.webvasco.com), TEM A OPINI\u00c3O DO JORNALISTA LUIZ CARLOS ROCHA. LEIAM! COMPARTILHEM E CURTAM! VASCA\u00cdNOS UNIDOS JAMAIS SER\u00c3O VENCIDOS.<\/strong><\/p>\n","protected":false},"excerpt":{"rendered":"<p>A noite tinha tudo para ser boa, e, sobretudo, comemorativa. Mas como diziam os antigos,&#8230;<\/p>\n","protected":false},"author":7,"featured_media":0,"comment_status":"open","ping_status":"closed","sticky":false,"template":"","format":"standard","meta":{"footnotes":""},"categories":[4],"tags":[],"class_list":["post-8504","post","type-post","status-publish","format-standard","hentry","category-luizcarlosrocha"],"_links":{"self":[{"href":"https:\/\/webvasco.com\/artigos\/wp-json\/wp\/v2\/posts\/8504","targetHints":{"allow":["GET"]}}],"collection":[{"href":"https:\/\/webvasco.com\/artigos\/wp-json\/wp\/v2\/posts"}],"about":[{"href":"https:\/\/webvasco.com\/artigos\/wp-json\/wp\/v2\/types\/post"}],"author":[{"embeddable":true,"href":"https:\/\/webvasco.com\/artigos\/wp-json\/wp\/v2\/users\/7"}],"replies":[{"embeddable":true,"href":"https:\/\/webvasco.com\/artigos\/wp-json\/wp\/v2\/comments?post=8504"}],"version-history":[{"count":0,"href":"https:\/\/webvasco.com\/artigos\/wp-json\/wp\/v2\/posts\/8504\/revisions"}],"wp:attachment":[{"href":"https:\/\/webvasco.com\/artigos\/wp-json\/wp\/v2\/media?parent=8504"}],"wp:term":[{"taxonomy":"category","embeddable":true,"href":"https:\/\/webvasco.com\/artigos\/wp-json\/wp\/v2\/categories?post=8504"},{"taxonomy":"post_tag","embeddable":true,"href":"https:\/\/webvasco.com\/artigos\/wp-json\/wp\/v2\/tags?post=8504"}],"curies":[{"name":"wp","href":"https:\/\/api.w.org\/{rel}","templated":true}]}}