{"id":8505,"date":"2018-04-15T19:17:45","date_gmt":"2018-04-15T22:17:45","guid":{"rendered":"http:\/\/webvasco.com\/artigos\/colunistas\/luizcarlosrocha\/pika-neles\/"},"modified":"2018-04-15T19:17:45","modified_gmt":"2018-04-15T22:17:45","slug":"pika-neles","status":"publish","type":"post","link":"https:\/\/webvasco.com\/artigos\/colunistas\/luizcarlosrocha\/pika-neles\/","title":{"rendered":"PIKA NELES!"},"content":{"rendered":"<p>Diz o ditado popular que a figura que t\u00eam pena \u00e9 a galinha e toma no fiof\u00f3. Mas as vezes o Galo vai na carona! Sem d\u00f3 nem piedade o Vasco da Gama venceu hoje, de virada, por 2 a 1, o Atl\u00e9tico\/MG, em S\u00e3o Janu\u00e1rio, mantendo a hegemonia que dentro do Caldeir\u00e3o quem manda \u00e9 o Cruzmaltino. Nos anos 90, inclusive, o grito de guerra era: \u201cN\u00e3o \u00e9 mole n\u00e3o, aqui no Rio ningu\u00e9m ganha do Vasc\u00e3o!\u201d<\/p>\n<p>H\u00e1 quem diga que faltou qualidade t\u00e9cnica, mas n\u00e3o h\u00e1 um s\u00f3 ser entendido no quesito futebol que tenha coragem de afirmar que faltou vontade por parte dos atletas vasca\u00ednos. Isso \u00e9 a for\u00e7a da camisa. Na primeira partida do Mach\u00e3o da Gama, marcaram Wagner e Yago Pikachu. Otero balan\u00e7ou a rede para o time mineiro.<\/p>\n<p>Mas o Campeonato Brasileiro n\u00e3o \u00e9 s\u00f3 a mais importante competi\u00e7\u00e3o nacional, \u00e9 tamb\u00e9m longa, cheia de surpresas. \u00c9 preciso bom preparo f\u00edsico, t\u00e9cnica alinhavada, e, sobretudo, t\u00e1tica de guerrilha para obter um bom resultado ao final. Logo, \u00e9 bom os presidentes \u2013 de fato e de direito \u2013 procurarem por refor\u00e7os consider\u00e1veis (n\u00e3o refugos) para que o Vasco n\u00e3o passe vergonha.<\/p>\n<p>Com o resultado, o Gigante da Colina assumiu a quinta coloca\u00e7\u00e3o na tabela de classifica\u00e7\u00e3o, com tr\u00eas pontos ganhos, em tr\u00eas. Ou seja, cem por cento de aproveitamento, sendo o melhor colocado entre as equipes cariocas. O pr\u00f3ximo desafio vasca\u00edno ser\u00e1 quarta-feira, dia 19 de abril, \u00e0s 19h15m, na Argentina, contra o Racing, pela Copa Libertadores da Am\u00e9rica.<\/p>\n<p><strong>VERGONHA (MAIS DE 4 ANOS!):<\/strong><\/p>\n<p>DEPOIS DE AGUARDAR <strong> 57 MESES, OU SEJA, 4 ANOS E 9 MESES! (CARRO DESDE 10 DE JUNHO DE 2013)<\/strong> COM O CARRO PRESO NA OFICINA DA ABOLI\u00c7\u00c3O VE\u00cdCULOS COM APENAS 729 KM RODADOS, EM UM PROCESSO COM 8 VOLUMES, NA 1\u00aa VARA CIVEL, DA COMARCA DE NITER\u00d3I\/RJ, REGIONAL OCE\u00c2NICA, A SENTEN\u00c7A FOI INDEFERIR TODOS OS MEUS PEDIDOS E AINDA CONDENAR EM 10% DE CUSTAS JUDICIAIS. OU SEJA, FIQUEI SEM CARRO ESSE TEMPO TODO (MESMO PAGANDO \u00c0 VISTA POR ELE), JUNTEI PROVAS COMO REGISTRO DE OCORR\u00caNCIA DA POL\u00cdCIA CIVIL\/RJ, BOLETIM DE OCORR\u00caNCIA DA POLICIA MILITAR\/RJ, ORDENS DE SERVI\u00c7O, MAIS DE 600 FOTOGRAFIAS, MAIS DE 40 \u00c1UDIOS, NOTAS FISCAIS, NOTAS DE T\u00c1XI, PRONTU\u00c1RIOS M\u00c9DICOS, POIS NESTE PER\u00cdODO TIVE PROBLEMAS DE SA\u00daDE, BEM COMO MEUS FAMILIARES, TENDO UMA FILHA QUE HOJE TEM APENAS 5 ANOS, NA \u00c9POCA POUCO MAIS DE 1 ANINHO. VALE LEMBRAR, QUE OS PRIMEIROS DEFEITOS SE DERAM QUANDO O CARRO TINHA MENOS DE 30 KM RODADOS. TUDO ISSO PARA NADA. QUEM GOSTOU DO RESULTADO DA DOUTA MAGRISTRADA FORAM AS EMPRESAS R\u00c9S \u2013 QUE ME LESARAM \u2013 ABOLI\u00c7\u00c3O VE\u00cdCULOS E VW DO BRASIL <strong>(PROCESSO: No 0016370-44.2013.8.19.0212).<\/strong><\/p>\n<p><strong>AP\u00d3S AS TODAS AS PARTIDAS DO VASC\u00c3O EM MEU PERFIL DO FACEBOOK (QUEM QUISER RECEBER AS CR\u00d4NICAS DE PRIMEIRA M\u00c3O \u00c9 S\u00d3 ME ADICIONAR), E NO SITE WEBVASCO (www.webvasco.com), TEM A OPINI\u00c3O DO JORNALISTA LUIZ CARLOS ROCHA. LEIAM! COMPARTILHEM E CURTAM! VASCA\u00cdNOS UNIDOS JAMAIS SER\u00c3O VENCIDOS.<\/strong><\/p>\n","protected":false},"excerpt":{"rendered":"<p>Diz o ditado popular que a figura que t\u00eam pena \u00e9 a galinha e toma&#8230;<\/p>\n","protected":false},"author":7,"featured_media":0,"comment_status":"open","ping_status":"closed","sticky":false,"template":"","format":"standard","meta":{"footnotes":""},"categories":[4],"tags":[],"class_list":["post-8505","post","type-post","status-publish","format-standard","hentry","category-luizcarlosrocha"],"_links":{"self":[{"href":"https:\/\/webvasco.com\/artigos\/wp-json\/wp\/v2\/posts\/8505","targetHints":{"allow":["GET"]}}],"collection":[{"href":"https:\/\/webvasco.com\/artigos\/wp-json\/wp\/v2\/posts"}],"about":[{"href":"https:\/\/webvasco.com\/artigos\/wp-json\/wp\/v2\/types\/post"}],"author":[{"embeddable":true,"href":"https:\/\/webvasco.com\/artigos\/wp-json\/wp\/v2\/users\/7"}],"replies":[{"embeddable":true,"href":"https:\/\/webvasco.com\/artigos\/wp-json\/wp\/v2\/comments?post=8505"}],"version-history":[{"count":0,"href":"https:\/\/webvasco.com\/artigos\/wp-json\/wp\/v2\/posts\/8505\/revisions"}],"wp:attachment":[{"href":"https:\/\/webvasco.com\/artigos\/wp-json\/wp\/v2\/media?parent=8505"}],"wp:term":[{"taxonomy":"category","embeddable":true,"href":"https:\/\/webvasco.com\/artigos\/wp-json\/wp\/v2\/categories?post=8505"},{"taxonomy":"post_tag","embeddable":true,"href":"https:\/\/webvasco.com\/artigos\/wp-json\/wp\/v2\/tags?post=8505"}],"curies":[{"name":"wp","href":"https:\/\/api.w.org\/{rel}","templated":true}]}}