{"id":8506,"date":"2018-04-20T17:38:12","date_gmt":"2018-04-20T20:38:12","guid":{"rendered":"http:\/\/webvasco.com\/artigos\/colunistas\/luizcarlosrocha\/nem-com-apito-o-pau-deixaria-de-comer\/"},"modified":"2018-04-20T17:38:12","modified_gmt":"2018-04-20T20:38:12","slug":"nem-com-apito-o-pau-deixaria-de-comer","status":"publish","type":"post","link":"https:\/\/webvasco.com\/artigos\/colunistas\/luizcarlosrocha\/nem-com-apito-o-pau-deixaria-de-comer\/","title":{"rendered":"NEM COM APITO O PAU DEIXARIA DE COMER!"},"content":{"rendered":"<p>Em pleno Dia 19 de abril, o time tupiniquim n\u00e3o teve apito (amigo) e ainda viu o pau comer! Sem pena \u2013 no duplo sentido \u2013 o Racing recebeu o Vasco da Gama, no Est\u00e1dio El Cilindro, na Argentina, e aplicou a goleada por 4 a 0, com gols de Centuri\u00f3n, Lautaro Mart\u00ednez, Zaracho e Lisandro L\u00f3pez. Com o resultado da Terceira Rodada, da Fase de Grupos, da Copa Libertadores da Am\u00e9rica, o combalido Cruzmaltino ocupou a \u00faltima coloca\u00e7\u00e3o na classifica\u00e7\u00e3o da Chave 5, com erem\u00edtico 1 ponto, em 9 disputados!<\/p>\n<p>Ficou ainda pior. A cantora Baby do Brasil, enfatiza em sua Can\u00e7\u00e3o: Todo Dia Era Dia de \u00edndio, que agora os \u201cpeladinhos\u201d s\u00f3 t\u00eam o dia 19 de abril. Nem isso os Hermanos respeitaram. Ignoraram o dia especial da Terra Brasilis, e massacraram o Cacique Z\u00e9 Ruela, digo, Z\u00e9 Ricardo. A \u00fanica esperan\u00e7a para a Tribo de S\u00e3o Janu\u00e1rio \u00e9 vencer as tr\u00eas partidas que restam, se quiser continuar na peleja continental.<\/p>\n<p>Talvez o comandante \u2013 que veio da Casa do Gueto \u2013 tenha compartilhado da mesma filosofia de Maria da Gra\u00e7a Meneghel, no in\u00edcio de sua m\u00fasica quando cita: Vamos brincar de \u00edndio. Mas sem mocinho pra me pegar. Mas n\u00e3o observou outra estrofe: \u00cdndio n\u00e3o faz mais lutas. \u00cdndio n\u00e3o faz guerra, em alus\u00e3o \u00e0 decad\u00eancia do poderio ofensivo vasca\u00edno.<\/p>\n<p>Por\u00e9m nenhum c\u00e2ntico \u00e9 mais apropriado do que \u00edndios, da Banda Legi\u00e3o Urbana para explanar o momento vasca\u00edno: \u201cQuem me dera ao menos uma vez. Ter de volta todo o ouro que entreguei a quem. Conseguiu me convencer que era prova de amizade. Se algu\u00e9m levasse embora at\u00e9 o que eu n\u00e3o tinha\u201d, somente podendo ser esclarecido por um certo ex-mandat\u00e1rio.<\/p>\n<p>Ainda na mesma cantiga: \u201cQuem me dera ao menos uma vez. Explicar o que ningu\u00e9m consegue entender. Que o que aconteceu ainda est\u00e1 por vir. E o futuro n\u00e3o \u00e9 mais como era antigamente\u201d, do esplendor de conquistas memor\u00e1veis aos rebaixamentos. Para o presidente Campello: \u201cQuem me dera ao menos uma vez. Provar que quem tem mais do que precisa ter. Quase sempre se convence que n\u00e3o tem o bastante. Fala demais por n\u00e3o ter nada a dizer\u201d.<\/p>\n<p>O Vasco precisa voltar a ser Gigante ou se apequenar\u00e1 de vez: \u201cQuem me dera ao menos uma vez. Que o mais simples fosse visto como o mais importante. Mas nos deram espelhos. E vimos um mundo doente\u201d, em rela\u00e7\u00e3o a banir os empres\u00e1rios coveiros e transformar a institui\u00e7\u00e3o em Clube-Empresa, para que possa definitivamente viver o S\u00e9culo XXI, no que tange a administra\u00e7\u00e3o.<\/p>\n<p>Concluindo, para que a famosa cita\u00e7\u00e3o de Cyro Aranha, quando aponta: ENQUANTO HOUVER UM CORA\u00c7\u00c3O INFANTIL, O VASCO SER\u00c1 IMORTAL, tenha realmente efeito, \u00e9 preciso colocar essa parte em pr\u00e1tica: \u201cE \u00e9 s\u00f3 voc\u00ea que tem a Cura pro meu v\u00edcio de insistir. Nessa saudade que eu sinto. De tudo que eu ainda n\u00e3o vi\u201d. Como a esperan\u00e7a \u00e9 a \u00faltima que morre, para o jogo de volta, na Colina, quinta-feira, dia 26, \u00e0s 21h30m, contra o Racing, a Imensa Torcida Bem Feliz: \u201cQuem me dera ao menos uma vez. Como a mais bela tribo. Dos mais belos \u00edndios. N\u00e3o ser atacado por ser inocente\u201d.<\/p>\n<p><strong>VERGONHA (MAIS DE 4 ANOS!):<\/strong><\/p>\n<p>DEPOIS DE AGUARDAR <strong> 58 MESES, OU SEJA, 4 ANOS E 10 MESES! (CARRO DESDE 10 DE JUNHO DE 2013)<\/strong> COM O CARRO PRESO NA OFICINA DA ABOLI\u00c7\u00c3O VE\u00cdCULOS COM APENAS 729 KM RODADOS, EM UM PROCESSO COM 8 VOLUMES, NA 1\u00aa VARA CIVEL, DA COMARCA DE NITER\u00d3I\/RJ, REGIONAL OCE\u00c2NICA, A SENTEN\u00c7A FOI INDEFERIR TODOS OS MEUS PEDIDOS E AINDA CONDENAR EM 10% DE CUSTAS JUDICIAIS. OU SEJA, FIQUEI SEM CARRO ESSE TEMPO TODO (MESMO PAGANDO \u00c0 VISTA POR ELE), JUNTEI PROVAS COMO REGISTRO DE OCORR\u00caNCIA DA POL\u00cdCIA CIVIL\/RJ, BOLETIM DE OCORR\u00caNCIA DA POLICIA MILITAR\/RJ, ORDENS DE SERVI\u00c7O, MAIS DE 600 FOTOGRAFIAS, MAIS DE 40 \u00c1UDIOS, NOTAS FISCAIS, NOTAS DE T\u00c1XI, PRONTU\u00c1RIOS M\u00c9DICOS, POIS NESTE PER\u00cdODO TIVE PROBLEMAS DE SA\u00daDE, BEM COMO MEUS FAMILIARES, TENDO UMA FILHA QUE HOJE TEM APENAS 5 ANOS, NA \u00c9POCA POUCO MAIS DE 1 ANINHO. VALE LEMBRAR, QUE OS PRIMEIROS DEFEITOS SE DERAM QUANDO O CARRO TINHA MENOS DE 30 KM RODADOS. TUDO ISSO PARA NADA. QUEM GOSTOU DO RESULTADO DA DOUTA MAGRISTRADA FORAM AS EMPRESAS R\u00c9S \u2013 QUE ME LESARAM \u2013 ABOLI\u00c7\u00c3O VE\u00cdCULOS E VW DO BRASIL <strong>(PROCESSO: No 0016370-44.2013.8.19.0212).<\/strong><\/p>\n<p><strong>AP\u00d3S AS TODAS AS PARTIDAS DO VASC\u00c3O EM MEU PERFIL DO FACEBOOK (QUEM QUISER RECEBER AS CR\u00d4NICAS DE PRIMEIRA M\u00c3O \u00c9 S\u00d3 ME ADICIONAR), E NO SITE WEBVASCO (www.webvasco.com), TEM A OPINI\u00c3O DO JORNALISTA LUIZ CARLOS ROCHA. LEIAM! COMPARTILHEM E CURTAM! VASCA\u00cdNOS UNIDOS JAMAIS SER\u00c3O VENCIDOS.<\/strong><\/p>\n","protected":false},"excerpt":{"rendered":"<p>Em pleno Dia 19 de abril, o time tupiniquim n\u00e3o teve apito (amigo) e ainda&#8230;<\/p>\n","protected":false},"author":7,"featured_media":0,"comment_status":"open","ping_status":"closed","sticky":false,"template":"","format":"standard","meta":{"footnotes":""},"categories":[4],"tags":[],"class_list":["post-8506","post","type-post","status-publish","format-standard","hentry","category-luizcarlosrocha"],"_links":{"self":[{"href":"https:\/\/webvasco.com\/artigos\/wp-json\/wp\/v2\/posts\/8506","targetHints":{"allow":["GET"]}}],"collection":[{"href":"https:\/\/webvasco.com\/artigos\/wp-json\/wp\/v2\/posts"}],"about":[{"href":"https:\/\/webvasco.com\/artigos\/wp-json\/wp\/v2\/types\/post"}],"author":[{"embeddable":true,"href":"https:\/\/webvasco.com\/artigos\/wp-json\/wp\/v2\/users\/7"}],"replies":[{"embeddable":true,"href":"https:\/\/webvasco.com\/artigos\/wp-json\/wp\/v2\/comments?post=8506"}],"version-history":[{"count":0,"href":"https:\/\/webvasco.com\/artigos\/wp-json\/wp\/v2\/posts\/8506\/revisions"}],"wp:attachment":[{"href":"https:\/\/webvasco.com\/artigos\/wp-json\/wp\/v2\/media?parent=8506"}],"wp:term":[{"taxonomy":"category","embeddable":true,"href":"https:\/\/webvasco.com\/artigos\/wp-json\/wp\/v2\/categories?post=8506"},{"taxonomy":"post_tag","embeddable":true,"href":"https:\/\/webvasco.com\/artigos\/wp-json\/wp\/v2\/tags?post=8506"}],"curies":[{"name":"wp","href":"https:\/\/api.w.org\/{rel}","templated":true}]}}