{"id":8507,"date":"2018-04-22T19:15:22","date_gmt":"2018-04-22T22:15:22","guid":{"rendered":"http:\/\/webvasco.com\/artigos\/colunistas\/luizcarlosrocha\/amadurecendo\/"},"modified":"2018-04-22T19:15:22","modified_gmt":"2018-04-22T22:15:22","slug":"amadurecendo","status":"publish","type":"post","link":"https:\/\/webvasco.com\/artigos\/colunistas\/luizcarlosrocha\/amadurecendo\/","title":{"rendered":"AMADURECENDO!"},"content":{"rendered":"<p>Verde que nada! O time do Vasco da Gama est\u00e1 amadurecendo no Campeonato Brasileiro. Em partida v\u00e1lida pela Segunda Rodada, foi a Chapec\u00f3\/SC, em empatou com a Chapecoense, por 1 a 1. Wellington Paulista abriu o placar para os donos da casa, e Andr\u00e9s Rios deixou tudo igual.<\/p>\n<p>O Cruzmaltino s\u00f3 n\u00e3o virou o jogo na Arena Cond\u00e1, porque os pupilos do Z\u00e9 erraram demais. Foram in\u00fameras chances desperdi\u00e7adas, a principal delas com Evander (que h\u00e1 muito tempo vem dormindo em campo). Foi um ponto na tabela de classifica\u00e7\u00e3o que poder\u00e1 fazer falta ao final da competi\u00e7\u00e3o.<\/p>\n<p>Baseado na cor verde, o ditado popular afirma que a esperan\u00e7a \u00e9 a \u00faltima que morre. Mas tamb\u00e9m h\u00e1 quem diga \u2013 na l\u00edngua do povo \u2013 que Esperan\u00e7a n\u00e3o pode ser nome de sogra! Brincadeiras \u00e0 parte, o que temos de VERdaDE mesmo \u00e9 que a Chape deu o sinal verde para o Mach\u00e3o da Gama que n\u00e3o soube aproveitar.<\/p>\n<p>Com o resultado, o Vasco assumiu a terceira coloca\u00e7\u00e3o do p\u00e1reo com 4 pontos ganhos (em 6). O pr\u00f3ximo desafio da equipe pelo Brasileir\u00e3o ser\u00e1 dia 02 de maio, \u00e0s 21h45m, na Colina, contra o Cruzeiro. Mas antes disso, \u00e9 preciso fazer um milagre e vencer o Racing, em partida de volta, pela Primeira Fase, da Copa Libertadores da Am\u00e9rica, tamb\u00e9m em casa, s\u00f3 que 21h30m.<\/p>\n<p><strong>VERGONHA (MAIS DE 4 ANOS!):<\/strong><\/p>\n<p>DEPOIS DE AGUARDAR <strong> 58 MESES, OU SEJA, 4 ANOS E 10 MESES! (CARRO DESDE 10 DE JUNHO DE 2013)<\/strong> COM O CARRO PRESO NA OFICINA DA ABOLI\u00c7\u00c3O VE\u00cdCULOS COM APENAS 729 KM RODADOS, EM UM PROCESSO COM 8 VOLUMES, NA 1\u00aa VARA CIVEL, DA COMARCA DE NITER\u00d3I\/RJ, REGIONAL OCE\u00c2NICA, A SENTEN\u00c7A FOI INDEFERIR TODOS OS MEUS PEDIDOS E AINDA CONDENAR EM 10% DE CUSTAS JUDICIAIS. OU SEJA, FIQUEI SEM CARRO ESSE TEMPO TODO (MESMO PAGANDO \u00c0 VISTA POR ELE), JUNTEI PROVAS COMO REGISTRO DE OCORR\u00caNCIA DA POL\u00cdCIA CIVIL\/RJ, BOLETIM DE OCORR\u00caNCIA DA POLICIA MILITAR\/RJ, ORDENS DE SERVI\u00c7O, MAIS DE 600 FOTOGRAFIAS, MAIS DE 40 \u00c1UDIOS, NOTAS FISCAIS, NOTAS DE T\u00c1XI, PRONTU\u00c1RIOS M\u00c9DICOS, POIS NESTE PER\u00cdODO TIVE PROBLEMAS DE SA\u00daDE, BEM COMO MEUS FAMILIARES, TENDO UMA FILHA QUE HOJE TEM APENAS 5 ANOS, NA \u00c9POCA POUCO MAIS DE 1 ANINHO. VALE LEMBRAR, QUE OS PRIMEIROS DEFEITOS SE DERAM QUANDO O CARRO TINHA MENOS DE 30 KM RODADOS. TUDO ISSO PARA NADA. QUEM GOSTOU DO RESULTADO DA DOUTA MAGRISTRADA FORAM AS EMPRESAS R\u00c9S \u2013 QUE ME LESARAM \u2013 ABOLI\u00c7\u00c3O VE\u00cdCULOS E VW DO BRASIL <strong>(PROCESSO: No 0016370-44.2013.8.19.0212).<\/strong><\/p>\n<p><strong>AP\u00d3S AS TODAS AS PARTIDAS DO VASC\u00c3O EM MEU PERFIL DO FACEBOOK (QUEM QUISER RECEBER AS CR\u00d4NICAS DE PRIMEIRA M\u00c3O \u00c9 S\u00d3 ME ADICIONAR), E NO SITE WEBVASCO (www.webvasco.com), TEM A OPINI\u00c3O DO JORNALISTA LUIZ CARLOS ROCHA. LEIAM! COMPARTILHEM E CURTAM! VASCA\u00cdNOS UNIDOS JAMAIS SER\u00c3O VENCIDOS.<\/strong><\/p>\n","protected":false},"excerpt":{"rendered":"<p>Verde que nada! O time do Vasco da Gama est\u00e1 amadurecendo no Campeonato Brasileiro. Em&#8230;<\/p>\n","protected":false},"author":7,"featured_media":0,"comment_status":"open","ping_status":"closed","sticky":false,"template":"","format":"standard","meta":{"footnotes":""},"categories":[4],"tags":[],"class_list":["post-8507","post","type-post","status-publish","format-standard","hentry","category-luizcarlosrocha"],"_links":{"self":[{"href":"https:\/\/webvasco.com\/artigos\/wp-json\/wp\/v2\/posts\/8507","targetHints":{"allow":["GET"]}}],"collection":[{"href":"https:\/\/webvasco.com\/artigos\/wp-json\/wp\/v2\/posts"}],"about":[{"href":"https:\/\/webvasco.com\/artigos\/wp-json\/wp\/v2\/types\/post"}],"author":[{"embeddable":true,"href":"https:\/\/webvasco.com\/artigos\/wp-json\/wp\/v2\/users\/7"}],"replies":[{"embeddable":true,"href":"https:\/\/webvasco.com\/artigos\/wp-json\/wp\/v2\/comments?post=8507"}],"version-history":[{"count":0,"href":"https:\/\/webvasco.com\/artigos\/wp-json\/wp\/v2\/posts\/8507\/revisions"}],"wp:attachment":[{"href":"https:\/\/webvasco.com\/artigos\/wp-json\/wp\/v2\/media?parent=8507"}],"wp:term":[{"taxonomy":"category","embeddable":true,"href":"https:\/\/webvasco.com\/artigos\/wp-json\/wp\/v2\/categories?post=8507"},{"taxonomy":"post_tag","embeddable":true,"href":"https:\/\/webvasco.com\/artigos\/wp-json\/wp\/v2\/tags?post=8507"}],"curies":[{"name":"wp","href":"https:\/\/api.w.org\/{rel}","templated":true}]}}