{"id":8508,"date":"2018-04-23T14:16:46","date_gmt":"2018-04-23T17:16:46","guid":{"rendered":"http:\/\/webvasco.com\/artigos\/?p=8508"},"modified":"2018-04-23T15:03:23","modified_gmt":"2018-04-23T18:03:23","slug":"jorge-e-a-ancestralidade-vascaina","status":"publish","type":"post","link":"https:\/\/webvasco.com\/artigos\/colunistas\/andrepedro\/jorge-e-a-ancestralidade-vascaina\/","title":{"rendered":"Jorge e a Ancestralidade Vasca\u00edna"},"content":{"rendered":"<p>Amigos Vasca\u00ednos,<\/p>\n<p>Costumam dizer que Vasco \u00e9 muito mais que futebol. Podemos chamar do que quiser: que o Vasco tem alma pr\u00f3pria&#8230; que o Vasco \u00e9 um conceito&#8230; que o Vasco \u00e9 uma ideia&#8230;<\/p>\n<p>O que \u00e9 o &#8220;algo a mais&#8221;, \u00e9 subjetivo. O que \u00e9 concreto, e que toda a torcida vasca\u00edna sabe, \u00e9 que <strong>somos muito mais que um clube repleto de t\u00edtulos, de gl\u00f3ria, e de hist\u00f3ria<\/strong>. Torcemos por algo que <strong>vai muito al\u00e9m de um clube<\/strong>&#8230;.<\/p>\n<p>Tanto \u00e9 verdade que nosso clube vem sendo sistematicamente mal administrado h\u00e1 mais de uma d\u00e9cada, por mais de um grupo que esteve no poder, e mesmo assim nossa torcida continua forte e gigante. certamente que cresce em ritmo muito menor que nossos principais rivais, at\u00e9 porque tivemos resultados muito abaixo do que nossa s\u00e9rie hist\u00f3rica do s\u00e9culo XX, mas continuamos com uma das maiores torcidas deste pa\u00eds.<\/p>\n<p>O que vou escrever abaixo n\u00e3o \u00e9 de cunho religioso. \u00c9 um <strong>rabisco hist\u00f3rico<\/strong> que pretende apenas <strong>incitar o leitor a buscar mais informa\u00e7\u00f5es e compreender melhor nossa ancestralidade<\/strong>.<\/p>\n<figure id=\"attachment_8511\" aria-describedby=\"caption-attachment-8511\" style=\"width: 193px\" class=\"wp-caption alignright\"><a href=\"https:\/\/webvasco.com\/artigos\/wp-content\/uploads\/2018\/04\/cv63.jpg\"><img loading=\"lazy\" decoding=\"async\" class=\"size-medium wp-image-8511\" src=\"https:\/\/webvasco.com\/artigos\/wp-content\/uploads\/2018\/04\/cv63-193x300.jpg\" alt=\"\" width=\"193\" height=\"300\" srcset=\"https:\/\/webvasco.com\/artigos\/wp-content\/uploads\/2018\/04\/cv63-193x300.jpg 193w, https:\/\/webvasco.com\/artigos\/wp-content\/uploads\/2018\/04\/cv63-96x150.jpg 96w, https:\/\/webvasco.com\/artigos\/wp-content\/uploads\/2018\/04\/cv63-657x1024.jpg 657w, https:\/\/webvasco.com\/artigos\/wp-content\/uploads\/2018\/04\/cv63.jpg 692w\" sizes=\"auto, (max-width: 193px) 100vw, 193px\" \/><\/a><figcaption id=\"caption-attachment-8511\" class=\"wp-caption-text\">Zanino di Pietro \u2013 Saint George Killing the Dragon. Metade do s\u00e9culo XV.<\/figcaption><\/figure>\n<p><strong>Jorge da Capad\u00f3cia<\/strong> \u00e9 um personagem hist\u00f3rico que \u00e9 cultuado por algumas religi\u00f5es neste planeta. Como todo personagem que adentra no contexto religioso, o que chega at\u00e9 n\u00f3s s\u00e3o informa\u00e7\u00f5es das mais variadas poss\u00edveis. O que pudemos averiguar, baseados na &#8220;<em>Passio<\/em>&#8221; (*1) (um documento que seria uma esp\u00e9cie de Ata Laudat\u00f3ria dos feitos dos M\u00e1rtires), nos mostra um verdadeiro guerreiro e her\u00f3i. Jorge era um Tribuno Militar que teria vivido no s\u00e9culo III e que em determinado momento de sua vida se recusou a queimar incenso aos \u00eddolos pag\u00e3os. Por causa disso, foi recolhido a um c\u00e1rcere, onde sofreu toda a sorte de torturas, n\u00e3o cedendo a elas. Acabou sendo decapitado por <strong>n\u00e3o ceder em seus valores e sua f\u00e9<\/strong>.<\/p>\n<p>Obviamente, <strong>sua hist\u00f3ria serviu de inspira\u00e7\u00e3o aos Cavaleiros Templ\u00e1rios<\/strong>. Os simbolismos repletos de valores morais decoram as gravuras sobre ele. Notem na gravura do s\u00e9culo XV anexa a este artigo, que ele est\u00e1 matando um drag\u00e3o, que simbolizava os v\u00edcios e as corrup\u00e7\u00f5es mundanas, ao mesmo tempo que ele defende uma donzela, que simboliza as virtudes. A cruz vermelha sob fundo branco era um elemento presente de forma constante nas gravuras, que nos remete a figura de um cavaleiro templ\u00e1rio.<\/p>\n<p>Os <strong>Cavaleiros Templ\u00e1rios<\/strong> foram homens que se aglutinaram em uma ordem militar-religiosa repleta <strong>de f\u00e9 e simbolismos de cunho moral<\/strong>. Tornaram-se fortes e extremamente unidos justamente por <strong>preservarem entre eles valores que iam al\u00e9m das riquezas materiais.<\/strong>\u00a0Ao longo de sua hist\u00f3ria, acumularam riqueza, que acabou se tornando o principal foco de seus inimigos e perseguidores, sendo seu principal algoz o pr\u00edncipe franc\u00eas Filipe IV, o Belo, que objetiva roubar seus tesouros, usando para isso o Papa Clemente V. A <strong>sexta-feira do dia 13 de outubro de 1307<\/strong>, quando o rei Filipe manda suas tropas invadirem, saquearem e matarem os templ\u00e1rios, se torna mundialmente famosa pelo derramamento de sangue e de todo o tipo de horrores, dando ent\u00e3o origem ao lend\u00e1rio &#8220;dia do azar&#8221; (sexta-feira 13).<\/p>\n<figure id=\"attachment_8513\" aria-describedby=\"caption-attachment-8513\" style=\"width: 160px\" class=\"wp-caption alignleft\"><a href=\"https:\/\/webvasco.com\/artigos\/wp-content\/uploads\/2018\/04\/cruz-de-cristo.png\"><img loading=\"lazy\" decoding=\"async\" class=\"size-full wp-image-8513\" src=\"https:\/\/webvasco.com\/artigos\/wp-content\/uploads\/2018\/04\/cruz-de-cristo.png\" alt=\"\" width=\"160\" height=\"160\" srcset=\"https:\/\/webvasco.com\/artigos\/wp-content\/uploads\/2018\/04\/cruz-de-cristo.png 160w, https:\/\/webvasco.com\/artigos\/wp-content\/uploads\/2018\/04\/cruz-de-cristo-150x150.png 150w\" sizes=\"auto, (max-width: 160px) 100vw, 160px\" \/><\/a><figcaption id=\"caption-attachment-8513\" class=\"wp-caption-text\">Ordem da Cruz de Cristo<\/figcaption><\/figure>\n<p>Os Cavaleiros Templ\u00e1rios n\u00e3o foram dizimados por Filipe, e os que n\u00e3o foram mortos se reuniram e <strong>foram para Portugal, o \u00fanico pa\u00eds que n\u00e3o aceitou a bula papal<\/strong> e entendeu que n\u00e3o havia os supostos crimes praticados pelos Templ\u00e1rios. Em Portugal, formam ent\u00e3o a Ordem a Cruz de Cristo, cujo s\u00edmbolo est\u00e1 na imagem ao lado e \u00e9 muito conhecido de todos n\u00f3s.<\/p>\n<p><strong>Vasco da Gama<\/strong>, navegador portugu\u00eas, o qual dispensa apresenta\u00e7\u00f5es a todos os vasca\u00ednos, <strong>era membro da Ordem da Cruz de Cristo, ou, como visto acima, tamb\u00e9m um Templ\u00e1rio<\/strong>.<\/p>\n<p>S\u00e9culos depois, em 21 de agosto de 1898, no bairro da Sa\u00fade, cidade do Rio de Janeiro, \u00e9 fundado o <em><strong>Club de Regatas Vasco da Gama<\/strong><\/em>. Por termos maioria dos fundadores de origem lusitana, e certamente muitos deles pertencentes a diversas ordens e fraternidades, nosso clube nasce sob o manto de ideais de liberdade e fraternidade, cercado de simbolismos humanos de cunho moral.<\/p>\n<p>Como dito no in\u00edcio deste artigo, nosso clube vai muito al\u00e9m do \u00e2mbito esportivo! N\u00e3o \u00e0 toa, <strong>nossa hist\u00f3ria \u00e9 repleta de a\u00e7\u00f5es que exaltam as virtudes humanas com valores morais elevados<\/strong>. Assim como Jorge da Capad\u00f3cia, <strong>resistimos bravamente a quem n\u00e3o nos queria por n\u00e3o ter os mesmos valores que t\u00ednhamos<\/strong>. <strong>Dissemos n\u00e3o<\/strong> quando quiseram nos dividir, com a famosa <strong>Resposta Hist\u00f3rica<\/strong> em 7 de abril de 1924. Resistimos a todo tipo de &#8220;torturas&#8221;, inclusive quando alegaram que n\u00e3o t\u00ednhamos est\u00e1dio, <strong>construindo nosso majestoso monumento conhecido como &#8220;S\u00e3o Janu\u00e1rio&#8221;<\/strong>, inaugurado em 21 de abril de 1927. N\u00e3o nos falta paralelos de virtudes para nos situar historicamente no cen\u00e1rio nacional e mundial.<\/p>\n<p>No dia de hoje, 23 de abril, \u00e9 comemorada um data de cunho religioso dedicado a S\u00e3o Jorge. Tendo em vista toda essa <strong>ascend\u00eancia hist\u00f3rica<\/strong> que vimos de forma sum\u00e1ria neste artigo, n\u00e3o h\u00e1 como deixar de <strong>tra\u00e7ar um paralelo aos valores<\/strong> deixados por Jorge da Capad\u00f3cia, por Jaques DeMolay, Gr\u00e3o Mestre dos Templ\u00e1rios, pelo Almirante Vasco da Gama, por\u00a0Jos\u00e9 Augusto Prestes, presidente do nosso clube na Resposta Hist\u00f3rica de 1924, e por tantos outros, conhecidos ou n\u00e3o, que trazem em si esses <strong>bons valores de \u00e9tica e de moral<\/strong> que, por sinal, <strong>hoje em dia se discute com muita intensidade em nosso pa\u00eds<\/strong>.<\/p>\n<p>Que todos n\u00f3s, vasca\u00ednos, voltemos a beber a \u00e1gua dessa fonte cristalina que alimenta nosso clube e, tal como nossos antepassados que nos legaram esses bons valores, <em>protagonizemos novamente novas respostas hist\u00f3ricas<\/em>, <em>fazendo o dever de casa primeiro em nosso clube, e, com isso, tornando nossa institui\u00e7\u00e3o novamente um manancial de bons exemplos ao nosso pa\u00eds<\/em>. <strong>Esta \u00e9 a reflex\u00e3o que proponho com este artigo<\/strong>.<\/p>\n<p>Sauda\u00e7\u00f5es Vasca\u00ednas,<\/p>\n<p>Andr\u00e9 Pedro<\/p>\n<p>&nbsp;<\/p>\n<p>(*1) A Passio \u00e9 um decreto Gelasiano datado do s\u00e9culo VI. N\u00e3o significa que as narrativas contidas nele s\u00e3o necessariamente fatos hist\u00f3ricos.<\/p>\n<p>&nbsp;<\/p>\n","protected":false},"excerpt":{"rendered":"<p>Amigos Vasca\u00ednos, Costumam dizer que Vasco \u00e9 muito mais que futebol. Podemos chamar do que&#8230;<\/p>\n","protected":false},"author":5,"featured_media":8511,"comment_status":"open","ping_status":"closed","sticky":false,"template":"","format":"standard","meta":{"footnotes":""},"categories":[2],"tags":[],"class_list":["post-8508","post","type-post","status-publish","format-standard","has-post-thumbnail","hentry","category-andrepedro"],"_links":{"self":[{"href":"https:\/\/webvasco.com\/artigos\/wp-json\/wp\/v2\/posts\/8508","targetHints":{"allow":["GET"]}}],"collection":[{"href":"https:\/\/webvasco.com\/artigos\/wp-json\/wp\/v2\/posts"}],"about":[{"href":"https:\/\/webvasco.com\/artigos\/wp-json\/wp\/v2\/types\/post"}],"author":[{"embeddable":true,"href":"https:\/\/webvasco.com\/artigos\/wp-json\/wp\/v2\/users\/5"}],"replies":[{"embeddable":true,"href":"https:\/\/webvasco.com\/artigos\/wp-json\/wp\/v2\/comments?post=8508"}],"version-history":[{"count":9,"href":"https:\/\/webvasco.com\/artigos\/wp-json\/wp\/v2\/posts\/8508\/revisions"}],"predecessor-version":[{"id":8520,"href":"https:\/\/webvasco.com\/artigos\/wp-json\/wp\/v2\/posts\/8508\/revisions\/8520"}],"wp:featuredmedia":[{"embeddable":true,"href":"https:\/\/webvasco.com\/artigos\/wp-json\/wp\/v2\/media\/8511"}],"wp:attachment":[{"href":"https:\/\/webvasco.com\/artigos\/wp-json\/wp\/v2\/media?parent=8508"}],"wp:term":[{"taxonomy":"category","embeddable":true,"href":"https:\/\/webvasco.com\/artigos\/wp-json\/wp\/v2\/categories?post=8508"},{"taxonomy":"post_tag","embeddable":true,"href":"https:\/\/webvasco.com\/artigos\/wp-json\/wp\/v2\/tags?post=8508"}],"curies":[{"name":"wp","href":"https:\/\/api.w.org\/{rel}","templated":true}]}}