{"id":8521,"date":"2018-04-27T06:51:33","date_gmt":"2018-04-27T09:51:33","guid":{"rendered":"http:\/\/webvasco.com\/artigos\/colunistas\/luizcarlosrocha\/quase-da-gama\/"},"modified":"2018-04-27T06:51:33","modified_gmt":"2018-04-27T09:51:33","slug":"quase-da-gama","status":"publish","type":"post","link":"https:\/\/webvasco.com\/artigos\/colunistas\/luizcarlosrocha\/quase-da-gama\/","title":{"rendered":"QUASE DA GAMA!"},"content":{"rendered":"<p>\u00c9 n\u00edtido que o Vasco n\u00e3o tem estrutura alguma para disputar a Copa Libertadores da Am\u00e9rica! Ontem, atuando em S\u00e3o Janu\u00e1rio mais uma vergonha! Empatou por 1 a 1, com o Racing, pela Quarta Rodada da competi\u00e7\u00e3o. Laurato Mart\u00ednez abriu o placar para os argentinos. Com um homem a menos (Des\u00e1bato, aos 10 minutos do segundo tempo foi expulso), Wagner deixou tudo igual. Com o resultado o Cruzmaltino somou p\u00edfios 2 pontos (em 12 disputados), no Grupo 5.<\/p>\n<p>Agora depende de vencer as partidas que restam nesta fase, que s\u00e3o Cruzeiro, dia 02 de maio, na Colina, e Universidad de Chile fora de casa (22 de maio). Mas n\u00e3o \u00e9 s\u00f3. Tamb\u00e9m precisa torcer para o Racing vencer seus advers\u00e1rios diretos na disputa pela classifica\u00e7\u00e3o. Ou seja, \u00e9 quase uma miss\u00e3o imposs\u00edvel. E ainda h\u00e1 quem diga que a equipe do Z\u00e9 Ruela foi bem porque bravamente arrancou um heroico empate. Em casa todo time de obriga\u00e7\u00e3o de vencer!<\/p>\n<p>O problema \u00e9 que as \u00faltimas gest\u00f5es \u2013 de 18 anos para c\u00e1 \u2013 acabaram com o Vasco da Gama, transformaram o Gigante em um An\u00e3o. Com o apequenamento a Imensa (ainda \u00e9, gra\u00e7as a Deus) Torcida Bem Feliz (e sofrida) acostumou-se com o \u201cpr\u00eamio de consola\u00e7\u00e3o\u201d, ou melhor, o quase. O Mach\u00e3o da Gama de outrora n\u00e3o se contentava com o quase. Vice era um insulto. Desclassifica\u00e7\u00e3o era motivo de tristeza.<\/p>\n<p>Pobre Vasquinho! Hoje acostumado com o segundo lugar, que muitas vezes se transforma em terceiro e talvez at\u00e9 quarto, mas o torcedor pac\u00edfico acha bom, porque o importante \u00e9 competir. Em tempos de gl\u00f3ria o Vasco foi campe\u00e3o de quase tudo! Que lacuna enorme essa diferen\u00e7a entre quase tudo e quase nada!<\/p>\n<p><strong>VERGONHA (MAIS DE 4 ANOS!):<\/strong><\/p>\n<p>DEPOIS DE AGUARDAR <strong> 58 MESES, OU SEJA, 4 ANOS E 10 MESES! (CARRO DESDE 10 DE JUNHO DE 2013)<\/strong> COM O CARRO PRESO NA OFICINA DA ABOLI\u00c7\u00c3O VE\u00cdCULOS COM APENAS 729 KM RODADOS, EM UM PROCESSO COM 8 VOLUMES, NA 1\u00aa VARA CIVEL, DA COMARCA DE NITER\u00d3I\/RJ, REGIONAL OCE\u00c2NICA, A SENTEN\u00c7A FOI INDEFERIR TODOS OS MEUS PEDIDOS E AINDA CONDENAR EM 10% DE CUSTAS JUDICIAIS. OU SEJA, FIQUEI SEM CARRO ESSE TEMPO TODO (MESMO PAGANDO \u00c0 VISTA POR ELE), JUNTEI PROVAS COMO REGISTRO DE OCORR\u00caNCIA DA POL\u00cdCIA CIVIL\/RJ, BOLETIM DE OCORR\u00caNCIA DA POLICIA MILITAR\/RJ, ORDENS DE SERVI\u00c7O, MAIS DE 600 FOTOGRAFIAS, MAIS DE 40 \u00c1UDIOS, NOTAS FISCAIS, NOTAS DE T\u00c1XI, PRONTU\u00c1RIOS M\u00c9DICOS, POIS NESTE PER\u00cdODO TIVE PROBLEMAS DE SA\u00daDE, BEM COMO MEUS FAMILIARES, TENDO UMA FILHA QUE HOJE TEM APENAS 5 ANOS, NA \u00c9POCA POUCO MAIS DE 1 ANINHO. VALE LEMBRAR, QUE OS PRIMEIROS DEFEITOS SE DERAM QUANDO O CARRO TINHA MENOS DE 30 KM RODADOS. TUDO ISSO PARA NADA. QUEM GOSTOU DO RESULTADO DA DOUTA MAGRISTRADA FORAM AS EMPRESAS R\u00c9S \u2013 QUE ME LESARAM \u2013 ABOLI\u00c7\u00c3O VE\u00cdCULOS E VW DO BRASIL <strong>(PROCESSO: No 0016370-44.2013.8.19.0212).<\/strong><\/p>\n<p><strong>AP\u00d3S AS TODAS AS PARTIDAS DO VASC\u00c3O EM MEU PERFIL DO FACEBOOK (QUEM QUISER RECEBER AS CR\u00d4NICAS DE PRIMEIRA M\u00c3O \u00c9 S\u00d3 ME ADICIONAR), E NO SITE WEBVASCO (www.webvasco.com), TEM A OPINI\u00c3O DO JORNALISTA LUIZ CARLOS ROCHA. LEIAM! COMPARTILHEM E CURTAM! VASCA\u00cdNOS UNIDOS JAMAIS SER\u00c3O VENCIDOS.<\/strong><\/p>\n","protected":false},"excerpt":{"rendered":"<p>\u00c9 n\u00edtido que o Vasco n\u00e3o tem estrutura alguma para disputar a Copa Libertadores da&#8230;<\/p>\n","protected":false},"author":7,"featured_media":0,"comment_status":"open","ping_status":"closed","sticky":false,"template":"","format":"standard","meta":{"footnotes":""},"categories":[4],"tags":[],"class_list":["post-8521","post","type-post","status-publish","format-standard","hentry","category-luizcarlosrocha"],"_links":{"self":[{"href":"https:\/\/webvasco.com\/artigos\/wp-json\/wp\/v2\/posts\/8521","targetHints":{"allow":["GET"]}}],"collection":[{"href":"https:\/\/webvasco.com\/artigos\/wp-json\/wp\/v2\/posts"}],"about":[{"href":"https:\/\/webvasco.com\/artigos\/wp-json\/wp\/v2\/types\/post"}],"author":[{"embeddable":true,"href":"https:\/\/webvasco.com\/artigos\/wp-json\/wp\/v2\/users\/7"}],"replies":[{"embeddable":true,"href":"https:\/\/webvasco.com\/artigos\/wp-json\/wp\/v2\/comments?post=8521"}],"version-history":[{"count":0,"href":"https:\/\/webvasco.com\/artigos\/wp-json\/wp\/v2\/posts\/8521\/revisions"}],"wp:attachment":[{"href":"https:\/\/webvasco.com\/artigos\/wp-json\/wp\/v2\/media?parent=8521"}],"wp:term":[{"taxonomy":"category","embeddable":true,"href":"https:\/\/webvasco.com\/artigos\/wp-json\/wp\/v2\/categories?post=8521"},{"taxonomy":"post_tag","embeddable":true,"href":"https:\/\/webvasco.com\/artigos\/wp-json\/wp\/v2\/tags?post=8521"}],"curies":[{"name":"wp","href":"https:\/\/api.w.org\/{rel}","templated":true}]}}