{"id":8537,"date":"2018-05-06T19:26:18","date_gmt":"2018-05-06T22:26:18","guid":{"rendered":"http:\/\/webvasco.com\/artigos\/luiz-carlos-rocha\/coelho-da-cartola\/"},"modified":"2018-05-21T18:45:16","modified_gmt":"2018-05-21T21:45:16","slug":"coelho-da-cartola","status":"publish","type":"post","link":"https:\/\/webvasco.com\/artigos\/colunistas\/luizcarlosrocha\/coelho-da-cartola\/","title":{"rendered":"COELHO DA CARTOLA!"},"content":{"rendered":"<p>O Vasco da Gama tirou da cartola o coelho. Depois de uma semana extremamente conturbada, ap\u00f3s ser eliminado por goleada (4 a 0) para o Cruzeiro em casa, a torcida cobrar no treino e ser literalmente recebida a bala, o Cruzmaltino enfim venceu para momentaneamente aliviar a barra na Colina Hist\u00f3rica. Foi de virada.<\/p>\n<p>Ao abrir o placar, com Rafael Moura o Am\u00e9rica Mineiro imaginou que seria mais um carrasco do Vasco. A Imensa Torcida Bem Feliz pensou em outro vexame. Mas desta vez, Z\u00e9 Ruela, digo Z\u00e9 Ricardo fez certo e apostou na prata da casa. Arriscou na garotada e o resultado mostrou que o caminho \u00e9 esse. Nada mais do que 4 a 1 para o Gigante da Colina.<\/p>\n<p>Bruno Cosendey igualou o marcador. Caio Monteiro foi o autor do gol da virada. Andr\u00e9s Rios aumentou a diferen\u00e7a. J\u00e1 nos acr\u00e9scimos Kelvin \u2013 ap\u00f3s 11 meses de inatividade \u2013 fechou o caix\u00e3o da equipe mineira. Com o resultado o Bacalhau somou 7 pontos ganhos em 9, na tabela de classifica\u00e7\u00e3o do Campeonato Brasileiro.<\/p>\n<p>O fato de ter atuado em S\u00e3o Janu\u00e1rio ajudou Zezinho e seus comandados, que agora ocupam a quarta posi\u00e7\u00e3o da competi\u00e7\u00e3o. Sendo que h\u00e1 um jogo a menos, podendo, se ganhar, chegar a segundo, e quem sabe at\u00e9, primeiro colocado no Brasileir\u00e3o. O pr\u00f3ximo desafio ser\u00e1 quarta-feira, dia 09 de maio, \u00e0s 21h45m, contra o Bahia, pela Copa do Brasil.<\/p>\n<p><strong>VERGONHA (MAIS DE 4 ANOS!):<\/strong><\/p>\n<p>DEPOIS DE AGUARDAR <strong> 58 MESES, OU SEJA, 4 ANOS E 10 MESES! (CARRO DESDE 10 DE JUNHO DE 2013)<\/strong> COM O CARRO PRESO NA OFICINA DA ABOLI\u00c7\u00c3O VE\u00cdCULOS COM APENAS 729 KM RODADOS, EM UM PROCESSO COM 8 VOLUMES, NA 1\u00aa VARA CIVEL, DA COMARCA DE NITER\u00d3I\/RJ, REGIONAL OCE\u00c2NICA, A SENTEN\u00c7A FOI INDEFERIR TODOS OS MEUS PEDIDOS E AINDA CONDENAR EM 10% DE CUSTAS JUDICIAIS. OU SEJA, FIQUEI SEM CARRO ESSE TEMPO TODO (MESMO PAGANDO \u00c0 VISTA POR ELE), JUNTEI PROVAS COMO REGISTRO DE OCORR\u00caNCIA DA POL\u00cdCIA CIVIL\/RJ, BOLETIM DE OCORR\u00caNCIA DA POLICIA MILITAR\/RJ, ORDENS DE SERVI\u00c7O, MAIS DE 600 FOTOGRAFIAS, MAIS DE 40 \u00c1UDIOS, NOTAS FISCAIS, NOTAS DE T\u00c1XI, PRONTU\u00c1RIOS M\u00c9DICOS, POIS NESTE PER\u00cdODO TIVE PROBLEMAS DE SA\u00daDE, BEM COMO MEUS FAMILIARES, TENDO UMA FILHA QUE HOJE TEM APENAS 5 ANOS, NA \u00c9POCA POUCO MAIS DE 1 ANINHO. VALE LEMBRAR, QUE OS PRIMEIROS DEFEITOS SE DERAM QUANDO O CARRO TINHA MENOS DE 30 KM RODADOS. TUDO ISSO PARA NADA. QUEM GOSTOU DO RESULTADO DA DOUTA MAGRISTRADA FORAM AS EMPRESAS R\u00c9S \u2013 QUE ME LESARAM \u2013 ABOLI\u00c7\u00c3O VE\u00cdCULOS E VW DO BRASIL <strong>(PROCESSO: No 0016370-44.2013.8.19.0212).<\/strong><\/p>\n<p><strong>AP\u00d3S AS TODAS AS PARTIDAS DO VASC\u00c3O EM MEU PERFIL DO FACEBOOK (QUEM QUISER RECEBER AS CR\u00d4NICAS DE PRIMEIRA M\u00c3O \u00c9 S\u00d3 ME ADICIONAR), E NO SITE WEBVASCO (www.webvasco.com), TEM A OPINI\u00c3O DO JORNALISTA LUIZ CARLOS ROCHA. LEIAM! COMPARTILHEM E CURTAM! VASCA\u00cdNOS UNIDOS JAMAIS SER\u00c3O VENCIDOS.<\/strong><\/p>\n","protected":false},"excerpt":{"rendered":"<p>O Vasco da Gama tirou da cartola o coelho. Depois de uma semana extremamente conturbada,&#8230;<\/p>\n","protected":false},"author":7,"featured_media":0,"comment_status":"open","ping_status":"closed","sticky":false,"template":"","format":"standard","meta":{"footnotes":""},"categories":[4],"tags":[],"class_list":["post-8537","post","type-post","status-publish","format-standard","hentry","category-luizcarlosrocha"],"_links":{"self":[{"href":"https:\/\/webvasco.com\/artigos\/wp-json\/wp\/v2\/posts\/8537","targetHints":{"allow":["GET"]}}],"collection":[{"href":"https:\/\/webvasco.com\/artigos\/wp-json\/wp\/v2\/posts"}],"about":[{"href":"https:\/\/webvasco.com\/artigos\/wp-json\/wp\/v2\/types\/post"}],"author":[{"embeddable":true,"href":"https:\/\/webvasco.com\/artigos\/wp-json\/wp\/v2\/users\/7"}],"replies":[{"embeddable":true,"href":"https:\/\/webvasco.com\/artigos\/wp-json\/wp\/v2\/comments?post=8537"}],"version-history":[{"count":1,"href":"https:\/\/webvasco.com\/artigos\/wp-json\/wp\/v2\/posts\/8537\/revisions"}],"predecessor-version":[{"id":8550,"href":"https:\/\/webvasco.com\/artigos\/wp-json\/wp\/v2\/posts\/8537\/revisions\/8550"}],"wp:attachment":[{"href":"https:\/\/webvasco.com\/artigos\/wp-json\/wp\/v2\/media?parent=8537"}],"wp:term":[{"taxonomy":"category","embeddable":true,"href":"https:\/\/webvasco.com\/artigos\/wp-json\/wp\/v2\/categories?post=8537"},{"taxonomy":"post_tag","embeddable":true,"href":"https:\/\/webvasco.com\/artigos\/wp-json\/wp\/v2\/tags?post=8537"}],"curies":[{"name":"wp","href":"https:\/\/api.w.org\/{rel}","templated":true}]}}