{"id":8538,"date":"2018-05-10T14:37:25","date_gmt":"2018-05-10T17:37:25","guid":{"rendered":"http:\/\/webvasco.com\/artigos\/colunistas\/luizcarlosrocha\/vaso-da-gama\/"},"modified":"2018-05-10T14:37:25","modified_gmt":"2018-05-10T17:37:25","slug":"vaso-da-gama","status":"publish","type":"post","link":"https:\/\/webvasco.com\/artigos\/colunistas\/luizcarlosrocha\/vaso-da-gama\/","title":{"rendered":"VASO DA GAMA!"},"content":{"rendered":"<p>Melhor esquecer. Diante de um Fonte Nova lotado, o Bahia atropelou o Vasco da Gama, por 3 a 0, em partida de ida, pelas Oitavas de Final, da Copa do Brasil. Z\u00e9 Rafael, Edigar Junio e Vin\u00edcius foram os carrascos! A situa\u00e7\u00e3o agora na competi\u00e7\u00e3o \u00e9 complicada, uma vez, que precisa vencer por tr\u00eas gols de diferen\u00e7a para decidir nos p\u00eanaltis a classifica\u00e7\u00e3o. Ou tentar (utopia?) quatro de vantagem para seguir direto rumo ao estrelato.<\/p>\n<p>E a situa\u00e7\u00e3o dram\u00e1tica no cen\u00e1rio desportivo no que tange ao Cruzmaltino n\u00e3o come\u00e7ou literalmente ontem, \u00e9 claro. H\u00e1 tempos o clube vem sendo apequenado por gest\u00f5es incompetentes que l\u00e1 est\u00e3o. O Vasco n\u00e3o acompanhou a evolu\u00e7\u00e3o dos tempos. N\u00e3o virou um clube-empresa, tampouco entrou no S\u00e9culo XXI.<\/p>\n<p>Rid\u00edculo \u00e9 saber que empres\u00e1rios ainda dominam as decis\u00f5es dos cartolas. Por este tipo de atitude \u00e9 que o time n\u00e3o tem atualmente um atleta que possa ser considerado bom. No plantel tem uns dois ou tr\u00eas medianos e nada mais! A defesa toda \u00e9 um lixo, come\u00e7ando pelo arqueiro, passando pelo miolo de zaga e terminando nos flancos. No meio n\u00e3o t\u00eam atleta que saiba fazer a liga\u00e7\u00e3o entre zaga e o ataque. Os atacantes s\u00f3 se forem de nervos, pois maltratam o cora\u00e7\u00e3o do torcedor. Banco? H\u00e1 muitos anos o An\u00e3o da Colina desconhece isso. E por a\u00ed vai.<\/p>\n<p>Deca, Icasa, Celite, Incepa, Logasa, Eternit, Jacuzzi e Roca que se cuidem, pois foi lan\u00e7ado o novo vaso sanit\u00e1rio, produzido pela empresa S\u00e3o Janu\u00e1rio, o porta-fezes modelo Vaso da Gama comporta muita bosta junta em um s\u00f3 local! Na noite de lan\u00e7amento, os cabe\u00e7as de bagre do treinador (ser\u00e1?) Z\u00e9 Ruela levou tr\u00eas torpedos para comemorar o novo produto! Para a cagada ficar completa, tinha de ser contra o Bahia. Com todo respeito aos baianos, o time local treina futebol com coco, em vez de usar a bola. Os atletas n\u00e3o conseguem ficar em conformidade com a l\u00edngua p\u00e1tria, em clara demonstra\u00e7\u00e3o do erro ortogr\u00e1fico, no caso de Edigar Junio. \u00c9 para esse time que o Vasco da Gama perdeu por 3 a 0, ontem?<\/p>\n<p>A verdade \u00e9 uma s\u00f3. Falta dinheiro! Administradores que subestimam problemas do clube, colocando interesses pessoais como prioridades. \u201cJeitinho\u201d vasca\u00edno em todos os documentos de grande import\u00e2ncia. Disputa de vaidades. Troca de favores. Trai\u00e7\u00f5es pol\u00edticas e etc. Por esta raz\u00e3o, \u00e9 necess\u00e1rio que o clube conquiste um t\u00edtulo de express\u00e3o nacional. Para a manuten\u00e7\u00e3o da torcida, que se alimenta de t\u00edtulos e para sanar parte dos dividendos. A Copa do Brasil \u00e9 infinitamente mais f\u00e1cil do que o Campeonato Brasileiro. \u00c9 t\u00e3o dif\u00edcil assim o presidente Alexandre Golpello analisar esse fato? Por isso que na data de hoje s\u00f3 consigo ver as iniciais de cada par\u00e1grafo desta cr\u00f4nica, no que diz respeito a situa\u00e7\u00e3o atual. Dificilmente dia 16 de maio, em na Colina Hist\u00f3rica o panorama mudar\u00e1.<\/p>\n<p><strong>VERGONHA (MAIS DE 4 ANOS!):<\/strong><\/p>\n<p>DEPOIS DE AGUARDAR <strong> 59 MESES, OU SEJA, 4 ANOS E 11 MESES! (CARRO DESDE 10 DE JUNHO DE 2013)<\/strong> COM O CARRO PRESO NA OFICINA DA ABOLI\u00c7\u00c3O VE\u00cdCULOS COM APENAS 729 KM RODADOS, EM UM PROCESSO COM 8 VOLUMES, NA 1\u00aa VARA CIVEL, DA COMARCA DE NITER\u00d3I\/RJ, REGIONAL OCE\u00c2NICA, A SENTEN\u00c7A FOI INDEFERIR TODOS OS MEUS PEDIDOS E AINDA CONDENAR EM 10% DE CUSTAS JUDICIAIS. OU SEJA, FIQUEI SEM CARRO ESSE TEMPO TODO (MESMO PAGANDO \u00c0 VISTA POR ELE), JUNTEI PROVAS COMO REGISTRO DE OCORR\u00caNCIA DA POL\u00cdCIA CIVIL\/RJ, BOLETIM DE OCORR\u00caNCIA DA POLICIA MILITAR\/RJ, ORDENS DE SERVI\u00c7O, MAIS DE 600 FOTOGRAFIAS, MAIS DE 40 \u00c1UDIOS, NOTAS FISCAIS, NOTAS DE T\u00c1XI, PRONTU\u00c1RIOS M\u00c9DICOS, POIS NESTE PER\u00cdODO TIVE PROBLEMAS DE SA\u00daDE, BEM COMO MEUS FAMILIARES, TENDO UMA FILHA QUE HOJE TEM APENAS 5 ANOS, NA \u00c9POCA POUCO MAIS DE 1 ANINHO. VALE LEMBRAR, QUE OS PRIMEIROS DEFEITOS SE DERAM QUANDO O CARRO TINHA MENOS DE 30 KM RODADOS. TUDO ISSO PARA NADA. QUEM GOSTOU DO RESULTADO DA DOUTA MAGRISTRADA FORAM AS EMPRESAS R\u00c9S \u2013 QUE ME LESARAM \u2013 ABOLI\u00c7\u00c3O VE\u00cdCULOS E VW DO BRASIL <strong>(PROCESSO: No 0016370-44.2013.8.19.0212).<\/strong><\/p>\n<p><strong>AP\u00d3S AS TODAS AS PARTIDAS DO VASC\u00c3O EM MEU PERFIL DO FACEBOOK (QUEM QUISER RECEBER AS CR\u00d4NICAS DE PRIMEIRA M\u00c3O \u00c9 S\u00d3 ME ADICIONAR), E NO SITE WEBVASCO (www.webvasco.com), TEM A OPINI\u00c3O DO JORNALISTA LUIZ CARLOS ROCHA. LEIAM! COMPARTILHEM E CURTAM! VASCA\u00cdNOS UNIDOS JAMAIS SER\u00c3O VENCIDOS.<\/strong><\/p>\n","protected":false},"excerpt":{"rendered":"<p>Melhor esquecer. Diante de um Fonte Nova lotado, o Bahia atropelou o Vasco da Gama,&#8230;<\/p>\n","protected":false},"author":7,"featured_media":0,"comment_status":"open","ping_status":"closed","sticky":false,"template":"","format":"standard","meta":{"footnotes":""},"categories":[4],"tags":[],"class_list":["post-8538","post","type-post","status-publish","format-standard","hentry","category-luizcarlosrocha"],"_links":{"self":[{"href":"https:\/\/webvasco.com\/artigos\/wp-json\/wp\/v2\/posts\/8538","targetHints":{"allow":["GET"]}}],"collection":[{"href":"https:\/\/webvasco.com\/artigos\/wp-json\/wp\/v2\/posts"}],"about":[{"href":"https:\/\/webvasco.com\/artigos\/wp-json\/wp\/v2\/types\/post"}],"author":[{"embeddable":true,"href":"https:\/\/webvasco.com\/artigos\/wp-json\/wp\/v2\/users\/7"}],"replies":[{"embeddable":true,"href":"https:\/\/webvasco.com\/artigos\/wp-json\/wp\/v2\/comments?post=8538"}],"version-history":[{"count":0,"href":"https:\/\/webvasco.com\/artigos\/wp-json\/wp\/v2\/posts\/8538\/revisions"}],"wp:attachment":[{"href":"https:\/\/webvasco.com\/artigos\/wp-json\/wp\/v2\/media?parent=8538"}],"wp:term":[{"taxonomy":"category","embeddable":true,"href":"https:\/\/webvasco.com\/artigos\/wp-json\/wp\/v2\/categories?post=8538"},{"taxonomy":"post_tag","embeddable":true,"href":"https:\/\/webvasco.com\/artigos\/wp-json\/wp\/v2\/tags?post=8538"}],"curies":[{"name":"wp","href":"https:\/\/api.w.org\/{rel}","templated":true}]}}