{"id":8539,"date":"2018-05-14T18:33:46","date_gmt":"2018-05-14T21:33:46","guid":{"rendered":"http:\/\/webvasco.com\/artigos\/colunistas\/luizcarlosrocha\/pesadelo-baiano\/"},"modified":"2018-05-14T18:33:46","modified_gmt":"2018-05-14T21:33:46","slug":"pesadelo-baiano","status":"publish","type":"post","link":"https:\/\/webvasco.com\/artigos\/colunistas\/luizcarlosrocha\/pesadelo-baiano\/","title":{"rendered":"PESADELO BAIANO!"},"content":{"rendered":"<p>Depois de sofrer uma goleada para o Bahia (3 a 0), quarta-feira, dia 09 de maio, pela Copa do Brasil, ontem foi a vez do Vit\u00f3ria\/BA vencer o Vasco da Gama, por 3 a 2, dentro de S\u00e3o Janu\u00e1rio, pela 5\u00aa Rodada do Campeonato Brasileiro. Em nenhum momento o Cruzmaltino esteve \u00e0 frente do placar.<\/p>\n<p>Andr\u00e9 Lima inaugurou o marcador, aos 17 minutos da etapa vestibular. Logo depois, Yago Pikachu, aos 39, de p\u00eanalti, deixou tudo igual. Veio o tempo complementar e o pesadelo foi desenhando. Lucas Fernandes, balan\u00e7ou a rede aos 25. Para piorar Werley, contra, 5 minutos depois ajudou na constru\u00e7\u00e3o de um sonho ruim. Quando Rios diminuiu, aos 37, n\u00e3o houve tempo para mais nada!<\/p>\n<p>Com o resultado o time da Colina caiu duas posi\u00e7\u00f5es na tabela de classifica\u00e7\u00e3o da competi\u00e7\u00e3o. Agora ocupa a sexta coloca\u00e7\u00e3o, com 7 pontos ganhos, em 12 disputados (tem um jogo a menos). \u00c9 n\u00edtido que o Z\u00e9 Ruela n\u00e3o tem mais for\u00e7a com o plantel. O pior \u00e9 saber que talvez nunca tenha tido.<\/p>\n<p>O clube precisa deixar os problemas pol\u00edticos de lado e focar nas partidas, pois ter\u00e1 duas pedreiras esta semana. Quarta-feira, dia 16, contra o Bahia, em S\u00e3o Janu\u00e1rio, pela Copa do Brasil. Depois, no s\u00e1bado, dia 19, \u00e0s 19h, no Maracan\u00e3, o jogo contra o time do Gueto. \u00c9 preciso que o time do Gigante (An\u00e3o) da Colina retome a vergonha na cara e reencontre as vit\u00f3rias.<\/p>\n<p><strong>VERGONHA (MAIS DE 4 ANOS!):<\/strong><\/p>\n<p>DEPOIS DE AGUARDAR <strong> 59 MESES, OU SEJA, 4 ANOS E 11 MESES! (CARRO DESDE 10 DE JUNHO DE 2013)<\/strong> COM O CARRO PRESO NA OFICINA DA ABOLI\u00c7\u00c3O VE\u00cdCULOS COM APENAS 729 KM RODADOS, EM UM PROCESSO COM 8 VOLUMES, NA 1\u00aa VARA CIVEL, DA COMARCA DE NITER\u00d3I\/RJ, REGIONAL OCE\u00c2NICA, A SENTEN\u00c7A FOI INDEFERIR TODOS OS MEUS PEDIDOS E AINDA CONDENAR EM 10% DE CUSTAS JUDICIAIS. OU SEJA, FIQUEI SEM CARRO ESSE TEMPO TODO (MESMO PAGANDO \u00c0 VISTA POR ELE), JUNTEI PROVAS COMO REGISTRO DE OCORR\u00caNCIA DA POL\u00cdCIA CIVIL\/RJ, BOLETIM DE OCORR\u00caNCIA DA POLICIA MILITAR\/RJ, ORDENS DE SERVI\u00c7O, MAIS DE 600 FOTOGRAFIAS, MAIS DE 40 \u00c1UDIOS, NOTAS FISCAIS, NOTAS DE T\u00c1XI, PRONTU\u00c1RIOS M\u00c9DICOS, POIS NESTE PER\u00cdODO TIVE PROBLEMAS DE SA\u00daDE, BEM COMO MEUS FAMILIARES, TENDO UMA FILHA QUE HOJE TEM APENAS 5 ANOS, NA \u00c9POCA POUCO MAIS DE 1 ANINHO. VALE LEMBRAR, QUE OS PRIMEIROS DEFEITOS SE DERAM QUANDO O CARRO TINHA MENOS DE 30 KM RODADOS. TUDO ISSO PARA NADA. QUEM GOSTOU DO RESULTADO DA DOUTA MAGRISTRADA FORAM AS EMPRESAS R\u00c9S \u2013 QUE ME LESARAM \u2013 ABOLI\u00c7\u00c3O VE\u00cdCULOS E VW DO BRASIL <strong>(PROCESSO: No 0016370-44.2013.8.19.0212).<\/strong><\/p>\n<p><strong>AP\u00d3S AS TODAS AS PARTIDAS DO VASC\u00c3O EM MEU PERFIL DO FACEBOOK (QUEM QUISER RECEBER AS CR\u00d4NICAS DE PRIMEIRA M\u00c3O \u00c9 S\u00d3 ME ADICIONAR), E NO SITE WEBVASCO (www.webvasco.com), TEM A OPINI\u00c3O DO JORNALISTA LUIZ CARLOS ROCHA. LEIAM! COMPARTILHEM E CURTAM! VASCA\u00cdNOS UNIDOS JAMAIS SER\u00c3O VENCIDOS.<\/strong><\/p>\n","protected":false},"excerpt":{"rendered":"<p>Depois de sofrer uma goleada para o Bahia (3 a 0), quarta-feira, dia 09 de&#8230;<\/p>\n","protected":false},"author":7,"featured_media":0,"comment_status":"open","ping_status":"closed","sticky":false,"template":"","format":"standard","meta":{"footnotes":""},"categories":[4],"tags":[],"class_list":["post-8539","post","type-post","status-publish","format-standard","hentry","category-luizcarlosrocha"],"_links":{"self":[{"href":"https:\/\/webvasco.com\/artigos\/wp-json\/wp\/v2\/posts\/8539","targetHints":{"allow":["GET"]}}],"collection":[{"href":"https:\/\/webvasco.com\/artigos\/wp-json\/wp\/v2\/posts"}],"about":[{"href":"https:\/\/webvasco.com\/artigos\/wp-json\/wp\/v2\/types\/post"}],"author":[{"embeddable":true,"href":"https:\/\/webvasco.com\/artigos\/wp-json\/wp\/v2\/users\/7"}],"replies":[{"embeddable":true,"href":"https:\/\/webvasco.com\/artigos\/wp-json\/wp\/v2\/comments?post=8539"}],"version-history":[{"count":0,"href":"https:\/\/webvasco.com\/artigos\/wp-json\/wp\/v2\/posts\/8539\/revisions"}],"wp:attachment":[{"href":"https:\/\/webvasco.com\/artigos\/wp-json\/wp\/v2\/media?parent=8539"}],"wp:term":[{"taxonomy":"category","embeddable":true,"href":"https:\/\/webvasco.com\/artigos\/wp-json\/wp\/v2\/categories?post=8539"},{"taxonomy":"post_tag","embeddable":true,"href":"https:\/\/webvasco.com\/artigos\/wp-json\/wp\/v2\/tags?post=8539"}],"curies":[{"name":"wp","href":"https:\/\/api.w.org\/{rel}","templated":true}]}}