{"id":8540,"date":"2018-05-20T19:37:53","date_gmt":"2018-05-20T22:37:53","guid":{"rendered":"http:\/\/webvasco.com\/artigos\/colunistas\/luizcarlosrocha\/quatro-minutos\/"},"modified":"2018-05-20T19:37:53","modified_gmt":"2018-05-20T22:37:53","slug":"quatro-minutos","status":"publish","type":"post","link":"https:\/\/webvasco.com\/artigos\/colunistas\/luizcarlosrocha\/quatro-minutos\/","title":{"rendered":"QUATRO MINUTOS!"},"content":{"rendered":"<p>Foram apenas 4 minutos o tempo que a torcida molamba comemorou, ontem, no Maracan\u00e3! Ap\u00f3s abrir o placar (irregular) com Vin\u00edcius J\u00fanior, aos 13 minutos da etapa vestibular, Wagner, aos 17 deixou tudo igual, na partida que marcou a 6\u00aa Rodada do Campeonato Brasileiro. O empate por 1 a 1 fez o time do Gueto perder a lideran\u00e7a da competi\u00e7\u00e3o.<\/p>\n<p>J\u00e1 dizia um certo cartola vasca\u00edno que este jogo tem um determinado diferencial. Que ganhar dos Exclu\u00eddos \u00e9 uma competi\u00e7\u00e3o a parte. De fato \u00e9. E s\u00f3 n\u00e3o ganhou por que \u2013 mais uma vez \u2013 o d\u00e9cimo segundo jogador rubro-negro, ou seja, o \u00e1rbitro validou o gol do Imp\u00e9rio da Mentira!<\/p>\n<p>A Torcida Imunda passou a semana inteira gabando-se que era l\u00edder do Brasileir\u00e3o e que venceria o Vasco da Gama. Mas a Imensa Torcida Bem Feliz pode ver que no final das contas que o bem sempre prevalecer\u00e1 sobre o mal. Por isso, pela hist\u00f3ria e pela energia sempre positiva a chance de prevalecer \u00e9 grande.<\/p>\n<p>Com a defini\u00e7\u00e3o do placar, o Gigante da Colina caiu para 8\u00aa posi\u00e7\u00e3o na tabela de classifica\u00e7\u00e3o, com 8 pontos ganhos, em 15 disputados, uma vez, que registra uma partida a menos. O pr\u00f3ximo desafio da equipe cruzmaltina ser\u00e1 ter\u00e7a-feira, dia 22 de maio, \u00e0s 21h30m, no Maracan\u00e3, contra a Universidad do Chile, pela Libertadores. Depois, dia 27 de maio, \u00e0s 16h, contra o Bahia, na Fonte Nova, pelo Campeonato Brasileiro.<\/p>\n<p><strong>VERGONHA (MAIS DE 4 ANOS!):<\/strong><\/p>\n<p>DEPOIS DE AGUARDAR <strong> 59 MESES, OU SEJA, 4 ANOS E 11 MESES! (CARRO DESDE 10 DE JUNHO DE 2013)<\/strong> COM O CARRO PRESO NA OFICINA DA ABOLI\u00c7\u00c3O VE\u00cdCULOS COM APENAS 729 KM RODADOS, EM UM PROCESSO COM 8 VOLUMES, NA 1\u00aa VARA CIVEL, DA COMARCA DE NITER\u00d3I\/RJ, REGIONAL OCE\u00c2NICA, A SENTEN\u00c7A FOI INDEFERIR TODOS OS MEUS PEDIDOS E AINDA CONDENAR EM 10% DE CUSTAS JUDICIAIS. OU SEJA, FIQUEI SEM CARRO ESSE TEMPO TODO (MESMO PAGANDO \u00c0 VISTA POR ELE), JUNTEI PROVAS COMO REGISTRO DE OCORR\u00caNCIA DA POL\u00cdCIA CIVIL\/RJ, BOLETIM DE OCORR\u00caNCIA DA POLICIA MILITAR\/RJ, ORDENS DE SERVI\u00c7O, MAIS DE 600 FOTOGRAFIAS, MAIS DE 40 \u00c1UDIOS, NOTAS FISCAIS, NOTAS DE T\u00c1XI, PRONTU\u00c1RIOS M\u00c9DICOS, POIS NESTE PER\u00cdODO TIVE PROBLEMAS DE SA\u00daDE, BEM COMO MEUS FAMILIARES, TENDO UMA FILHA QUE HOJE TEM APENAS 5 ANOS, NA \u00c9POCA POUCO MAIS DE 1 ANINHO. VALE LEMBRAR, QUE OS PRIMEIROS DEFEITOS SE DERAM QUANDO O CARRO TINHA MENOS DE 30 KM RODADOS. TUDO ISSO PARA NADA. QUEM GOSTOU DO RESULTADO DA DOUTA MAGRISTRADA FORAM AS EMPRESAS R\u00c9S \u2013 QUE ME LESARAM \u2013 ABOLI\u00c7\u00c3O VE\u00cdCULOS E VW DO BRASIL <strong>(PROCESSO: No 0016370-44.2013.8.19.0212).<\/strong><\/p>\n<p><strong>AP\u00d3S AS TODAS AS PARTIDAS DO VASC\u00c3O EM MEU PERFIL DO FACEBOOK (QUEM QUISER RECEBER AS CR\u00d4NICAS DE PRIMEIRA M\u00c3O \u00c9 S\u00d3 ME ADICIONAR), E NO SITE WEBVASCO (www.webvasco.com), TEM A OPINI\u00c3O DO JORNALISTA LUIZ CARLOS ROCHA. LEIAM! COMPARTILHEM E CURTAM! VASCA\u00cdNOS UNIDOS JAMAIS SER\u00c3O VENCIDOS.<\/strong><\/p>\n","protected":false},"excerpt":{"rendered":"<p>Foram apenas 4 minutos o tempo que a torcida molamba comemorou, ontem, no Maracan\u00e3! Ap\u00f3s&#8230;<\/p>\n","protected":false},"author":7,"featured_media":0,"comment_status":"open","ping_status":"closed","sticky":false,"template":"","format":"standard","meta":{"footnotes":""},"categories":[4],"tags":[],"class_list":["post-8540","post","type-post","status-publish","format-standard","hentry","category-luizcarlosrocha"],"_links":{"self":[{"href":"https:\/\/webvasco.com\/artigos\/wp-json\/wp\/v2\/posts\/8540","targetHints":{"allow":["GET"]}}],"collection":[{"href":"https:\/\/webvasco.com\/artigos\/wp-json\/wp\/v2\/posts"}],"about":[{"href":"https:\/\/webvasco.com\/artigos\/wp-json\/wp\/v2\/types\/post"}],"author":[{"embeddable":true,"href":"https:\/\/webvasco.com\/artigos\/wp-json\/wp\/v2\/users\/7"}],"replies":[{"embeddable":true,"href":"https:\/\/webvasco.com\/artigos\/wp-json\/wp\/v2\/comments?post=8540"}],"version-history":[{"count":0,"href":"https:\/\/webvasco.com\/artigos\/wp-json\/wp\/v2\/posts\/8540\/revisions"}],"wp:attachment":[{"href":"https:\/\/webvasco.com\/artigos\/wp-json\/wp\/v2\/media?parent=8540"}],"wp:term":[{"taxonomy":"category","embeddable":true,"href":"https:\/\/webvasco.com\/artigos\/wp-json\/wp\/v2\/categories?post=8540"},{"taxonomy":"post_tag","embeddable":true,"href":"https:\/\/webvasco.com\/artigos\/wp-json\/wp\/v2\/tags?post=8540"}],"curies":[{"name":"wp","href":"https:\/\/api.w.org\/{rel}","templated":true}]}}