{"id":8541,"date":"2018-05-21T14:51:51","date_gmt":"2018-05-21T17:51:51","guid":{"rendered":"http:\/\/webvasco.com\/artigos\/?p=8541"},"modified":"2018-05-21T19:21:28","modified_gmt":"2018-05-21T22:21:28","slug":"valente-por-natureza","status":"publish","type":"post","link":"https:\/\/webvasco.com\/artigos\/colunistas\/luizcarlosrocha\/valente-por-natureza\/","title":{"rendered":"VALENTE POR NATUREZA!"},"content":{"rendered":"<p>O Vasco da Gama sempre foi o celeiro de grandes craques. Sua base fabricou jogadores extra s\u00e9rie. Alguns bons dentro de campo. Outros excepcionais fora das quatro linhas. O futebol moderno requer talento e imagem. Isso a nova p\u00e9rola do alicerce atl\u00e9tico, Kau\u00e3 Valente, faz com maestria. Sua coragem vem do nome, ou melhor, do sobrenome.<\/p>\n<p>Em entrevista EXCLUSIVA ao <strong>Webvasco<\/strong>, ontem, no Centro de Forma\u00e7\u00e3o de Atletas \u2013 CEFAT (arrendado ao Botafogo), em Niter\u00f3i\/RJ, o jovem lateral esquerdo, de apenas 11 anos de idade apontou pontos do esporte com ampla maturidade. Percebemos que n\u00e3o \u00e9 s\u00f3 a ginga, mas tamb\u00e9m o voc\u00e1bulo de gente grande que t\u00eam esse menino.<\/p>\n<p>Caveir\u00e3o, como \u00e9 carinhosamente apelidado pelos amigos no Col\u00e9gio Vasco da Gama, e tamb\u00e9m pelos atletas da sua equipe, espera que o Cruzmaltino conquiste grandes t\u00edtulos, e que ele possa estar no plantel. Pelo que vimos, certamente ser\u00e1 no time titular. Um v\u00eddeo dele dando apoio ao time, viralizou na internet.<\/p>\n<p>\u201cQueria dizer para nosso time que perder uma final para nosso maior rival \u00e9 muito ruim. Valia um t\u00edtulo. Ent\u00e3o tive de botar em conta, para que eles pudessem jogar com mais ra\u00e7a do que eles t\u00eam\u201d, disparou Kau\u00e3, afirmando que a vida desportiva dele mudou ap\u00f3s o v\u00eddeo.<\/p>\n<p>Perguntado sobre a rivalidade quem seria maior inc\u00f4modo para o Gigante da Colina, prontamente, sem titubear o lateral disparou: \u201c\u00c9 o Flamengo\u201d, mostrando personalidade e conhecimento. Inspirando-se em Philippe Coutinho, Caveir\u00e3o comenta inclusive sobre a Sele\u00e7\u00e3o Brasileira: \u201cSe Deus quiser ser\u00e1 um sonho realizado. Mas \u00e9 preciso trabalhar duro, porque \u00e9 muito dif\u00edcil\u201d, em alus\u00e3o \u00e0 Amarelinha.<\/p>\n<p>O craque concluiu enaltecendo o maior \u00eddolo do Mach\u00e3o da Gama: \u201cN\u00e3o tive a chance de ver, mas se tivesse visto teria aprendido muito com ele\u201d, ao ser indagado sobre Roberto Dinamite.<\/p>\n<p>&nbsp;<\/p>\n<p><a href=\"https:\/\/webvasco.com\/artigos\/wp-content\/uploads\/2018\/05\/IMG-20180520-WA0055.jpg\"><img loading=\"lazy\" decoding=\"async\" class=\"alignleft size-medium wp-image-8548\" src=\"https:\/\/webvasco.com\/artigos\/wp-content\/uploads\/2018\/05\/IMG-20180520-WA0055-167x300.jpg\" alt=\"\" width=\"167\" height=\"300\" srcset=\"https:\/\/webvasco.com\/artigos\/wp-content\/uploads\/2018\/05\/IMG-20180520-WA0055-167x300.jpg 167w, https:\/\/webvasco.com\/artigos\/wp-content\/uploads\/2018\/05\/IMG-20180520-WA0055-84x150.jpg 84w, https:\/\/webvasco.com\/artigos\/wp-content\/uploads\/2018\/05\/IMG-20180520-WA0055.jpg 456w\" sizes=\"auto, (max-width: 167px) 100vw, 167px\" \/><\/a> <a href=\"https:\/\/webvasco.com\/artigos\/wp-content\/uploads\/2018\/05\/IMG_20180520_132448737.jpg\"><img loading=\"lazy\" decoding=\"async\" class=\"alignleft size-medium wp-image-8547\" src=\"https:\/\/webvasco.com\/artigos\/wp-content\/uploads\/2018\/05\/IMG_20180520_132448737-300x274.jpg\" alt=\"\" width=\"300\" height=\"274\" srcset=\"https:\/\/webvasco.com\/artigos\/wp-content\/uploads\/2018\/05\/IMG_20180520_132448737-300x274.jpg 300w, https:\/\/webvasco.com\/artigos\/wp-content\/uploads\/2018\/05\/IMG_20180520_132448737-150x137.jpg 150w, https:\/\/webvasco.com\/artigos\/wp-content\/uploads\/2018\/05\/IMG_20180520_132448737-768x701.jpg 768w, https:\/\/webvasco.com\/artigos\/wp-content\/uploads\/2018\/05\/IMG_20180520_132448737-1024x935.jpg 1024w, https:\/\/webvasco.com\/artigos\/wp-content\/uploads\/2018\/05\/IMG_20180520_132448737.jpg 1384w\" sizes=\"auto, (max-width: 300px) 100vw, 300px\" \/><\/a> <a href=\"https:\/\/webvasco.com\/artigos\/wp-content\/uploads\/2018\/05\/IMG_20180520_132427996.jpg\"><img loading=\"lazy\" decoding=\"async\" class=\"alignleft size-medium wp-image-8546\" src=\"https:\/\/webvasco.com\/artigos\/wp-content\/uploads\/2018\/05\/IMG_20180520_132427996-261x300.jpg\" alt=\"\" width=\"261\" height=\"300\" srcset=\"https:\/\/webvasco.com\/artigos\/wp-content\/uploads\/2018\/05\/IMG_20180520_132427996-261x300.jpg 261w, https:\/\/webvasco.com\/artigos\/wp-content\/uploads\/2018\/05\/IMG_20180520_132427996-130x150.jpg 130w, https:\/\/webvasco.com\/artigos\/wp-content\/uploads\/2018\/05\/IMG_20180520_132427996-768x883.jpg 768w, https:\/\/webvasco.com\/artigos\/wp-content\/uploads\/2018\/05\/IMG_20180520_132427996-891x1024.jpg 891w\" sizes=\"auto, (max-width: 261px) 100vw, 261px\" \/><\/a> <a href=\"https:\/\/webvasco.com\/artigos\/wp-content\/uploads\/2018\/05\/IMG_20180520_132415493.jpg\"><img loading=\"lazy\" decoding=\"async\" class=\"alignleft size-medium wp-image-8545\" src=\"https:\/\/webvasco.com\/artigos\/wp-content\/uploads\/2018\/05\/IMG_20180520_132415493-205x300.jpg\" alt=\"\" width=\"205\" height=\"300\" srcset=\"https:\/\/webvasco.com\/artigos\/wp-content\/uploads\/2018\/05\/IMG_20180520_132415493-205x300.jpg 205w, https:\/\/webvasco.com\/artigos\/wp-content\/uploads\/2018\/05\/IMG_20180520_132415493-102x150.jpg 102w, https:\/\/webvasco.com\/artigos\/wp-content\/uploads\/2018\/05\/IMG_20180520_132415493-768x1125.jpg 768w, https:\/\/webvasco.com\/artigos\/wp-content\/uploads\/2018\/05\/IMG_20180520_132415493-699x1024.jpg 699w\" sizes=\"auto, (max-width: 205px) 100vw, 205px\" \/><\/a> <a href=\"https:\/\/webvasco.com\/artigos\/wp-content\/uploads\/2018\/05\/IMG_20180520_122517853.jpg\"><img loading=\"lazy\" decoding=\"async\" class=\"alignleft size-medium wp-image-8544\" src=\"https:\/\/webvasco.com\/artigos\/wp-content\/uploads\/2018\/05\/IMG_20180520_122517853-279x300.jpg\" alt=\"\" width=\"279\" height=\"300\" srcset=\"https:\/\/webvasco.com\/artigos\/wp-content\/uploads\/2018\/05\/IMG_20180520_122517853-279x300.jpg 279w, https:\/\/webvasco.com\/artigos\/wp-content\/uploads\/2018\/05\/IMG_20180520_122517853-139x150.jpg 139w, https:\/\/webvasco.com\/artigos\/wp-content\/uploads\/2018\/05\/IMG_20180520_122517853-768x826.jpg 768w, https:\/\/webvasco.com\/artigos\/wp-content\/uploads\/2018\/05\/IMG_20180520_122517853-952x1024.jpg 952w, https:\/\/webvasco.com\/artigos\/wp-content\/uploads\/2018\/05\/IMG_20180520_122517853.jpg 1480w\" sizes=\"auto, (max-width: 279px) 100vw, 279px\" \/><\/a> <a href=\"https:\/\/webvasco.com\/artigos\/wp-content\/uploads\/2018\/05\/IMG_20180520_122508841.jpg\"><img loading=\"lazy\" decoding=\"async\" class=\"alignleft size-medium wp-image-8543\" src=\"https:\/\/webvasco.com\/artigos\/wp-content\/uploads\/2018\/05\/IMG_20180520_122508841-263x300.jpg\" alt=\"\" width=\"263\" height=\"300\" srcset=\"https:\/\/webvasco.com\/artigos\/wp-content\/uploads\/2018\/05\/IMG_20180520_122508841-263x300.jpg 263w, https:\/\/webvasco.com\/artigos\/wp-content\/uploads\/2018\/05\/IMG_20180520_122508841-132x150.jpg 132w, https:\/\/webvasco.com\/artigos\/wp-content\/uploads\/2018\/05\/IMG_20180520_122508841-768x875.jpg 768w, https:\/\/webvasco.com\/artigos\/wp-content\/uploads\/2018\/05\/IMG_20180520_122508841-899x1024.jpg 899w, https:\/\/webvasco.com\/artigos\/wp-content\/uploads\/2018\/05\/IMG_20180520_122508841.jpg 1060w\" sizes=\"auto, (max-width: 263px) 100vw, 263px\" \/><\/a> <a href=\"https:\/\/webvasco.com\/artigos\/wp-content\/uploads\/2018\/05\/IMG_20180520_132438753.jpg\"><img loading=\"lazy\" decoding=\"async\" class=\"alignleft size-medium wp-image-8542\" src=\"https:\/\/webvasco.com\/artigos\/wp-content\/uploads\/2018\/05\/IMG_20180520_132438753-300x214.jpg\" alt=\"\" width=\"300\" height=\"214\" srcset=\"https:\/\/webvasco.com\/artigos\/wp-content\/uploads\/2018\/05\/IMG_20180520_132438753-300x214.jpg 300w, https:\/\/webvasco.com\/artigos\/wp-content\/uploads\/2018\/05\/IMG_20180520_132438753-150x107.jpg 150w, https:\/\/webvasco.com\/artigos\/wp-content\/uploads\/2018\/05\/IMG_20180520_132438753-768x548.jpg 768w, https:\/\/webvasco.com\/artigos\/wp-content\/uploads\/2018\/05\/IMG_20180520_132438753-1024x731.jpg 1024w\" sizes=\"auto, (max-width: 300px) 100vw, 300px\" \/><\/a><\/p>\n<p>&nbsp;<\/p>\n<p>&nbsp;<\/p>\n<p>&nbsp;<\/p>\n<p>&nbsp;<\/p>\n<p>&nbsp;<\/p>\n<p>&nbsp;<\/p>\n<p>&nbsp;<\/p>\n<p>&nbsp;<\/p>\n<p>&nbsp;<\/p>\n<p>&nbsp;<\/p>\n<p>&nbsp;<\/p>\n<p>&nbsp;<\/p>\n<p>&nbsp;<\/p>\n<p>&nbsp;<\/p>\n<p>&nbsp;<\/p>\n<p>&nbsp;<\/p>\n<p>&nbsp;<\/p>\n<p>&nbsp;<\/p>\n<p>&nbsp;<\/p>\n<p>&nbsp;<\/p>\n<p>&nbsp;<\/p>\n<p>&nbsp;<\/p>\n<p>&nbsp;<\/p>\n<p>&nbsp;<\/p>\n<p>&nbsp;<\/p>\n<p>&nbsp;<\/p>\n<p>&nbsp;<\/p>\n<p>&nbsp;<\/p>\n<p>&nbsp;<\/p>\n<p><strong>VERGONHA (MAIS DE 4 ANOS!):<\/strong><\/p>\n<p>DEPOIS DE AGUARDAR <strong> 59 MESES, OU SEJA, 4 ANOS E 11 MESES! (CARRO DESDE 10 DE JUNHO DE 2013)<\/strong> COM O CARRO PRESO NA OFICINA DA ABOLI\u00c7\u00c3O VE\u00cdCULOS COM APENAS 729 KM RODADOS, EM UM PROCESSO COM 8 VOLUMES, NA 1\u00aa VARA CIVEL, DA COMARCA DE NITER\u00d3I\/RJ, REGIONAL OCE\u00c2NICA, A SENTEN\u00c7A FOI INDEFERIR TODOS OS MEUS PEDIDOS E AINDA CONDENAR EM 10% DE CUSTAS JUDICIAIS. OU SEJA, FIQUEI SEM CARRO ESSE TEMPO TODO (MESMO PAGANDO \u00c0 VISTA POR ELE), JUNTEI PROVAS COMO REGISTRO DE OCORR\u00caNCIA DA POL\u00cdCIA CIVIL\/RJ, BOLETIM DE OCORR\u00caNCIA DA POLICIA MILITAR\/RJ, ORDENS DE SERVI\u00c7O, MAIS DE 600 FOTOGRAFIAS, MAIS DE 40 \u00c1UDIOS, NOTAS FISCAIS, NOTAS DE T\u00c1XI, PRONTU\u00c1RIOS M\u00c9DICOS, POIS NESTE PER\u00cdODO TIVE PROBLEMAS DE SA\u00daDE, BEM COMO MEUS FAMILIARES, TENDO UMA FILHA QUE HOJE TEM APENAS 5 ANOS, NA \u00c9POCA POUCO MAIS DE 1 ANINHO. VALE LEMBRAR, QUE OS PRIMEIROS DEFEITOS SE DERAM QUANDO O CARRO TINHA MENOS DE 30 KM RODADOS. TUDO ISSO PARA NADA. QUEM GOSTOU DO RESULTADO DA DOUTA MAGRISTRADA FORAM AS EMPRESAS R\u00c9S \u2013 QUE ME LESARAM \u2013 ABOLI\u00c7\u00c3O VE\u00cdCULOS E VW DO BRASIL <strong>(PROCESSO: No 0016370-44.2013.8.19.0212).<\/strong><\/p>\n<p><strong>AP\u00d3S AS TODAS AS PARTIDAS DO VASC\u00c3O EM MEU PERFIL DO FACEBOOK (QUEM QUISER RECEBER AS CR\u00d4NICAS DE PRIMEIRA M\u00c3O \u00c9 S\u00d3 ME ADICIONAR), E NO SITE WEBVASCO (www.webvasco.com), TEM A OPINI\u00c3O DO JORNALISTA LUIZ CARLOS ROCHA. LEIAM! COMPARTILHEM E CURTAM! VASCA\u00cdNOS UNI<\/strong><strong>DOS JAMAIS SER\u00c3O VENCIDOS.<\/strong><\/p>\n","protected":false},"excerpt":{"rendered":"<p>O Vasco da Gama sempre foi o celeiro de grandes craques. Sua base fabricou jogadores&#8230;<\/p>\n","protected":false},"author":7,"featured_media":8542,"comment_status":"open","ping_status":"closed","sticky":false,"template":"","format":"standard","meta":{"footnotes":""},"categories":[4],"tags":[],"class_list":["post-8541","post","type-post","status-publish","format-standard","has-post-thumbnail","hentry","category-luizcarlosrocha"],"_links":{"self":[{"href":"https:\/\/webvasco.com\/artigos\/wp-json\/wp\/v2\/posts\/8541","targetHints":{"allow":["GET"]}}],"collection":[{"href":"https:\/\/webvasco.com\/artigos\/wp-json\/wp\/v2\/posts"}],"about":[{"href":"https:\/\/webvasco.com\/artigos\/wp-json\/wp\/v2\/types\/post"}],"author":[{"embeddable":true,"href":"https:\/\/webvasco.com\/artigos\/wp-json\/wp\/v2\/users\/7"}],"replies":[{"embeddable":true,"href":"https:\/\/webvasco.com\/artigos\/wp-json\/wp\/v2\/comments?post=8541"}],"version-history":[{"count":4,"href":"https:\/\/webvasco.com\/artigos\/wp-json\/wp\/v2\/posts\/8541\/revisions"}],"predecessor-version":[{"id":8553,"href":"https:\/\/webvasco.com\/artigos\/wp-json\/wp\/v2\/posts\/8541\/revisions\/8553"}],"wp:featuredmedia":[{"embeddable":true,"href":"https:\/\/webvasco.com\/artigos\/wp-json\/wp\/v2\/media\/8542"}],"wp:attachment":[{"href":"https:\/\/webvasco.com\/artigos\/wp-json\/wp\/v2\/media?parent=8541"}],"wp:term":[{"taxonomy":"category","embeddable":true,"href":"https:\/\/webvasco.com\/artigos\/wp-json\/wp\/v2\/categories?post=8541"},{"taxonomy":"post_tag","embeddable":true,"href":"https:\/\/webvasco.com\/artigos\/wp-json\/wp\/v2\/tags?post=8541"}],"curies":[{"name":"wp","href":"https:\/\/api.w.org\/{rel}","templated":true}]}}