{"id":8554,"date":"2018-05-24T01:37:20","date_gmt":"2018-05-24T04:37:20","guid":{"rendered":"http:\/\/webvasco.com\/artigos\/colunistas\/luizcarlosrocha\/cadeado-depois-da-casa-arrombada\/"},"modified":"2018-05-24T01:37:20","modified_gmt":"2018-05-24T04:37:20","slug":"cadeado-depois-da-casa-arrombada","status":"publish","type":"post","link":"https:\/\/webvasco.com\/artigos\/colunistas\/luizcarlosrocha\/cadeado-depois-da-casa-arrombada\/","title":{"rendered":"CADEADO DEPOIS DA CASA ARROMBADA!"},"content":{"rendered":"<p>Como diz a velha m\u00e1xima: Depois da casa arrombada n\u00e3o adianta colocar cadeado! O Vasco da Gama venceu, ontem, a Universidad do Chile, por 2 a 0, com gols de Bruno Silva e Yago Pikachu, no Est\u00e1dio Nacional, e se classificou para a Copa Sul Americana, por ter ficado em terceiro lugar no Grupo 5, da Copa Toyota Libertadores da Am\u00e9rica. Ou seja, a equipe atuou bem, ali\u00e1s, muito bem, foi a melhor apresenta\u00e7\u00e3o na competi\u00e7\u00e3o, mas de nada adiantou pois j\u00e1 estava eliminado!<\/p>\n<p>A Imensa Torcida Bem Feliz est\u00e1 cansada de ser enganada. O Cruzmaltino n\u00e3o conquistou uma vaga para a Sul Americana, o time perdeu a classifica\u00e7\u00e3o da Libertadores, o que \u00e9 bem diferente! Desigualdade n\u00e3o s\u00f3 em termos de prest\u00edgio, mas principalmente em condi\u00e7\u00f5es de premia\u00e7\u00e3o (financeira). A Copa Sul Americana (antiga Mercosul) nada mais \u00e9 do que uma competi\u00e7\u00e3o continental gen\u00e9rica, uma esp\u00e9cie de segunda linha da Copa Libertadores!<\/p>\n<p>Os cartolas do Mach\u00e3o da Gama precisam entender que a magnitude da Libertadores, requer planejamento para disputa-la, e principalmente para conquista-la. N\u00e3o monta-se uma equipe forte da noite para o dia. \u00c9 preciso primeiro acertar os par\u00e2metros internos, no que tange ao administrativo, bem como o financeiro, para depois chegar ao Departamento de Futebol com recursos fazend\u00e1rios suficientes, e, sobretudo, estrutura profissional para contratar pe\u00e7as que venham corroborar com o desempenho na trajet\u00f3ria pelo t\u00edtulo. Libertadores n\u00e3o \u00e9 Carioquinha!<\/p>\n<p>Para piorar a p\u00edfia campanha na competi\u00e7\u00e3o, Evander, Wellington, Gabriel F\u00e9lix e Paul\u00e3o fazem a besteira de postar uma fotografia tripudiando do maior patrim\u00f4nio do clube, a torcida! Tais atletas \u2013 segundo eles \u2013 tomaram essa atitude por n\u00e3o aceitar vaias do torcedor quando eles atuam. Ora, \u00e9 simples, basta mostrar um futebol digno de vestir a camisa do Gigante da Colina! Desta forma n\u00e3o haver\u00e1 cobran\u00e7a. Se os jogadores envolvidos n\u00e3o acharem que s\u00e3o suficientes para bater a meta, que pe\u00e7am para sair!<\/p>\n<p><strong>VERGONHA (MAIS DE 4 ANOS!):<\/strong><\/p>\n<p>DEPOIS DE AGUARDAR <strong> 59 MESES, OU SEJA, 4 ANOS E 11 MESES! (CARRO DESDE 10 DE JUNHO DE 2013)<\/strong> COM O CARRO PRESO NA OFICINA DA ABOLI\u00c7\u00c3O VE\u00cdCULOS COM APENAS 729 KM RODADOS, EM UM PROCESSO COM 8 VOLUMES, NA 1\u00aa VARA CIVEL, DA COMARCA DE NITER\u00d3I\/RJ, REGIONAL OCE\u00c2NICA, A SENTEN\u00c7A FOI INDEFERIR TODOS OS MEUS PEDIDOS E AINDA CONDENAR EM 10% DE CUSTAS JUDICIAIS. OU SEJA, FIQUEI SEM CARRO ESSE TEMPO TODO (MESMO PAGANDO \u00c0 VISTA POR ELE), JUNTEI PROVAS COMO REGISTRO DE OCORR\u00caNCIA DA POL\u00cdCIA CIVIL\/RJ, BOLETIM DE OCORR\u00caNCIA DA POLICIA MILITAR\/RJ, ORDENS DE SERVI\u00c7O, MAIS DE 600 FOTOGRAFIAS, MAIS DE 40 \u00c1UDIOS, NOTAS FISCAIS, NOTAS DE T\u00c1XI, PRONTU\u00c1RIOS M\u00c9DICOS, POIS NESTE PER\u00cdODO TIVE PROBLEMAS DE SA\u00daDE, BEM COMO MEUS FAMILIARES, TENDO UMA FILHA QUE HOJE TEM APENAS 5 ANOS, NA \u00c9POCA POUCO MAIS DE 1 ANINHO. VALE LEMBRAR, QUE OS PRIMEIROS DEFEITOS SE DERAM QUANDO O CARRO TINHA MENOS DE 30 KM RODADOS. TUDO ISSO PARA NADA. QUEM GOSTOU DO RESULTADO DA DOUTA MAGRISTRADA FORAM AS EMPRESAS R\u00c9S \u2013 QUE ME LESARAM \u2013 ABOLI\u00c7\u00c3O VE\u00cdCULOS E VW DO BRASIL <strong>(PROCESSO: No 0016370-44.2013.8.19.0212).<\/strong><\/p>\n<p><strong>AP\u00d3S AS TODAS AS PARTIDAS DO VASC\u00c3O EM MEU PERFIL DO FACEBOOK (QUEM QUISER RECEBER AS CR\u00d4NICAS DE PRIMEIRA M\u00c3O \u00c9 S\u00d3 ME ADICIONAR), E NO SITE WEBVASCO (www.webvasco.com), TEM A OPINI\u00c3O DO JORNALISTA LUIZ CARLOS ROCHA. LEIAM! COMPARTILHEM E CURTAM! VASCA\u00cdNOS UNIDOS JAMAIS SER\u00c3O VENCIDOS.<\/strong><\/p>\n","protected":false},"excerpt":{"rendered":"<p>Como diz a velha m\u00e1xima: Depois da casa arrombada n\u00e3o adianta colocar cadeado! O Vasco&#8230;<\/p>\n","protected":false},"author":7,"featured_media":0,"comment_status":"open","ping_status":"closed","sticky":false,"template":"","format":"standard","meta":{"footnotes":""},"categories":[4],"tags":[],"class_list":["post-8554","post","type-post","status-publish","format-standard","hentry","category-luizcarlosrocha"],"_links":{"self":[{"href":"https:\/\/webvasco.com\/artigos\/wp-json\/wp\/v2\/posts\/8554","targetHints":{"allow":["GET"]}}],"collection":[{"href":"https:\/\/webvasco.com\/artigos\/wp-json\/wp\/v2\/posts"}],"about":[{"href":"https:\/\/webvasco.com\/artigos\/wp-json\/wp\/v2\/types\/post"}],"author":[{"embeddable":true,"href":"https:\/\/webvasco.com\/artigos\/wp-json\/wp\/v2\/users\/7"}],"replies":[{"embeddable":true,"href":"https:\/\/webvasco.com\/artigos\/wp-json\/wp\/v2\/comments?post=8554"}],"version-history":[{"count":0,"href":"https:\/\/webvasco.com\/artigos\/wp-json\/wp\/v2\/posts\/8554\/revisions"}],"wp:attachment":[{"href":"https:\/\/webvasco.com\/artigos\/wp-json\/wp\/v2\/media?parent=8554"}],"wp:term":[{"taxonomy":"category","embeddable":true,"href":"https:\/\/webvasco.com\/artigos\/wp-json\/wp\/v2\/categories?post=8554"},{"taxonomy":"post_tag","embeddable":true,"href":"https:\/\/webvasco.com\/artigos\/wp-json\/wp\/v2\/tags?post=8554"}],"curies":[{"name":"wp","href":"https:\/\/api.w.org\/{rel}","templated":true}]}}